{"id":516333,"date":"2024-03-11T10:40:50","date_gmt":"2024-03-11T14:40:50","guid":{"rendered":"https:\/\/diarioelpopular.com\/?p=516333"},"modified":"2024-03-11T10:40:50","modified_gmt":"2024-03-11T14:40:50","slug":"las-insolvencias-seguiran-siendo-altas-en-canada-a-medida-que-la-economia-se-pone-al-dia-expertos","status":"publish","type":"post","link":"https:\/\/diarioelpopular.com\/index.php\/2024\/03\/11\/las-insolvencias-seguiran-siendo-altas-en-canada-a-medida-que-la-economia-se-pone-al-dia-expertos\/","title":{"rendered":"Las insolvencias seguir\u00e1n siendo altas en Canad\u00e1 a medida que la econom\u00eda se pone al d\u00eda: expertos"},"content":{"rendered":"<p><img loading=\"lazy\" decoding=\"async\" class=\"alignnone size-custom-full-size wp-image-516334\" src=\"https:\/\/diarioelpopular.com\/wp-content\/uploads\/2024\/03\/Screen-Shot-2024-03-11-at-10.40.16-AM-636x369.png\" alt=\"\" width=\"636\" height=\"369\" srcset=\"https:\/\/diarioelpopular.com\/wp-content\/uploads\/2024\/03\/Screen-Shot-2024-03-11-at-10.40.16-AM-636x369.png 636w, https:\/\/diarioelpopular.com\/wp-content\/uploads\/2024\/03\/Screen-Shot-2024-03-11-at-10.40.16-AM-300x174.png 300w, https:\/\/diarioelpopular.com\/wp-content\/uploads\/2024\/03\/Screen-Shot-2024-03-11-at-10.40.16-AM-768x446.png 768w, https:\/\/diarioelpopular.com\/wp-content\/uploads\/2024\/03\/Screen-Shot-2024-03-11-at-10.40.16-AM-126x73.png 126w, https:\/\/diarioelpopular.com\/wp-content\/uploads\/2024\/03\/Screen-Shot-2024-03-11-at-10.40.16-AM.png 1024w\" sizes=\"auto, (max-width: 636px) 100vw, 636px\" \/><\/p>\n<p>&nbsp;<\/p>\n<p>&nbsp;<\/p>\n<ul>\n<li><em><strong>Es probable que las insolvencias empresariales sigan siendo elevadas durante 2024, dijeron los expertos, a medida que la econom\u00eda se pone al d\u00eda despu\u00e9s de los niveles hist\u00f3ricamente bajos durante la pandemia.<\/strong><\/em><\/li>\n<\/ul>\n<p>&nbsp;<\/p>\n<p>\u201cTuvimos&#8230; tantos a\u00f1os de presentaciones artificialmente bajas. Tenemos bastante que ponernos al d\u00eda\u201d, dijo Natasha MacParland, socia de Davies Ward Phillips &amp; Vineberg LLP.<\/p>\n<p>Durante la pandemia se produjo un nivel hist\u00f3ricamente bajo de solicitudes de insolvencia, que incluyen procedimientos de quiebra y reestructuraci\u00f3n, a medida que se activaron los apoyos gubernamentales, pero en 2023 las cosas empezaron a normalizarse, dijo MacParland. Esa tendencia continuar\u00e1 hasta 2024.<\/p>\n<p>Las insolvencias empresariales en 2023 aumentaron un 41,4 por ciento en comparaci\u00f3n con 2022, seg\u00fan datos de la Superintendencia de Quiebras. En comparaci\u00f3n con 2019, aumentaron casi un 31 por ciento.<\/p>\n<p>En alg\u00fan momento de la segunda mitad de 2023, las insolvencias empresariales comenzaron a superar los niveles previos a la pandemia o de 2019. Pero eso no es necesariamente algo preocupante, afirm\u00f3 MacParland.<\/p>\n<p>\u201cMe habr\u00eda preocupado si de repente hubiera una avalancha de presentaciones. Pero me parece que esto es lo que hubiera esperado\u201d, dijo.<\/p>\n<p>Tambi\u00e9n se\u00f1al\u00f3 que 2019 fue un a\u00f1o m\u00e1s suave en cuanto a solicitudes de insolvencia y que un cierto nivel de insolvencias es saludable para la econom\u00eda.<\/p>\n<p>La insolvencia, que a menudo enfrenta una empresa cuando no puede pagar su deuda y otros gastos, incluye tanto quiebras como propuestas. Las quiebras significan que el negocio est\u00e1 cerrando, mientras que una propuesta ofrece una manera de reestructurarse.<\/p>\n<p>El apoyo del gobierno y los prestamistas pacientes mantuvieron bajos los niveles de insolvencia empresarial durante varios a\u00f1os, m\u00e1s de lo que esperaban los observadores de la industria, dijo Dina Kovacevic, editora de la publicaci\u00f3n comercial Insolvency Insider.<\/p>\n<p>\u201cEn 2023, vimos que los niveles de insolvencia comenzaron a aumentar cuando las empresas no pudieron pagar sus pr\u00e9stamos COVID. Los prestamistas empezaron a impacientarse un poco m\u00e1s\u201d, dijo Kovacevic.<\/p>\n<p>Ella est\u00e1 de acuerdo en que las cifras elevadas son una se\u00f1al de normalizaci\u00f3n.<\/p>\n<p>\u201cNo creo que haya ning\u00fan motivo de preocupaci\u00f3n en este momento. Creo que las cifras que estamos viendo todav\u00eda no son m\u00e1s altas de lo que esper\u00e1bamos. En todo caso, son a\u00fan m\u00e1s bajos\u201d, dijo.<\/p>\n<p>&#8220;Aunque hemos visto aumentos en el per\u00edodo pospand\u00e9mico, todav\u00eda no ha habido esa gran explosi\u00f3n de quiebras que todo el mundo esperaba desde que lleg\u00f3 la pandemia&#8221;.<\/p>\n<p>Es posible que algunas empresas que cierran hayan tenido dificultades antes del COVID-19, dijo Kovacevic, mientras que otras probablemente est\u00e9n en industrias desproporcionadamente afectadas por la pandemia, como los minoristas y los restaurantes.<\/p>\n<p>En 2024, tanto MacParland como Kovacevic esperan que la normalizaci\u00f3n contin\u00fae y que los niveles de insolvencia probablemente sigan siendo elevados en comparaci\u00f3n con los niveles anteriores a la pandemia, aunque, por supuesto, las cosas podr\u00edan cambiar dependiendo de c\u00f3mo le vaya a la econom\u00eda en general.<\/p>\n<p>Kovacevic a\u00f1adi\u00f3 que las cifras podr\u00edan empezar a disminuir en la \u00faltima parte de 2024, acerc\u00e1ndose a los niveles previos a la pandemia.<\/p>\n<p>Los procedimientos de las CCAA, que son similares a las propuestas de quiebra pero est\u00e1n dirigidos a empresas de cierto tama\u00f1o, tambi\u00e9n aumentaron sustancialmente en 2023, dijo Kovacevic.<\/p>\n<p>Enero, el mes m\u00e1s reciente para el que hay datos disponibles, registr\u00f3 un aumento interanual en las insolvencias empresariales, que se duplicaron con creces en comparaci\u00f3n con enero de 2023. Tambi\u00e9n fueron m\u00e1s del doble que las cifras de enero de 2020 antes de que comenzara la pandemia.<\/p>\n<p>La Federaci\u00f3n Canadiense de Empresas Independientes dijo que la fecha l\u00edmite de mediados de enero para que las empresas calificaran para la condonaci\u00f3n parcial de los pr\u00e9stamos pand\u00e9micos probablemente jug\u00f3 un papel importante en el aumento de las insolvencias empresariales ese mes.<\/p>\n<p>Las empresas ya estaban lidiando con la inflaci\u00f3n, la escasez de mano de obra, tasas de inter\u00e9s m\u00e1s altas y un gasto de consumo m\u00e1s d\u00e9bil, dijo Simon Gaudreault, economista jefe y vicepresidente de investigaci\u00f3n del CFIB. Ese plazo fue probablemente \u201cla gota que colm\u00f3 el vaso\u201d, dijo.<\/p>\n<p>Kovacevic dijo que probablemente no haya una sola raz\u00f3n para el aumento de enero, pero que algunas empresas pueden haberse sentido decepcionadas por la temporada navide\u00f1a.<\/p>\n<p>Es probable que las empresas m\u00e1s peque\u00f1as sean las que impulsen el aumento de las tasas de presentaci\u00f3n de solicitudes, seg\u00fan un informe de la firma MacParland. La proporci\u00f3n de quiebras respecto de propuestas aument\u00f3, lo que indica potencialmente menos opciones de refinanciamiento para las empresas y que las empresas m\u00e1s peque\u00f1as probablemente presenten m\u00e1s solicitudes que las grandes.<\/p>\n<p>\u201cA veces es dif\u00edcil saber a partir de las estad\u00edsticas qu\u00e9 est\u00e1 pasando exactamente, porque tambi\u00e9n se pueden utilizar propuestas para liquidar. \u2026 Pero podr\u00eda ser una indicaci\u00f3n, dadas las tasas de inter\u00e9s, de que las empresas no son capaces de refinanciar sobre una base que tenga sentido\u201d, dijo MacParland.<\/p>\n<p>Las peque\u00f1as empresas tienen menos posibilidades de reestructurarse, dijo MacParland, y muchas no presentan ninguna solicitud y optan simplemente por cerrar sus puertas.<\/p>\n<p>&#8220;Es posible que no presenten la solicitud, que simplemente cierren el negocio&#8221;, coincidi\u00f3 Kovacevic.<\/p>\n<p>El informe de Davies analiz\u00f3 los datos de Statistics Canada que estimaban el cierre de empresas y encontr\u00f3 que el n\u00famero de empresas que cerraban por mes fue mayor en la segunda mitad de 2023 que en la primera.<\/p>\n<p>&#8220;Esta diferencia puede indicar una mayor presi\u00f3n que enfrentan las empresas debido a per\u00edodos prolongados de incertidumbre econ\u00f3mica y presiones inflacionarias&#8221;, dice el informe.<\/p>\n<p>Tambi\u00e9n hubo una disminuci\u00f3n en la apertura de negocios en noviembre, se\u00f1ala el informe.<\/p>\n","protected":false},"excerpt":{"rendered":"<p>&nbsp; &nbsp; Es probable que las insolvencias empresariales sigan siendo elevadas durante 2024, dijeron los expertos, a medida que la econom\u00eda se pone al d\u00eda&hellip;<\/p>\n","protected":false},"author":99,"featured_media":516334,"comment_status":"open","ping_status":"open","sticky":false,"template":"","format":"standard","meta":{"footnotes":""},"categories":[21],"tags":[],"class_list":["post-516333","post","type-post","status-publish","format-standard","has-post-thumbnail","hentry","category-canada"],"_links":{"self":[{"href":"https:\/\/diarioelpopular.com\/index.php\/wp-json\/wp\/v2\/posts\/516333","targetHints":{"allow":["GET"]}}],"collection":[{"href":"https:\/\/diarioelpopular.com\/index.php\/wp-json\/wp\/v2\/posts"}],"about":[{"href":"https:\/\/diarioelpopular.com\/index.php\/wp-json\/wp\/v2\/types\/post"}],"author":[{"embeddable":true,"href":"https:\/\/diarioelpopular.com\/index.php\/wp-json\/wp\/v2\/users\/99"}],"replies":[{"embeddable":true,"href":"https:\/\/diarioelpopular.com\/index.php\/wp-json\/wp\/v2\/comments?post=516333"}],"version-history":[{"count":1,"href":"https:\/\/diarioelpopular.com\/index.php\/wp-json\/wp\/v2\/posts\/516333\/revisions"}],"predecessor-version":[{"id":516335,"href":"https:\/\/diarioelpopular.com\/index.php\/wp-json\/wp\/v2\/posts\/516333\/revisions\/516335"}],"wp:featuredmedia":[{"embeddable":true,"href":"https:\/\/diarioelpopular.com\/index.php\/wp-json\/wp\/v2\/media\/516334"}],"wp:attachment":[{"href":"https:\/\/diarioelpopular.com\/index.php\/wp-json\/wp\/v2\/media?parent=516333"}],"wp:term":[{"taxonomy":"category","embeddable":true,"href":"https:\/\/diarioelpopular.com\/index.php\/wp-json\/wp\/v2\/categories?post=516333"},{"taxonomy":"post_tag","embeddable":true,"href":"https:\/\/diarioelpopular.com\/index.php\/wp-json\/wp\/v2\/tags?post=516333"}],"curies":[{"name":"wp","href":"https:\/\/api.w.org\/{rel}","templated":true}]}}