{"id":516799,"date":"2024-03-13T10:05:53","date_gmt":"2024-03-13T14:05:53","guid":{"rendered":"https:\/\/diarioelpopular.com\/?p=516799"},"modified":"2024-03-13T10:05:53","modified_gmt":"2024-03-13T14:05:53","slug":"el-aumento-del-precio-del-carbono-causa-preocupacion-dicen-premiers-e-instan-a-hacer-una-pausa","status":"publish","type":"post","link":"https:\/\/diarioelpopular.com\/index.php\/2024\/03\/13\/el-aumento-del-precio-del-carbono-causa-preocupacion-dicen-premiers-e-instan-a-hacer-una-pausa\/","title":{"rendered":"El aumento del precio del carbono causa \u201cpreocupaci\u00f3n\u201d, dicen premiers e instan a hacer una pausa"},"content":{"rendered":"<p><img loading=\"lazy\" decoding=\"async\" class=\"alignnone size-custom-full-size wp-image-516800\" src=\"https:\/\/diarioelpopular.com\/wp-content\/uploads\/2024\/03\/Screen-Shot-2024-03-13-at-10.05.21-AM-636x479.png\" alt=\"\" width=\"636\" height=\"479\" srcset=\"https:\/\/diarioelpopular.com\/wp-content\/uploads\/2024\/03\/Screen-Shot-2024-03-13-at-10.05.21-AM-636x479.png 636w, https:\/\/diarioelpopular.com\/wp-content\/uploads\/2024\/03\/Screen-Shot-2024-03-13-at-10.05.21-AM-300x226.png 300w, https:\/\/diarioelpopular.com\/wp-content\/uploads\/2024\/03\/Screen-Shot-2024-03-13-at-10.05.21-AM-768x578.png 768w, https:\/\/diarioelpopular.com\/wp-content\/uploads\/2024\/03\/Screen-Shot-2024-03-13-at-10.05.21-AM-97x73.png 97w, https:\/\/diarioelpopular.com\/wp-content\/uploads\/2024\/03\/Screen-Shot-2024-03-13-at-10.05.21-AM.png 1024w\" sizes=\"auto, (max-width: 636px) 100vw, 636px\" \/><\/p>\n<p>&nbsp;<\/p>\n<ul>\n<li><em><strong>El premier liberal de Newfoundland y Labrador, Andrew Furey, est\u00e1 pidiendo al gobierno federal que ponga una pausa en el aumento previsto de su plan de precios del carbono el pr\u00f3ximo mes, y al menos otros dos primeros ministros est\u00e1n expresando su apoyo<\/strong><\/em><\/li>\n<\/ul>\n<p><em><strong>OTTAWA.-<\/strong> <\/em>En una carta al Primer Ministro Justin Trudeau publicada en X, Furey dijo que si bien su gobierno est\u00e1 \u201cprofundamente comprometido\u201d en la sostenibilidad ambiental, el aumento fijado para el 1 de abril \u201cest\u00e1 causando una preocupaci\u00f3n comprensible a medida que la gente considera c\u00f3mo manejar\u00e1n la creciente tensi\u00f3n financiera. &#8221;<\/p>\n<p>El llamado de Furey es el \u00faltimo al que se enfrentan los liberales federales, ya que el aumento de su precio federal del carbono, que se aplica en provincias y territorios sin planes propios que cumplan con los criterios federales establecidos, agregar\u00e1 3,5 centavos por litro al costo de la gasolina y cuatro centavos por litro en di\u00e9sel.<\/p>\n<p>Actualmente, el respaldo federal al carbono est\u00e1 fijado en 65 d\u00f3lares por tonelada, aumentando a 80 d\u00f3lares por tonelada el 1 de abril. El impuesto m\u00ednimo se duplicar\u00e1 con creces al final del actual calendario de aumento anual, alcanzando los 170 d\u00f3lares por tonelada para 2030.<\/p>\n<p>El premier conservador progresista de Ontario, Doug Ford y sus pares de Alberta, Danielle Smith y\u00a0 el de Saskatchewan, Scott Moe, que dirige el Partido conservador de esta provincia, expresaron su respaldo al llamado de Furey al volver a publicar la carta en sus propias cuentas X.<\/p>\n<p>&#8220;La gente en todo Canad\u00e1 est\u00e1 sufriendo en este momento por el alto costo de vida&#8221;, escribi\u00f3 Ford. &#8220;El gobierno federal debe poner fin al impuesto al carbono&#8221;.<\/p>\n<p>Tanto Ford como Moe se han opuesto anteriormente al plan de precios, y el primero anunci\u00f3 el mes pasado una ley planificada para exigir que cualquier futuro gobierno provincial someta a refer\u00e9ndum un nuevo programa de precios del carbono.<\/p>\n<p>En Saskatchewan, el gobierno de Moe anunci\u00f3 a finales de febrero que no condonar\u00eda a la Agencia Tributaria de Canad\u00e1 lo adeudado por facturas de calefacci\u00f3n dom\u00e9stica de la corporaci\u00f3n estatal SaskEnergy, una medida que el ministro de Medio Ambiente, Steven Guilbeault, calific\u00f3 de \u201cinmoral\u201d la semana pasada.<\/p>\n<p>Esa provincia ya hab\u00eda planeado dejar de cobrar el precio del carbono en las facturas de calefacci\u00f3n dom\u00e9stica en respuesta a la pausa de tres a\u00f1os de ese mismo impuesto al combustible para calefacci\u00f3n dom\u00e9stica, que fue criticado por beneficiar desproporcionadamente al Atl\u00e1ntico canadiense.<\/p>\n<p>Smith tambi\u00e9n critic\u00f3 la pausa en el precio del carbono del combustible para calefacci\u00f3n cuando se anunci\u00f3, diciendo que crea una mayor divisi\u00f3n en el pa\u00eds. El martes, dijo en X que la provincia estaba \u201chombro con hombro\u201d con la provincia de Furey, diciendo que el plan de precios hace la vida \u201cm\u00e1s inasequible y perjudica a las familias\u201d.<\/p>\n<p>El premier del NDP de Manitoba, Wab Kinew, tambi\u00e9n ha dicho que quiere volver a analizar c\u00f3mo se aplica el precio federal del carbono en la provincia, pero cualquier cambio podr\u00eda tardar hasta tres a\u00f1os.<\/p>\n<p>La carta de Furey contin\u00faa pidiendo a Ottawa que aborde las ramificaciones que actualmente enfrentan las familias y \u201cno las agrave\u201d, instando al gobierno a pausar el aumento hasta que la inflaci\u00f3n se enfr\u00ede, las tasas de inter\u00e9s bajen y las presiones sobre el costo de vida \u201cse enfr\u00eden significativamente\u201d. &#8221;<\/p>\n<p>Jesse Bartsoff, portavoz de la oficina de la viceprimera ministra y ministra de Finanzas, Chrystia Freeland, defendi\u00f3 el plan de fijaci\u00f3n de precios del carbono como la \u201cforma m\u00e1s rentable\u201d de proteger a las comunidades de impactos como huracanes en el Atl\u00e1ntico e incendios forestales.<\/p>\n<p>La carta de Furey tambi\u00e9n llega pocas semanas despu\u00e9s de que Ottawa cambiara el nombre de su programa de reembolso de precios de carbono en un esfuerzo por dejar m\u00e1s claro para qu\u00e9 sirve el reembolso cuando se deposita en las cuentas bancarias de los canadienses.<\/p>\n<p>El gobierno dijo en ese momento que alrededor del 80 por ciento de las peesonas obtienen m\u00e1s de los reembolsos de lo que pagan en concepto de precio del carbono.<\/p>\n<p>Los reembolsos para este a\u00f1o comenzaron a fluir en enero y se depositar\u00e1 otro en abril, donde el complemento para residentes en comunidades peque\u00f1as y rurales se duplicar\u00e1 hasta el 20 por ciento. En octubre de 2023, Trudeau anunci\u00f3 ese aumento como reconocimiento de las mayores necesidades energ\u00e9ticas y el acceso reducido a opciones de transporte m\u00e1s limpias en esas jurisdicciones.<\/p>\n<p>Hablando en segundo plano, una fuente del gobierno federal dijo que una decisi\u00f3n de los premiers de cancelar el Reembolso de Carbono de Canad\u00e1 ser\u00eda \u201cnetamente negativo\u201d. El funcionario escribi\u00f3 que cancelarlo \u201capuntar\u00eda especialmente a la gente de bajos ingresos\u201d, y se\u00f1al\u00f3 que una familia promedio de bajos ingresos recibe $430 m\u00e1s de lo que paga.<\/p>\n<p>Los conservadores federales han criticado el precio del carbono durante gran parte de su existencia, y el l\u00edder Pierre Poilievre prometi\u00f3 eliminarlo si el partido asume el gobierno en las pr\u00f3ximas elecciones.<\/p>\n<p>Poilievre tambi\u00e9n expres\u00f3 su propio apoyo al llamado de Furey el martes, pidiendo que se detenga el aumento planeado en X.<\/p>\n","protected":false},"excerpt":{"rendered":"<p>&nbsp; El premier liberal de Newfoundland y Labrador, Andrew Furey, est\u00e1 pidiendo al gobierno federal que ponga una pausa en el aumento previsto de su&hellip;<\/p>\n","protected":false},"author":99,"featured_media":516800,"comment_status":"open","ping_status":"open","sticky":false,"template":"","format":"standard","meta":{"footnotes":""},"categories":[21],"tags":[],"class_list":["post-516799","post","type-post","status-publish","format-standard","has-post-thumbnail","hentry","category-canada"],"_links":{"self":[{"href":"https:\/\/diarioelpopular.com\/index.php\/wp-json\/wp\/v2\/posts\/516799","targetHints":{"allow":["GET"]}}],"collection":[{"href":"https:\/\/diarioelpopular.com\/index.php\/wp-json\/wp\/v2\/posts"}],"about":[{"href":"https:\/\/diarioelpopular.com\/index.php\/wp-json\/wp\/v2\/types\/post"}],"author":[{"embeddable":true,"href":"https:\/\/diarioelpopular.com\/index.php\/wp-json\/wp\/v2\/users\/99"}],"replies":[{"embeddable":true,"href":"https:\/\/diarioelpopular.com\/index.php\/wp-json\/wp\/v2\/comments?post=516799"}],"version-history":[{"count":1,"href":"https:\/\/diarioelpopular.com\/index.php\/wp-json\/wp\/v2\/posts\/516799\/revisions"}],"predecessor-version":[{"id":516801,"href":"https:\/\/diarioelpopular.com\/index.php\/wp-json\/wp\/v2\/posts\/516799\/revisions\/516801"}],"wp:featuredmedia":[{"embeddable":true,"href":"https:\/\/diarioelpopular.com\/index.php\/wp-json\/wp\/v2\/media\/516800"}],"wp:attachment":[{"href":"https:\/\/diarioelpopular.com\/index.php\/wp-json\/wp\/v2\/media?parent=516799"}],"wp:term":[{"taxonomy":"category","embeddable":true,"href":"https:\/\/diarioelpopular.com\/index.php\/wp-json\/wp\/v2\/categories?post=516799"},{"taxonomy":"post_tag","embeddable":true,"href":"https:\/\/diarioelpopular.com\/index.php\/wp-json\/wp\/v2\/tags?post=516799"}],"curies":[{"name":"wp","href":"https:\/\/api.w.org\/{rel}","templated":true}]}}