{"id":516931,"date":"2024-03-21T09:13:34","date_gmt":"2024-03-21T13:13:34","guid":{"rendered":"https:\/\/diarioelpopular.com\/?p=516931"},"modified":"2024-03-21T09:13:34","modified_gmt":"2024-03-21T13:13:34","slug":"inflacion-cae-al-2-4-con-algunos-ahorros-en-el-supermercado-en-frutas-y-pescado","status":"publish","type":"post","link":"https:\/\/diarioelpopular.com\/index.php\/2024\/03\/21\/inflacion-cae-al-2-4-con-algunos-ahorros-en-el-supermercado-en-frutas-y-pescado\/","title":{"rendered":"Inflaci\u00f3n cae al 2,4% con algunos ahorros en el supermercado en frutas y pescado,"},"content":{"rendered":"<p><img loading=\"lazy\" decoding=\"async\" class=\"alignnone size-custom-big-size wp-image-516932\" src=\"https:\/\/diarioelpopular.com\/wp-content\/uploads\/2024\/03\/Screen-Shot-2024-03-21-at-9.12.59-AM-1200x676.png\" alt=\"\" width=\"1200\" height=\"676\" srcset=\"https:\/\/diarioelpopular.com\/wp-content\/uploads\/2024\/03\/Screen-Shot-2024-03-21-at-9.12.59-AM-1200x676.png 1200w, https:\/\/diarioelpopular.com\/wp-content\/uploads\/2024\/03\/Screen-Shot-2024-03-21-at-9.12.59-AM-300x169.png 300w, https:\/\/diarioelpopular.com\/wp-content\/uploads\/2024\/03\/Screen-Shot-2024-03-21-at-9.12.59-AM-768x432.png 768w, https:\/\/diarioelpopular.com\/wp-content\/uploads\/2024\/03\/Screen-Shot-2024-03-21-at-9.12.59-AM-636x358.png 636w, https:\/\/diarioelpopular.com\/wp-content\/uploads\/2024\/03\/Screen-Shot-2024-03-21-at-9.12.59-AM-130x73.png 130w, https:\/\/diarioelpopular.com\/wp-content\/uploads\/2024\/03\/Screen-Shot-2024-03-21-at-9.12.59-AM.png 1024w\" sizes=\"auto, (max-width: 1200px) 100vw, 1200px\" \/><\/p>\n<p>&nbsp;<\/p>\n<p>&nbsp;<\/p>\n<p>A medida que la inflaci\u00f3n de los alimentos disminuye lentamente en las tiendas de comestibles, un experto se\u00f1ala c\u00f3mo se pueden encontrar ahorros en los mostradores de mariscos y carnes y entre las frutas frescas.<\/p>\n<p>&nbsp;<\/p>\n<p>Sylvain Charlebois, director del Laboratorio de An\u00e1lisis Agroalimentario (AAL) de la Universidad de Dalhousie, dijo que el precio del tocino y las verduras subi\u00f3 en febrero, pero las frutas frescas y el pescado bajaron.<\/p>\n<p>&#8220;El pescado ha bajado mucho y eso se debe al hecho de que la gente busca prote\u00ednas m\u00e1s baratas y ve el mostrador de mariscos como un lugar caro al que ir&#8221;, dijo Charlebois.<\/p>\n<p>Adem\u00e1s, el analista de alimentos tambi\u00e9n dijo que la gente puede encontrar mejores ofertas en los pasillos de alimentos congelados. El mostrador de carnes tambi\u00e9n es asequible para los bolsillos: el tocino es la \u00fanica carne que ha subido de precio.<\/p>\n<p>(Revis\u00e9 si el tocino era en realidad un corte de carne, pero parece que est\u00e1 hecho de varios cortes de carne&#8230; as\u00ed que opt\u00e9 por usar la palabra &#8220;carne&#8221; como t\u00e9rmino general en lugar de &#8220;corte&#8221;. )<\/p>\n<p>Los datos publicados por Statistics Canada mostraron que la inflaci\u00f3n cay\u00f3 al 2,4 por ciento, la primera vez desde octubre de 2021. No super\u00f3 la inflaci\u00f3n general.<\/p>\n<p>&#8220;Creo que la gente deber\u00eda sentirse tranquila&#8221;, afirm\u00f3 Charlebois. &#8220;Los precios siguen subiendo, pero a un ritmo mucho, mucho m\u00e1s lento&#8221;.<\/p>\n<p>Sin embargo, los ahorros no han sido obvios para los compradores.<\/p>\n<p>&#8220;Tal vez llegue el pr\u00f3ximo mes, pero no he visto mucho&#8221;, dijo Noella Lebrun, una compradora en Fredericton, N.B.<\/p>\n<p>El jam\u00f3n es m\u00e1s barato que el mes anterior, se\u00f1al\u00f3 Charlebois, y hay buenas ofertas en la secci\u00f3n de l\u00e1cteos. Tambi\u00e9n dijo que las prote\u00ednas vegetales como el tofu, el hummus y los frijoles secos aumentan en comparaci\u00f3n con la carne.<\/p>\n<p>&#8220;Sospecho que los tenderos est\u00e1n motivados para que algunas personas vuelvan al mostrador de carne&#8221;, dijo Charlebois. &#8220;Y la gente deber\u00eda aprovechar eso&#8221;.<\/p>\n<p>Seg\u00fan Statistics Canada, el coste de la fruta, los preparados de fruta y los frutos secos tambi\u00e9n baj\u00f3.<\/p>\n<p>Si bien las verduras fueron m\u00e1s caras en febrero, Charlebois se\u00f1al\u00f3 que esto no es fuera de lo com\u00fan.<\/p>\n<p>&#8220;En realidad, febrero es uno de los meses m\u00e1s vol\u00e1tiles del a\u00f1o, por lo que creo que el informe de este mes es bastante tranquilizador&#8221;, afirm\u00f3.<\/p>\n","protected":false},"excerpt":{"rendered":"<p>&nbsp; &nbsp; A medida que la inflaci\u00f3n de los alimentos disminuye lentamente en las tiendas de comestibles, un experto se\u00f1ala c\u00f3mo se pueden encontrar ahorros&hellip;<\/p>\n","protected":false},"author":99,"featured_media":516932,"comment_status":"open","ping_status":"open","sticky":false,"template":"","format":"standard","meta":{"footnotes":""},"categories":[21,11191],"tags":[],"class_list":["post-516931","post","type-post","status-publish","format-standard","has-post-thumbnail","hentry","category-canada","category-top-news"],"_links":{"self":[{"href":"https:\/\/diarioelpopular.com\/index.php\/wp-json\/wp\/v2\/posts\/516931","targetHints":{"allow":["GET"]}}],"collection":[{"href":"https:\/\/diarioelpopular.com\/index.php\/wp-json\/wp\/v2\/posts"}],"about":[{"href":"https:\/\/diarioelpopular.com\/index.php\/wp-json\/wp\/v2\/types\/post"}],"author":[{"embeddable":true,"href":"https:\/\/diarioelpopular.com\/index.php\/wp-json\/wp\/v2\/users\/99"}],"replies":[{"embeddable":true,"href":"https:\/\/diarioelpopular.com\/index.php\/wp-json\/wp\/v2\/comments?post=516931"}],"version-history":[{"count":1,"href":"https:\/\/diarioelpopular.com\/index.php\/wp-json\/wp\/v2\/posts\/516931\/revisions"}],"predecessor-version":[{"id":516933,"href":"https:\/\/diarioelpopular.com\/index.php\/wp-json\/wp\/v2\/posts\/516931\/revisions\/516933"}],"wp:featuredmedia":[{"embeddable":true,"href":"https:\/\/diarioelpopular.com\/index.php\/wp-json\/wp\/v2\/media\/516932"}],"wp:attachment":[{"href":"https:\/\/diarioelpopular.com\/index.php\/wp-json\/wp\/v2\/media?parent=516931"}],"wp:term":[{"taxonomy":"category","embeddable":true,"href":"https:\/\/diarioelpopular.com\/index.php\/wp-json\/wp\/v2\/categories?post=516931"},{"taxonomy":"post_tag","embeddable":true,"href":"https:\/\/diarioelpopular.com\/index.php\/wp-json\/wp\/v2\/tags?post=516931"}],"curies":[{"name":"wp","href":"https:\/\/api.w.org\/{rel}","templated":true}]}}