{"id":517301,"date":"2024-03-26T09:12:15","date_gmt":"2024-03-26T13:12:15","guid":{"rendered":"https:\/\/diarioelpopular.com\/?p=517301"},"modified":"2024-03-26T09:12:15","modified_gmt":"2024-03-26T13:12:15","slug":"cronicas-jesus-alegre","status":"publish","type":"post","link":"https:\/\/diarioelpopular.com\/index.php\/2024\/03\/26\/cronicas-jesus-alegre\/","title":{"rendered":"CR\u00d3NICAS: Jes\u00fas Alegre"},"content":{"rendered":"<p>&nbsp;<\/p>\n<p><img loading=\"lazy\" decoding=\"async\" class=\"alignnone size-custom-full-size wp-image-517302\" src=\"https:\/\/diarioelpopular.com\/wp-content\/uploads\/2024\/03\/Screen-Shot-2024-03-25-at-10.41.02-AM-636x447.png\" alt=\"\" width=\"636\" height=\"447\" srcset=\"https:\/\/diarioelpopular.com\/wp-content\/uploads\/2024\/03\/Screen-Shot-2024-03-25-at-10.41.02-AM-636x447.png 636w, https:\/\/diarioelpopular.com\/wp-content\/uploads\/2024\/03\/Screen-Shot-2024-03-25-at-10.41.02-AM-300x211.png 300w, https:\/\/diarioelpopular.com\/wp-content\/uploads\/2024\/03\/Screen-Shot-2024-03-25-at-10.41.02-AM-768x540.png 768w, https:\/\/diarioelpopular.com\/wp-content\/uploads\/2024\/03\/Screen-Shot-2024-03-25-at-10.41.02-AM-80x55.png 80w, https:\/\/diarioelpopular.com\/wp-content\/uploads\/2024\/03\/Screen-Shot-2024-03-25-at-10.41.02-AM-104x73.png 104w, https:\/\/diarioelpopular.com\/wp-content\/uploads\/2024\/03\/Screen-Shot-2024-03-25-at-10.41.02-AM.png 1024w\" sizes=\"auto, (max-width: 636px) 100vw, 636px\" \/><\/p>\n<p>&nbsp;<\/p>\n<p class=\"p1\"><em><strong>Por: Luc\u00eda P. de Garc\u00eda<\/strong><\/em><\/p>\n<p class=\"p1\"><em><strong>Toronto.-<\/strong><\/em> Para el mundo cristiano, Semana Santa evoca el Calvario de Jes\u00fas, tambi\u00e9n llamado Cristo debido a que se le considera el Mes\u00edas que profetiza la Biblia en el Antiguo Testamento. Si bien durante estos d\u00edas se le muestra triste, sufrido, Jesucristo debe haber sido alegre, de ah\u00ed su don de gentes complementado por su mensaje siempre claro, profundo, esperanzador.<\/p>\n<p class=\"p1\">Imaginemos cu\u00e1nto cari\u00f1o y ternura debe haber inspirado como reci\u00e9n nacido a Mar\u00eda y a Jos\u00e9, a los pastores que llegaron al portal de Bel\u00e9n invitados por los \u00e1ngeles, a los reyes magos que le conocieron d\u00edas despu\u00e9s. Pensemos cu\u00e1nta gracia deben haber suscitado sus primeros pasos, sus primeras palabras, sus travesuras que se cuentan cual leyenda, entre ellas, dar al barro la forma de un pajarito y soplarle para hacerlo volar. A los 12 a\u00f1os de edad, entrando a la adolescencia, Jes\u00fas les hizo pasar un gran susto a sus padres cuando, al regresar de Jerusal\u00e9n luego de la fiesta de la Pascua a la que asist\u00edan anualmente, \u00e9stos se dieron cuenta de que no estaba en la caravana familiar, por lo que regresaron en su b\u00fasqueda; a los tres d\u00edas le encontraron en el templo, maravillando con sus conocimientos a los doctores de la ley.<span class=\"Apple-converted-space\">\u00a0<\/span><\/p>\n<p class=\"p1\">Ya adulto, Jes\u00fas daba preferencia a los infantes, \u201cdejad que los ni\u00f1os vengan a m\u00ed\u201d dec\u00eda, mientras jugaba con ellos y les consent\u00eda. Con los adolescentes debe haber sido muy comprensivo, volvi\u00e9ndose uno m\u00e1s de ellos, como lo hizo con Juan, el menor de sus disc\u00edpulos.<span class=\"Apple-converted-space\">\u00a0<\/span><\/p>\n<p class=\"p1\">Su primer milagro lo realiz\u00f3 en Cana\u00e1n. Mientras asist\u00eda a un festejo de boda con sus amigos y su<span class=\"Apple-converted-space\">\u00a0 <\/span>madre, ella se le acerc\u00f3 para indicarle que se hab\u00eda terminado el vino y que hiciera algo para que los anfitriones no quedaran mal. Entonces Jesucristo, dando ejemplo de obediencia a Mar\u00eda, lo cual exaltaba el sitial de la mujer, convirti\u00f3 varias garrafas de agua en vino. El portento increment\u00f3 el jolgorio en el que \u00c9l debe haber participado muy a gusto, de lo contrario hubiera quedado como un \u201caguafiestas\u201d. <span class=\"Apple-converted-space\">\u00a0<\/span><\/p>\n<p class=\"p1\">Se dice que Jes\u00fas era de ojos y pelo obscuro, piel tostada por el sol, alto, de contextura fuerte. Gran caminante, expuesto a las inclemencias del medioambiente, jovial, ocurrido, alegre, extremadamente simp\u00e1tico, de gran personalidad y atractivo varonil, debe haber llamado la atenci\u00f3n de las mujeres y posiblemente debe haber conquistado el coraz\u00f3n de Mar\u00eda Magdalena, como se especula. Y, como toda persona, Jes\u00fas ten\u00eda hambre, sed, cansancio, sue\u00f1o, instinto sexual, bendici\u00f3n divina por la cual los seres humanos nos multiplicamos con amor, lo que le permiti\u00f3 comprender mejor las flaquezas de la carne y perdonarlas&#8230;<\/p>\n<p class=\"p1\">En cuanto a sus \u201cpanas\u201d (palabra ind\u00edgena que significa amigo muy cercano), los 12 ap\u00f3stoles que le acompa\u00f1aban en todas sus actividades, es de pensar que se fueron integrando atra\u00eddos por su bondad, confianza, camarader\u00eda. Ellos no fueron los \u00fanicos. Varias mujeres tambi\u00e9n le segu\u00edan: su madre, parientes y amigas como Martha y Mar\u00eda de Betania hermanas de L\u00e1zaro, Mar\u00eda Magdalena \u201cdistinguida disc\u00edpula\u201d. Ellas apoyaban al grupo en detalles como preparar los alimentos o adecuar los lugares donde pernoctar\u00edan. Esa gran familia disfrutaba de momentos de ocio, espiritualidad y aprendizaje que les brindaba con alegr\u00eda su Maestro.<\/p>\n<p class=\"p1\">Se cuenta que Pedro era el centro de las chanzas por las consideraciones que ten\u00eda con su suegra; que Judas Iscariote se acarreaba otras mofas por haber sido recaudador de impuestos; que a los gemelos Judas y Santiago de Alfeo se les embromaba por su particularidad. Cu\u00e1nto habr\u00e1n re\u00eddo todos ante el disgusto de los fariseos cuando el Maestro les se\u00f1alaba como \u201csepulcros blanqueados\u201d pues s\u00f3lo se daban golpes de pecho mientras llevaban la religi\u00f3n a nivel superficial y seg\u00fan sus intereses. Cu\u00e1ntas carcajadas habr\u00e1n proferido al evocar las caras de susto que pusieron los comerciantes que desalojaron al apuro el Templo cuando Jesucristo ingres\u00f3 a los sagrados aposentos con un l\u00e1tigo y derrib\u00f3 mesas y cajones con dinero, mientras les dec\u00eda: \u201cEscrito est\u00e1: Mi casa, casa de oraci\u00f3n ser\u00e1 llamada; mas vosotros la hab\u00e9is hecho cueva de ladrones\u201d. Esta es la \u00fanica ocasi\u00f3n que se habla de un Jes\u00fas disgustado. <span class=\"Apple-converted-space\">\u00a0<\/span><\/p>\n<p class=\"p1\">El tambi\u00e9n llamado Nazareno debe haber subyugado a las masas con sus par\u00e1bolas, que si bien nos parecen muy serias ahora por la trascendencia que se ha dado a su interpretaci\u00f3n, en ese entonces debe haber causado hilaridad que \u00c9l diga por ejemplo, que nadie puede remendar su traje viejo con un pa\u00f1o nuevo porque aquel se rasgar\u00eda; o que a los ricos les ser\u00e1 tan dif\u00edcil entrar en el Reino de los Cielos como a un camello atravesar el ojo de una aguja.<span class=\"Apple-converted-space\">\u00a0<\/span><\/p>\n<p class=\"p1\">Llenos de recelos por la popularidad del Maestro, de sus ense\u00f1anzas, de sus reflexiones, de su ejemplo de vida, los fariseos empezaron a acusarle de perturbar el orden p\u00fablico con sus milagros; de transgredir las costumbres al conversar con prostitutas, comer y beber con pecadores, curar los s\u00e1bados; de hacer tambalear las tradiciones religiosas al resucitar muertos, absolver los pecados, autoproclamarse \u201cHijo de Dios\u201d; de conspirar contra Roma con sus palabras, algo que no perdonaban los romanos.<span class=\"Apple-converted-space\">\u00a0<\/span><\/p>\n<p class=\"p1\">Por todo eso le encarcelaron, torturaron, crucificaron. Al tercer d\u00eda resucit\u00f3, cumpli\u00e9ndose as\u00ed las Sagradas Escrituras. Nuevamente exaltando a la mujer, fue Mar\u00eda Magdalena la primera en descubrir su tumba vac\u00eda, la primera persona ante la cual Jesucristo se present\u00f3 y la primera con quien convers\u00f3. Despu\u00e9s lo hizo ante su madre y sus disc\u00edpulos, a quienes encarg\u00f3 la misi\u00f3n de llevar su Evangelio a todos los confines del mundo. Luego subi\u00f3 a los Cielos, donde nos espera para juntos alabar a Dios Padre, no en forma protocolaria y ceremoniosa, un Cielo as\u00ed ser\u00eda terriblemente aburrido, sino con un festejo desbordante de dicha, paz, amor. S\u00ed, all\u00e1 nos espera el Jes\u00fas alegre, para generosamente compartirnos la felicidad eterna&#8230;<\/p>\n","protected":false},"excerpt":{"rendered":"<p>&nbsp; &nbsp; Por: Luc\u00eda P. de Garc\u00eda Toronto.- Para el mundo cristiano, Semana Santa evoca el Calvario de Jes\u00fas, tambi\u00e9n llamado Cristo debido a que&hellip;<\/p>\n","protected":false},"author":99,"featured_media":517302,"comment_status":"open","ping_status":"open","sticky":false,"template":"","format":"standard","meta":{"footnotes":""},"categories":[21,11362],"tags":[],"class_list":["post-517301","post","type-post","status-publish","format-standard","has-post-thumbnail","hentry","category-canada","category-cronicas"],"_links":{"self":[{"href":"https:\/\/diarioelpopular.com\/index.php\/wp-json\/wp\/v2\/posts\/517301","targetHints":{"allow":["GET"]}}],"collection":[{"href":"https:\/\/diarioelpopular.com\/index.php\/wp-json\/wp\/v2\/posts"}],"about":[{"href":"https:\/\/diarioelpopular.com\/index.php\/wp-json\/wp\/v2\/types\/post"}],"author":[{"embeddable":true,"href":"https:\/\/diarioelpopular.com\/index.php\/wp-json\/wp\/v2\/users\/99"}],"replies":[{"embeddable":true,"href":"https:\/\/diarioelpopular.com\/index.php\/wp-json\/wp\/v2\/comments?post=517301"}],"version-history":[{"count":1,"href":"https:\/\/diarioelpopular.com\/index.php\/wp-json\/wp\/v2\/posts\/517301\/revisions"}],"predecessor-version":[{"id":517303,"href":"https:\/\/diarioelpopular.com\/index.php\/wp-json\/wp\/v2\/posts\/517301\/revisions\/517303"}],"wp:featuredmedia":[{"embeddable":true,"href":"https:\/\/diarioelpopular.com\/index.php\/wp-json\/wp\/v2\/media\/517302"}],"wp:attachment":[{"href":"https:\/\/diarioelpopular.com\/index.php\/wp-json\/wp\/v2\/media?parent=517301"}],"wp:term":[{"taxonomy":"category","embeddable":true,"href":"https:\/\/diarioelpopular.com\/index.php\/wp-json\/wp\/v2\/categories?post=517301"},{"taxonomy":"post_tag","embeddable":true,"href":"https:\/\/diarioelpopular.com\/index.php\/wp-json\/wp\/v2\/tags?post=517301"}],"curies":[{"name":"wp","href":"https:\/\/api.w.org\/{rel}","templated":true}]}}