{"id":517348,"date":"2024-03-28T08:34:08","date_gmt":"2024-03-28T12:34:08","guid":{"rendered":"https:\/\/diarioelpopular.com\/?p=517348"},"modified":"2024-03-28T08:34:08","modified_gmt":"2024-03-28T12:34:08","slug":"la-poblacion-de-canada-ya-esta-en-41-millones-apenas-unos-meses-despues-de-alcanzar-los-40-millones","status":"publish","type":"post","link":"https:\/\/diarioelpopular.com\/index.php\/2024\/03\/28\/la-poblacion-de-canada-ya-esta-en-41-millones-apenas-unos-meses-despues-de-alcanzar-los-40-millones\/","title":{"rendered":"La poblaci\u00f3n de Canad\u00e1 ya est\u00e1 en 41 millones apenas unos meses despu\u00e9s de alcanzar los 40 millones."},"content":{"rendered":"<p><img loading=\"lazy\" decoding=\"async\" class=\"alignnone size-custom-full-size wp-image-517349\" src=\"https:\/\/diarioelpopular.com\/wp-content\/uploads\/2024\/03\/Screen-Shot-2024-03-28-at-8.33.40-AM-636x480.png\" alt=\"\" width=\"636\" height=\"480\" srcset=\"https:\/\/diarioelpopular.com\/wp-content\/uploads\/2024\/03\/Screen-Shot-2024-03-28-at-8.33.40-AM-636x480.png 636w, https:\/\/diarioelpopular.com\/wp-content\/uploads\/2024\/03\/Screen-Shot-2024-03-28-at-8.33.40-AM-300x226.png 300w, https:\/\/diarioelpopular.com\/wp-content\/uploads\/2024\/03\/Screen-Shot-2024-03-28-at-8.33.40-AM-768x579.png 768w, https:\/\/diarioelpopular.com\/wp-content\/uploads\/2024\/03\/Screen-Shot-2024-03-28-at-8.33.40-AM-97x73.png 97w, https:\/\/diarioelpopular.com\/wp-content\/uploads\/2024\/03\/Screen-Shot-2024-03-28-at-8.33.40-AM.png 1024w\" sizes=\"auto, (max-width: 636px) 100vw, 636px\" \/><\/p>\n<p>&nbsp;<\/p>\n<p>&nbsp;<\/p>\n<ul>\n<li><em><strong>En junio del a\u00f1o pasado, Canad\u00e1 fue noticia despu\u00e9s de que su poblaci\u00f3n alcanzara la marca de los 40 millones. Menos de un a\u00f1o despu\u00e9s, ha alcanzado otro hito.<\/strong><\/em><\/li>\n<\/ul>\n<p>&nbsp;<\/p>\n<p><em><strong>OTTAWA.-<\/strong><\/em> El reloj de poblaci\u00f3n de Statistics Canada rastrea los &#8220;cambios en tiempo real en el tama\u00f1o de la poblaci\u00f3n canadiense y las provincias y territorios&#8221;. El rastreador mide los cambios teniendo en cuenta la tasa de nacimientos, muertes, inmigrantes, emigrantes, residentes no permanentes y migrantes interprovinciales.<\/p>\n<p>El 18 de marzo, Daily Hive utiliz\u00f3 el reloj para rastrear la poblaci\u00f3n del pa\u00eds en 40.961.644. Seg\u00fan el ritmo de estos cambios, pensamos que Canad\u00e1 alcanzar\u00eda la cifra de 41 millones en alg\u00fan momento a principios de abril.<\/p>\n<p>Pero al mediod\u00eda de este 27 de marzo, la poblaci\u00f3n de Canad\u00e1 lleg\u00f3 a 41.000.180.<\/p>\n<p>Ontario sigue siendo la provincia m\u00e1s poblada, con 15.992.501 habitantes, seguida de Quebec, con una poblaci\u00f3n de 9.028.071, y BC, con 5.639.715. Nunavut es actualmente el m\u00e1s peque\u00f1o, con una poblaci\u00f3n de s\u00f3lo 40.511 habitantes, frente a los 40.975 del 18 de marzo.<\/p>\n<p>En un v\u00eddeo, el director de la divisi\u00f3n de demograf\u00eda de Statistics Canada explic\u00f3: &#8220;Las estimaciones de poblaci\u00f3n de Statistics Canada se utilizan en el contexto de muchos programas gubernamentales&#8221;.<\/p>\n<p>Seg\u00fan un informe de Statistics Canada publicado el 27 de marzo, Canad\u00e1 experiment\u00f3 su mayor crecimiento poblacional anual en 2023.<\/p>\n<p>&#8220;El 1 de enero de 2024, la poblaci\u00f3n de Canad\u00e1 alcanz\u00f3 los 40.769.890 habitantes, lo que corresponde a un aumento de 1.271.872 personas en comparaci\u00f3n con el 1 de enero de 2023&#8221;, se lee en un informe de poblaci\u00f3n de Statistics Canada publicado este mi\u00e9rcoles 27 de marzo. &#8220;Se trata del mayor crecimiento demogr\u00e1fico anual tasa (+3,2 por ciento) en Canad\u00e1 desde 1957 (+3,3 por ciento).&#8221;<\/p>\n<p>Naturalmente, la poblaci\u00f3n aument\u00f3 s\u00f3lo un 2,4 por ciento. El bajo aumento podr\u00eda atribuirse en parte a que la tasa de fertilidad de Canad\u00e1 alcanz\u00f3 un m\u00ednimo hist\u00f3rico en 2022 (1,33 hijos por mujer).<\/p>\n<p>Por otro lado, el 97,6 por ciento del aumento de poblaci\u00f3n de 2023 provino de la inmigraci\u00f3n internacional temporal y permanente).<\/p>\n<p>Para poner en perspectiva este r\u00e1pido crecimiento demogr\u00e1fico, Canad\u00e1 inform\u00f3 una poblaci\u00f3n de 35.540.400 hace 10 a\u00f1os.<\/p>\n<p>&#8220;Excepto en el per\u00edodo comprendido entre 1986\/1987 y 1989\/1990, cuando las tasas fueron m\u00e1s altas, la tasa de crecimiento demogr\u00e1fico general ha mostrado poca variaci\u00f3n en 30 a\u00f1os, oscilando entre el 0,8 por ciento y el 1,2 por ciento&#8221;, dijo Statistics Canada en el verano de 2014.<\/p>\n","protected":false},"excerpt":{"rendered":"<p>&nbsp; &nbsp; En junio del a\u00f1o pasado, Canad\u00e1 fue noticia despu\u00e9s de que su poblaci\u00f3n alcanzara la marca de los 40 millones. Menos de un&hellip;<\/p>\n","protected":false},"author":99,"featured_media":517349,"comment_status":"open","ping_status":"open","sticky":false,"template":"","format":"standard","meta":{"footnotes":""},"categories":[21],"tags":[],"class_list":["post-517348","post","type-post","status-publish","format-standard","has-post-thumbnail","hentry","category-canada"],"_links":{"self":[{"href":"https:\/\/diarioelpopular.com\/index.php\/wp-json\/wp\/v2\/posts\/517348","targetHints":{"allow":["GET"]}}],"collection":[{"href":"https:\/\/diarioelpopular.com\/index.php\/wp-json\/wp\/v2\/posts"}],"about":[{"href":"https:\/\/diarioelpopular.com\/index.php\/wp-json\/wp\/v2\/types\/post"}],"author":[{"embeddable":true,"href":"https:\/\/diarioelpopular.com\/index.php\/wp-json\/wp\/v2\/users\/99"}],"replies":[{"embeddable":true,"href":"https:\/\/diarioelpopular.com\/index.php\/wp-json\/wp\/v2\/comments?post=517348"}],"version-history":[{"count":1,"href":"https:\/\/diarioelpopular.com\/index.php\/wp-json\/wp\/v2\/posts\/517348\/revisions"}],"predecessor-version":[{"id":517350,"href":"https:\/\/diarioelpopular.com\/index.php\/wp-json\/wp\/v2\/posts\/517348\/revisions\/517350"}],"wp:featuredmedia":[{"embeddable":true,"href":"https:\/\/diarioelpopular.com\/index.php\/wp-json\/wp\/v2\/media\/517349"}],"wp:attachment":[{"href":"https:\/\/diarioelpopular.com\/index.php\/wp-json\/wp\/v2\/media?parent=517348"}],"wp:term":[{"taxonomy":"category","embeddable":true,"href":"https:\/\/diarioelpopular.com\/index.php\/wp-json\/wp\/v2\/categories?post=517348"},{"taxonomy":"post_tag","embeddable":true,"href":"https:\/\/diarioelpopular.com\/index.php\/wp-json\/wp\/v2\/tags?post=517348"}],"curies":[{"name":"wp","href":"https:\/\/api.w.org\/{rel}","templated":true}]}}