{"id":517444,"date":"2024-04-04T09:49:53","date_gmt":"2024-04-04T13:49:53","guid":{"rendered":"https:\/\/diarioelpopular.com\/?p=517444"},"modified":"2024-04-04T09:49:53","modified_gmt":"2024-04-04T13:49:53","slug":"los-canadienses-no-confian-en-ningun-politico-esto-es-lo-que-dijeron","status":"publish","type":"post","link":"https:\/\/diarioelpopular.com\/index.php\/2024\/04\/04\/los-canadienses-no-confian-en-ningun-politico-esto-es-lo-que-dijeron\/","title":{"rendered":"Los canadienses no conf\u00edan en ning\u00fan pol\u00edtico. Esto es lo que dijeron"},"content":{"rendered":"<p><img loading=\"lazy\" decoding=\"async\" class=\"alignnone size-custom-full-size wp-image-517445\" src=\"https:\/\/diarioelpopular.com\/wp-content\/uploads\/2024\/04\/Screen-Shot-2024-04-04-at-9.49.20-AM-636x322.png\" alt=\"\" width=\"636\" height=\"322\" srcset=\"https:\/\/diarioelpopular.com\/wp-content\/uploads\/2024\/04\/Screen-Shot-2024-04-04-at-9.49.20-AM-636x322.png 636w, https:\/\/diarioelpopular.com\/wp-content\/uploads\/2024\/04\/Screen-Shot-2024-04-04-at-9.49.20-AM-300x152.png 300w, https:\/\/diarioelpopular.com\/wp-content\/uploads\/2024\/04\/Screen-Shot-2024-04-04-at-9.49.20-AM-768x389.png 768w, https:\/\/diarioelpopular.com\/wp-content\/uploads\/2024\/04\/Screen-Shot-2024-04-04-at-9.49.20-AM-144x73.png 144w, https:\/\/diarioelpopular.com\/wp-content\/uploads\/2024\/04\/Screen-Shot-2024-04-04-at-9.49.20-AM.png 1024w\" sizes=\"auto, (max-width: 636px) 100vw, 636px\" \/><\/p>\n<p>&nbsp;<\/p>\n<p>&nbsp;<\/p>\n<ul>\n<li><em><strong>Cuando se les pregunt\u00f3 sobre la gesti\u00f3n econ\u00f3mica, los canadienses son m\u00e1s propensos a decir que no conf\u00edan en ning\u00fan partido pol\u00edtico que a decir que confiaban en los liberales del primer ministro Trudeau.<\/strong><\/em><\/li>\n<\/ul>\n<p>&nbsp;<\/p>\n<p>Seg\u00fan una nueva encuesta realizada por Nanos Research para Power Play del canal CTV News, los conservadores salen victoriosos cuando se les pregunt\u00f3 a los canadienses en qui\u00e9n conf\u00edan m\u00e1s para &#8220;administrar responsablemente las finanzas del Gobierno de Canad\u00e1&#8221;.<\/p>\n<p>El partido del l\u00edder conservador Pierre Poilievre tiene una ventaja de 16 puntos sobre los liberales en esta cuesti\u00f3n, con un 35 por ciento de los encuestados diciendo que conf\u00edan m\u00e1s en los conservadores que en Trudeau. La siguiente respuesta m\u00e1s com\u00fan fue &#8220;No conf\u00edo en nadie&#8221;, que fue lo que sinti\u00f3 el 21 por ciento de los encuestados.<\/p>\n<p>Los liberales de Justin Trudeau fueron confiables entre el 19 por ciento de los encuestados. El partido del l\u00edder del NDP, Jagmeet Singh, qued\u00f3 en cuarto lugar, y el 10 por ciento de los encuestados afirm\u00f3 que son los que m\u00e1s conf\u00edan en los Nuevos Dem\u00f3cratas para gestionar las finanzas gubernamentales. Otro siete por ciento de los encuestados dijo que &#8220;no hay diferencia&#8221;.<\/p>\n<p>La encuesta se realiz\u00f3 entre el 31 de marzo y el 1 de abril, d\u00edas despu\u00e9s de que el gobierno federal liberal se embarcara en una gira por todo Canad\u00e1 para anunciar el gasto previo al presupuesto con el objetivo de maximizar la atenci\u00f3n sobre una serie de nuevas iniciativas dirigidas a los votantes m\u00e1s j\u00f3venes que se incluir\u00e1n en el cargo de Viceprimer Ministro. y el presupuesto federal del 16 de abril de la ministra de Finanzas, Chrystia Freeland.<\/p>\n<p>Seg\u00fan las cifras de Nanos, cuando se analiza espec\u00edficamente el grupo de edad de 18 a 34 a\u00f1os, los conservadores tambi\u00e9n ocuparon el primer lugar: el 30 por ciento de los canadienses m\u00e1s j\u00f3venes dijeron que conf\u00edan m\u00e1s en el partido de Poilievre, seguidos por &#8220;ninguno&#8221; y el NDP con un 24,4 por ciento. y 14,4 por ciento, respectivamente.<\/p>\n<p>Los liberales ocuparon el cuarto lugar, con s\u00f3lo el 14,2 por ciento de los encuestados de entre 18 y 34 a\u00f1os (en gran parte aquellos demogr\u00e1ficos de la Generaci\u00f3n Z y los millennials a los que se dirige el partido) diciendo que son los que m\u00e1s conf\u00edan en el equipo de Trudeau para gestionar las finanzas federales.<\/p>\n<p>En el momento del control econ\u00f3mico de oto\u00f1o, se proyectaba que el d\u00e9ficit federal ser\u00eda de 38.400 millones de d\u00f3lares en 2024-25, y no se pronosticaba que las arcas del gobierno volvieran a equilibrarse en ning\u00fan momento en los pr\u00f3ximos seis a\u00f1os, quedando miles de millones de distancia para el largo plazo de Trudeau. compromiso de presupuesto equilibrado incumplido.<\/p>\n<p><em>Metodolog\u00eda:<\/em><\/p>\n<p><em>Nanos realiz\u00f3 una encuesta aleatoria en l\u00ednea y telef\u00f3nica h\u00edbrida de doble marco RDD (l\u00edneas fijas y celulares) a 1.069 canadienses, de 18 a\u00f1os de edad o m\u00e1s, entre el 31 de marzo y el 1 de abril de 2024, como parte de una encuesta general. Los participantes fueron reclutados aleatoriamente por tel\u00e9fono utilizando agentes reales y se les administr\u00f3 una encuesta en l\u00ednea. El margen de error de esta encuesta es de \u00b13,0 puntos porcentuales, 19 de 20 veces.<\/em><\/p>\n","protected":false},"excerpt":{"rendered":"<p>&nbsp; &nbsp; Cuando se les pregunt\u00f3 sobre la gesti\u00f3n econ\u00f3mica, los canadienses son m\u00e1s propensos a decir que no conf\u00edan en ning\u00fan partido pol\u00edtico que&hellip;<\/p>\n","protected":false},"author":99,"featured_media":517445,"comment_status":"open","ping_status":"open","sticky":false,"template":"","format":"standard","meta":{"footnotes":""},"categories":[21],"tags":[],"class_list":["post-517444","post","type-post","status-publish","format-standard","has-post-thumbnail","hentry","category-canada"],"_links":{"self":[{"href":"https:\/\/diarioelpopular.com\/index.php\/wp-json\/wp\/v2\/posts\/517444","targetHints":{"allow":["GET"]}}],"collection":[{"href":"https:\/\/diarioelpopular.com\/index.php\/wp-json\/wp\/v2\/posts"}],"about":[{"href":"https:\/\/diarioelpopular.com\/index.php\/wp-json\/wp\/v2\/types\/post"}],"author":[{"embeddable":true,"href":"https:\/\/diarioelpopular.com\/index.php\/wp-json\/wp\/v2\/users\/99"}],"replies":[{"embeddable":true,"href":"https:\/\/diarioelpopular.com\/index.php\/wp-json\/wp\/v2\/comments?post=517444"}],"version-history":[{"count":1,"href":"https:\/\/diarioelpopular.com\/index.php\/wp-json\/wp\/v2\/posts\/517444\/revisions"}],"predecessor-version":[{"id":517446,"href":"https:\/\/diarioelpopular.com\/index.php\/wp-json\/wp\/v2\/posts\/517444\/revisions\/517446"}],"wp:featuredmedia":[{"embeddable":true,"href":"https:\/\/diarioelpopular.com\/index.php\/wp-json\/wp\/v2\/media\/517445"}],"wp:attachment":[{"href":"https:\/\/diarioelpopular.com\/index.php\/wp-json\/wp\/v2\/media?parent=517444"}],"wp:term":[{"taxonomy":"category","embeddable":true,"href":"https:\/\/diarioelpopular.com\/index.php\/wp-json\/wp\/v2\/categories?post=517444"},{"taxonomy":"post_tag","embeddable":true,"href":"https:\/\/diarioelpopular.com\/index.php\/wp-json\/wp\/v2\/tags?post=517444"}],"curies":[{"name":"wp","href":"https:\/\/api.w.org\/{rel}","templated":true}]}}