{"id":517447,"date":"2024-04-04T10:00:41","date_gmt":"2024-04-04T14:00:41","guid":{"rendered":"https:\/\/diarioelpopular.com\/?p=517447"},"modified":"2024-04-04T10:00:41","modified_gmt":"2024-04-04T14:00:41","slug":"brasil-y-colombia-lideran-la-lucha-contra-la-deforestacion-bolivia-y-nicaragua-entre-los-que-mas-bosques-talan","status":"publish","type":"post","link":"https:\/\/diarioelpopular.com\/index.php\/2024\/04\/04\/brasil-y-colombia-lideran-la-lucha-contra-la-deforestacion-bolivia-y-nicaragua-entre-los-que-mas-bosques-talan\/","title":{"rendered":"Brasil y Colombia lideran la lucha contra la deforestaci\u00f3n; Bolivia y Nicaragua, entre los que m\u00e1s bosques talan"},"content":{"rendered":"<p><img loading=\"lazy\" decoding=\"async\" class=\"alignnone size-custom-big-size wp-image-517448\" src=\"https:\/\/diarioelpopular.com\/wp-content\/uploads\/2024\/04\/Screen-Shot-2024-04-04-at-9.59.36-AM-1200x796.png\" alt=\"\" width=\"1200\" height=\"796\" srcset=\"https:\/\/diarioelpopular.com\/wp-content\/uploads\/2024\/04\/Screen-Shot-2024-04-04-at-9.59.36-AM-1200x796.png 1200w, https:\/\/diarioelpopular.com\/wp-content\/uploads\/2024\/04\/Screen-Shot-2024-04-04-at-9.59.36-AM-300x199.png 300w, https:\/\/diarioelpopular.com\/wp-content\/uploads\/2024\/04\/Screen-Shot-2024-04-04-at-9.59.36-AM-768x509.png 768w, https:\/\/diarioelpopular.com\/wp-content\/uploads\/2024\/04\/Screen-Shot-2024-04-04-at-9.59.36-AM-85x55.png 85w, https:\/\/diarioelpopular.com\/wp-content\/uploads\/2024\/04\/Screen-Shot-2024-04-04-at-9.59.36-AM-636x422.png 636w, https:\/\/diarioelpopular.com\/wp-content\/uploads\/2024\/04\/Screen-Shot-2024-04-04-at-9.59.36-AM-110x73.png 110w, https:\/\/diarioelpopular.com\/wp-content\/uploads\/2024\/04\/Screen-Shot-2024-04-04-at-9.59.36-AM.png 1024w\" sizes=\"auto, (max-width: 1200px) 100vw, 1200px\" \/><\/p>\n<h5><em>Un grupo de ind\u00edgenas Mura en un \u00e1rea deforestada en la selva amaz\u00f3nica cerca de Humaita, en Brasil.<\/em><\/h5>\n<h5><em><span class=\"a_m_m\">UESLEI MARCELINO (REUTERS)<\/span><\/em><\/h5>\n<p>&nbsp;<\/p>\n<p>&nbsp;<\/p>\n<h4 class=\"a_st\">&#8211; El planeta perdi\u00f3 10 canchas de f\u00fatbol de bosques primarios por minuto en 2023, seg\u00fan un reciente informe. Los incendios, la ganader\u00eda y los monocultivos preocupan a los expertos<\/h4>\n<p>&nbsp;<\/p>\n<p class=\"\">Todo aquel que piense que su voto tiene poca repercusi\u00f3n se equivoca. Al menos, en materia medioambiental. En apenas 16 meses de gesti\u00f3n de Luiz In\u00e1cio Lula da Silva en la presidencia de Brasil, toda su biodiversidad empieza a respirar m\u00e1s tranquila.<\/p>\n<p class=\"\">El gigante latinoamericano perdi\u00f3 un tercio menos de bosques primarios que en 2022 (36%); es su cifra m\u00e1s baja desde 2015. Y, a nivel global, su contribuci\u00f3n a la p\u00e9rdida mundial pas\u00f3 del 43% al 30%.\u00a0<a href=\"https:\/\/elpais.com\/america-futura\/2023-07-12\/colombia-logra-la-deforestacion-mas-baja-desde-2013-segun-el-gobierno.html\" data-link-track-dtm=\"\" data-mrf-link=\"https:\/\/elpais.com\/america-futura\/2023-07-12\/colombia-logra-la-deforestacion-mas-baja-desde-2013-segun-el-gobierno.html\">Algo similar sucedi\u00f3 en Colombia en 2023<\/a>. Ya bajo el mandato de Gustavo Petro, el pa\u00eds amaz\u00f3nico pudo retener la mitad de las florestas que hab\u00eda perdido el a\u00f1o anterior, seg\u00fan los \u00faltimos datos publicados este jueves por la Universidad de Maryland y el Instituto de Recursos Mundiales (WRI),\u00a0<a href=\"https:\/\/www.globalforestwatch.org\/\" target=\"_blank\" rel=\"noopener\" data-link-track-dtm=\"\" data-mrf-link=\"https:\/\/www.globalforestwatch.org\/\">disponibles en Global Forest Watch<\/a>, quienes aplauden a los Gobiernos implicados con la preservaci\u00f3n del ambiente.<\/p>\n<p class=\"\">\u201cLa pol\u00edtica es importante\u201d, dice Alejandra Laina, gerente de recursos naturales para el WRI en Colombia. \u201cEn los \u00faltimos diez a\u00f1os, el medio ambiente y el cambio clim\u00e1tico han ido tomando relevancia en los programas de Gobiernos nacionales y subnacionales. Antes era algo muy de nicho, que estaba de moda. Pero ahora lo est\u00e1n poniendo casi al mismo nivel que la econom\u00eda y las poblaciones\u201d. Sin embargo, los retos son a\u00fan muchos.<\/p>\n<p class=\"\">El avance de unos no acaba de ganar el pulso al resto de pa\u00edses que, como Bolivia, siguen apostando por la ganader\u00eda y el monocultivo; o Nicaragua que vio esfurmarse m\u00e1s del 4,2% del bosque natural que le quedaba; fueron las peores cifras desde las tormentas tropicales de 2017. As\u00ed, el a\u00f1o pasado el planeta perdi\u00f3 10 canchas de f\u00fatbol de suelos v\u00edrgenes por minuto.<\/p>\n<p class=\"\">\u201cEst\u00e1 claro que el mundo est\u00e1 a\u00fan muy lejos de sus objetivos\u201d, dice el informe. Los datos son brutales. En 2023, m\u00e1s de 3,7 millones de hect\u00e1reas de bosque primario o virgen fueron degradados; una superficie similar a la extensi\u00f3n de But\u00e1n. Bolivia, Nicaragua o Laos fueron los pa\u00edses del globo que m\u00e1s contrarrestaron las positivas cifras de Brasil y Colombia.<\/p>\n<p class=\"\">Canad\u00e1, por otro lado, triplic\u00f3 la p\u00e9rdida de bosques,\u00a0<a href=\"https:\/\/elpais.com\/clima-y-medio-ambiente\/2023-12-08\/el-infierno-de-fuego-en-canada-los-incendios-de-2023-han-emitido-mucho-mas-co-que-el-que-genera-espana-en-un-ano.html\" data-link-track-dtm=\"\" data-mrf-link=\"https:\/\/elpais.com\/clima-y-medio-ambiente\/2023-12-08\/el-infierno-de-fuego-en-canada-los-incendios-de-2023-han-emitido-mucho-mas-co-que-el-que-genera-espana-en-un-ano.html\">en gran medida por los incendios<\/a>. \u201cEl mundo dio dos pasos adelante y dos hacia atr\u00e1s\u201d, explic\u00f3 Mikaela Weisse, directora de Global Forest Watch durante la socializaci\u00f3n del informe. \u201cEl fuerte declive de [deforestaci\u00f3n en] la Amazonia brasile\u00f1a y Colombia demuestran que es posible avanzar. Debemos aprender de los pa\u00edses que est\u00e1n consiguiendo frenar la deforestaci\u00f3n\u201d.<\/p>\n<p class=\"\">La voluntad pol\u00edtica de Brasil empez\u00f3 a materializarse desde el comienzo del mandato de Lula da Silva, siendo esta una de sus grandes apuestas del Gobierno. M\u00e1s de tres millones de hect\u00e1reas\u00a0<a href=\"https:\/\/elpais.com\/internacional\/2023-06-06\/lula-recupera-el-plan-para-frenar-la-deforestacion-en-la-amazonia-con-la-vista-puesta-en-2030.html\" data-link-track-dtm=\"\" data-mrf-link=\"https:\/\/elpais.com\/internacional\/2023-06-06\/lula-recupera-el-plan-para-frenar-la-deforestacion-en-la-amazonia-con-la-vista-puesta-en-2030.html\">blindadas como \u00e1reas protegidas<\/a>, una mayor fiscalizaci\u00f3n a quienes deforestan, la contrataci\u00f3n de 1.700 analistas o la protecci\u00f3n de 230.000 kil\u00f3metros de riberas de los r\u00edos son algunas de las medidas estrella que han conseguido que la huella del pa\u00eds latinoamericano se reduzca. A\u00fan as\u00ed, y debido a su extens\u00edsima superficie forestal, Brasil sigue siendo el pa\u00eds que m\u00e1s bosques primarios perdi\u00f3.<\/p>\n<p class=\"\">Para Laina, las claves de Colombia pasan por cuatro puntos fundamentales: una mayor gobernabilidad de las comunidades \u201cque tambi\u00e9n reciben m\u00e1s recursos econ\u00f3micos\u201d, entender la reforma agraria y la ambiental como \u201cun solo paquete\u201d, el manejo sostenible del bosque y las pol\u00edticas de paz. \u201cColombia es un pa\u00eds complejo y estas discusiones se tienen que dar juntas. Las comunidades est\u00e1n diciendo que hasta que no se resuelva el tema de la paz no pueden trabajar en la conservaci\u00f3n. Solo as\u00ed se puede manejar mejor el territorio\u201d.<\/p>\n<p class=\"\">En conjunto, revela este estudio que muestra tendencias a\u00f1o a a\u00f1o, los tr\u00f3picos perdieron un 9% menos de selva primaria en 2023 que en 2022. Sin embargo, la estad\u00edstica es estable: la tasa de 2023 es casi id\u00e9ntica a la de 2019 y 2021. As\u00ed, en las dos \u00faltimas d\u00e9cadas, el mundo ha perdido entre 3 y 4 millones de hect\u00e1reas de bosque tropical cada a\u00f1o. La constancia en esta sangr\u00eda es \u201cespecialmente desalentadora\u201d para los analistas, quienes aseguran que ser\u00e1 muy dif\u00edcil alcanzar el compromiso de detener la p\u00e9rdida de bosques para 2030 en virtud de la Declaraci\u00f3n de los L\u00edderes de Glasgow en menos de seis a\u00f1os. \u201cLos bosques son ecosistemas cr\u00edticos para luchar contra el cambio clim\u00e1tico, apoyar los medios de subsistencia y proteger la biodiversidad\u201d, afirm\u00f3 Ani Dasgupta, presidenta y directora General del WRI en la rueda de prensa. \u201cLas cifras de este a\u00f1o son un ejemplo inspirador de lo que podemos conseguir cuando los l\u00edderes dan prioridad a la acci\u00f3n, pero los datos tambi\u00e9n ponen de relieve muchas \u00e1reas urgentes de oportunidades de proteger nuestros bosques y nuestro futuro\u201d.<\/p>\n<p class=\"\">Laina, la experta colombiana, asegura que Sudam\u00e9rica tendr\u00e1 en los pr\u00f3ximos a\u00f1os una gran oportunidad con la\u00a0<a href=\"https:\/\/elpais.com\/america-colombia\/2024-03-11\/cali-proyecta-la-cop-16-con-ecos-de-los-panamericanos-que-transformaron-la-ciudad.html\" data-link-track-dtm=\"\" data-mrf-link=\"https:\/\/elpais.com\/america-colombia\/2024-03-11\/cali-proyecta-la-cop-16-con-ecos-de-los-panamericanos-que-transformaron-la-ciudad.html\">Cop 16, que se celebrar\u00e1 en Colombia<\/a>, y\u00a0<a href=\"https:\/\/elpais.com\/clima-y-medio-ambiente\/2022-11-16\/brasil-regresa-a-la-lucha-contra-el-cambio-climatico-de-la-mano-de-lula-da-silva.html\" target=\"_blank\" rel=\"noopener\" data-link-track-dtm=\"\" data-mrf-link=\"https:\/\/elpais.com\/clima-y-medio-ambiente\/2022-11-16\/brasil-regresa-a-la-lucha-contra-el-cambio-climatico-de-la-mano-de-lula-da-silva.html\">Cop 30, en Brasil<\/a>.<b>\u00a0<\/b>\u201cTenemos que pensar c\u00f3mo juntar ambas agendas para que no sean cosas paralelas trabajando en lo mismo. Nos tenemos que centrar en metas de restauraci\u00f3n, de conservaci\u00f3n de la biodiversidad, y en las discusiones con conectividad y disponibilidad del recurso h\u00eddrico. No podemos dejar eso por fuera. En las regiones se sienten desconectados de las metas nacionales, sienten que les hablas en arameo antiguo. Y hay que cambiar ese\u00a0<i>chip<\/i>\u201d.<\/p>\n<h3 class=\"\">Bolivia, amenazada por la ganader\u00eda y la palma<\/h3>\n<p class=\"\">El contrapeso de Brasil y Colombia en la regi\u00f3n es Bolivia. Los datos son estremecedores. Desde 2001 hasta 2022,\u00a0<a href=\"https:\/\/www.globalforestwatch.org\/map\/country\/BOL\/?mainMap=eyJzaG93QW5hbHlzaXMiOnRydWV9&amp;map=eyJjZW50ZXIiOnsibGF0IjotMTYuMzk0ODY5NTQ4NzA2MDEyLCJsbmciOi02My41NDY0MzYzMDk5ODExM30sInpvb20iOjQuNDA1MjE3NDMzMzQzNjczLCJjYW5Cb3VuZCI6ZmFsc2UsImRhdGFzZXRzIjpbeyJkYXRhc2V0IjoicG9saXRpY2FsLWJvdW5kYXJpZXMiLCJsYXllcnMiOlsiZGlzcHV0ZWQtcG9saXRpY2FsLWJvdW5kYXJpZXMiLCJwb2xpdGljYWwtYm91bmRhcmllcyJdLCJvcGFjaXR5IjoxLCJ2aXNpYmlsaXR5Ijp0cnVlfSx7ImRhdGFzZXQiOiJ0cmVlLWNvdmVyLWxvc3MiLCJsYXllcnMiOlsidHJlZS1jb3Zlci1sb3NzIl0sIm9wYWNpdHkiOjEsInZpc2liaWxpdHkiOnRydWV9LHsiZGF0YXNldCI6InRyZWUtY292ZXIiLCJsYXllcnMiOlsidHJlZS1jb3Zlci0yMDEwIl0sIm9wYWNpdHkiOjEsInZpc2liaWxpdHkiOnRydWV9XX0%3D&amp;mapPrompts=eyJvcGVuIjp0cnVlLCJzdGVwc0tleSI6InN1YnNjcmliZVRvQXJlYSJ9\" target=\"_blank\" rel=\"noopener\" data-link-track-dtm=\"\" data-mrf-link=\"https:\/\/www.globalforestwatch.org\/map\/country\/BOL\/?mainMap=eyJzaG93QW5hbHlzaXMiOnRydWV9&amp;map=eyJjZW50ZXIiOnsibGF0IjotMTYuMzk0ODY5NTQ4NzA2MDEyLCJsbmciOi02My41NDY0MzYzMDk5ODExM30sInpvb20iOjQuNDA1MjE3NDMzMzQzNjczLCJjYW5Cb3VuZCI6ZmFsc2UsImRhdGFzZXRzIjpbeyJkYXRhc2V0IjoicG9saXRpY2FsLWJvdW5kYXJpZXMiLCJsYXllcnMiOlsiZGlzcHV0ZWQtcG9saXRpY2FsLWJvdW5kYXJpZXMiLCJwb2xpdGljYWwtYm91bmRhcmllcyJdLCJvcGFjaXR5IjoxLCJ2aXNpYmlsaXR5Ijp0cnVlfSx7ImRhdGFzZXQiOiJ0cmVlLWNvdmVyLWxvc3MiLCJsYXllcnMiOlsidHJlZS1jb3Zlci1sb3NzIl0sIm9wYWNpdHkiOjEsInZpc2liaWxpdHkiOnRydWV9LHsiZGF0YXNldCI6InRyZWUtY292ZXIiLCJsYXllcnMiOlsidHJlZS1jb3Zlci0yMDEwIl0sIm9wYWNpdHkiOjEsInZpc2liaWxpdHkiOnRydWV9XX0%3D&amp;mapPrompts=eyJvcGVuIjp0cnVlLCJzdGVwc0tleSI6InN1YnNjcmliZVRvQXJlYSJ9\">Bolivia<\/a>\u00a0perdi\u00f3 3,73 millones de hect\u00e1reas de bosque primario h\u00famedo, lo que representa 51% de su p\u00e9rdida total de cobertura arb\u00f3rea, seg\u00fan el estudio. El \u00e1rea total de bosque primario h\u00famedo en Bolivia disminuy\u00f3 en 9,1% en este periodo de tiempo.<\/p>\n<p class=\"\">Pero la preocupaci\u00f3n de los expertos no se queda apenas en las cifras. Al desplegar el mapa para ubicar en qu\u00e9 zonas se ha producido semejante desgaste, aparece el departamento de Beni, colindante con Santa Cruz donde, hist\u00f3ricamente, se han registrado las mayores tasas de deforestaci\u00f3n a ra\u00edz de la ganader\u00eda y el monocultivo de soja. El pa\u00eds ha perdido un 27% de bosque m\u00e1s que en 2022; batiendo por tercer a\u00f1o consecutivo este lamentable r\u00e9cord, a causa de estas nuevas \u00e1reas de explotaci\u00f3n. \u201cEs el lejano oeste\u201d, zanja Matthew Hansen, doctor encargado del equipo de estudio del mapa.<\/p>\n<p class=\"\">\u201cEl bosque boliviano amaz\u00f3nico [ubicado en Beni] no hab\u00eda sido casi afectado hasta 2023\u2033, lamenta Stasiek Czaplicki, economista ambiental. El tambi\u00e9n experto en las cadenas de valor que fomentan la deforestaci\u00f3n se\u00f1ala adem\u00e1s de la ganader\u00eda las plantaciones \u201cmasivas\u201d de palma, para el aceite y critica la complicidad de las instituciones. En una visita del presidente\u00a0<a href=\"https:\/\/www.comunicacion.gob.bo\/?q=20220104\/33504\" target=\"_blank\" rel=\"noopener\" data-link-track-dtm=\"\" data-mrf-link=\"https:\/\/www.comunicacion.gob.bo\/?q=20220104\/33504\">Luis Arce a Beni a finales de 2022<\/a>, fue claro en sus intenciones: \u201cTenemos un plan para dejar de importar diesel e hidrocarburos l\u00edquidos. (&#8230;) A partir de ciertas plantitas, la producci\u00f3n de palma africana, aceite de motac\u00fa, aceite de cusi, con eso podemos producir diesel. Es una pol\u00edtica de industrializaci\u00f3n con sustituci\u00f3n de importaciones\u201d.<\/p>\n<p class=\"\">El Gobierno del Movimiento Al Socialismo ha seguido la hoja de ruta trazada por Evo Morales y que se resume en la Agenda Patri\u00f3tica 2025 desarrollada por el expresidente. Uno de los pilares del documento es la meta de triplicar la poblaci\u00f3n de ganado en el pa\u00eds, hasta superar las 22 millones de vacas; alrededor de dos cabezas de ganado por habitante. \u201cDebemos aumentar la producci\u00f3n de carne, no solo para el mercado interno, sino con miras a exportar\u201d, dijo Arce\u00a0<a href=\"https:\/\/twitter.com\/LuchoXBolivia\/status\/1478428180801273857\" target=\"_blank\" rel=\"noopener\" data-link-track-dtm=\"\" data-mrf-link=\"https:\/\/twitter.com\/LuchoXBolivia\/status\/1478428180801273857\">en sus redes sociales<\/a>\u00a0en enero de 2022.<\/p>\n<p class=\"\">Estas pol\u00edticas, los monocultivos, el periodo de El Ni\u00f1o y La Ni\u00f1a y las fuertes sequ\u00edas del pa\u00eds no han dado tregua. 2023 ha sido extremadamente seco y ha propiciado que los incendios, com\u00fanmente utilizados por los sectores agr\u00edcolas,\u00a0<a href=\"https:\/\/elpais.com\/america\/2023-11-14\/los-incendios-en-bolivia-arrinconan-a-las-comunidades-indigenas-de-la-amazonia.html\" data-link-track-dtm=\"\" data-mrf-link=\"https:\/\/elpais.com\/america\/2023-11-14\/los-incendios-en-bolivia-arrinconan-a-las-comunidades-indigenas-de-la-amazonia.html\">se propaguen incontrolablemente durante cuatro meses, mucho m\u00e1s de lo normal<\/a>. As\u00ed, la mitad de los bosques que se perdieron en 2023 en Bolivia fueron a causa de los incendios. \u201cLa deforestaci\u00f3n no sucede a pesar del Gobierno, sino gracias al Gobierno y a la agroindustria. Hacen falta medidas de fiscalizaci\u00f3n a quienes queman o deforestan. No pueden sentirse impunes\u201d.<\/p>\n","protected":false},"excerpt":{"rendered":"<p>Un grupo de ind\u00edgenas Mura en un \u00e1rea deforestada en la selva amaz\u00f3nica cerca de Humaita, en Brasil. UESLEI MARCELINO (REUTERS) &nbsp; &nbsp; &#8211; El&hellip;<\/p>\n","protected":false},"author":99,"featured_media":517448,"comment_status":"open","ping_status":"open","sticky":false,"template":"","format":"standard","meta":{"footnotes":""},"categories":[23,11354],"tags":[],"class_list":["post-517447","post","type-post","status-publish","format-standard","has-post-thumbnail","hentry","category-latinoamerica","category-sucesos"],"_links":{"self":[{"href":"https:\/\/diarioelpopular.com\/index.php\/wp-json\/wp\/v2\/posts\/517447","targetHints":{"allow":["GET"]}}],"collection":[{"href":"https:\/\/diarioelpopular.com\/index.php\/wp-json\/wp\/v2\/posts"}],"about":[{"href":"https:\/\/diarioelpopular.com\/index.php\/wp-json\/wp\/v2\/types\/post"}],"author":[{"embeddable":true,"href":"https:\/\/diarioelpopular.com\/index.php\/wp-json\/wp\/v2\/users\/99"}],"replies":[{"embeddable":true,"href":"https:\/\/diarioelpopular.com\/index.php\/wp-json\/wp\/v2\/comments?post=517447"}],"version-history":[{"count":1,"href":"https:\/\/diarioelpopular.com\/index.php\/wp-json\/wp\/v2\/posts\/517447\/revisions"}],"predecessor-version":[{"id":517449,"href":"https:\/\/diarioelpopular.com\/index.php\/wp-json\/wp\/v2\/posts\/517447\/revisions\/517449"}],"wp:featuredmedia":[{"embeddable":true,"href":"https:\/\/diarioelpopular.com\/index.php\/wp-json\/wp\/v2\/media\/517448"}],"wp:attachment":[{"href":"https:\/\/diarioelpopular.com\/index.php\/wp-json\/wp\/v2\/media?parent=517447"}],"wp:term":[{"taxonomy":"category","embeddable":true,"href":"https:\/\/diarioelpopular.com\/index.php\/wp-json\/wp\/v2\/categories?post=517447"},{"taxonomy":"post_tag","embeddable":true,"href":"https:\/\/diarioelpopular.com\/index.php\/wp-json\/wp\/v2\/tags?post=517447"}],"curies":[{"name":"wp","href":"https:\/\/api.w.org\/{rel}","templated":true}]}}