{"id":517504,"date":"2024-04-07T11:23:02","date_gmt":"2024-04-07T15:23:02","guid":{"rendered":"https:\/\/diarioelpopular.com\/?p=517504"},"modified":"2024-04-07T11:23:02","modified_gmt":"2024-04-07T15:23:02","slug":"el-plan-canadiense-de-atencion-dental-comienza-el-proximo-mes-pero-muchos-dentistas-se-muestran-reacios-a-participar","status":"publish","type":"post","link":"https:\/\/diarioelpopular.com\/index.php\/2024\/04\/07\/el-plan-canadiense-de-atencion-dental-comienza-el-proximo-mes-pero-muchos-dentistas-se-muestran-reacios-a-participar\/","title":{"rendered":"El Plan Canadiense de Atenci\u00f3n Dental comienza el pr\u00f3ximo mes, pero muchos dentistas se muestran reacios a participar"},"content":{"rendered":"<p><img loading=\"lazy\" decoding=\"async\" class=\"alignnone size-custom-full-size wp-image-517505\" src=\"https:\/\/diarioelpopular.com\/wp-content\/uploads\/2024\/04\/Screen-Shot-2024-04-07-at-11.22.30-AM-636x384.png\" alt=\"\" width=\"636\" height=\"384\" srcset=\"https:\/\/diarioelpopular.com\/wp-content\/uploads\/2024\/04\/Screen-Shot-2024-04-07-at-11.22.30-AM-636x384.png 636w, https:\/\/diarioelpopular.com\/wp-content\/uploads\/2024\/04\/Screen-Shot-2024-04-07-at-11.22.30-AM-300x181.png 300w, https:\/\/diarioelpopular.com\/wp-content\/uploads\/2024\/04\/Screen-Shot-2024-04-07-at-11.22.30-AM-768x464.png 768w, https:\/\/diarioelpopular.com\/wp-content\/uploads\/2024\/04\/Screen-Shot-2024-04-07-at-11.22.30-AM-121x73.png 121w, https:\/\/diarioelpopular.com\/wp-content\/uploads\/2024\/04\/Screen-Shot-2024-04-07-at-11.22.30-AM.png 1024w\" sizes=\"auto, (max-width: 636px) 100vw, 636px\" \/><\/p>\n<p>&nbsp;<\/p>\n<p>&nbsp;<\/p>\n<p>&nbsp;<\/p>\n<h4><em>&#8211; Miles de profesionales de la salud bucal se han inscrito para brindar atenci\u00f3n a 1,6 millones de personas mayores.<\/em><\/h4>\n<h4><\/h4>\n<h4><em>OTTAWA.-<\/em> El Plan Canadiense de Atenci\u00f3n Dental (CDCP) comenzar\u00e1 a brindar cobertura el pr\u00f3ximo mes, pero no est\u00e1 claro si se inscribir\u00e1n suficientes dentistas para brindar atenci\u00f3n a los 1,6 millones de personas mayores que ya se han inscrito.<\/h4>\n<p>Health Canada no proporcion\u00f3 una cifra de cu\u00e1ntos proveedores de atenci\u00f3n de salud bucal se han registrado en el CDCP desde que se abrieron las solicitudes el 11 de marzo. El departamento s\u00f3lo dir\u00e1 que &#8220;miles&#8221; se han inscrito.<\/p>\n<p>Seg\u00fan sus asociaciones nacionales, hay aproximadamente 26.500 dentistas, 1.700 higienistas independientes y 2.400 dentistas que ejercen en Canad\u00e1 (30.500 en total).<\/p>\n<p>&#8220;He o\u00eddo que el registro es lento&#8221;, dijo la Dra. Heather Carr, presidenta de la Asociaci\u00f3n Dental Canadiense. &#8220;No creo que sea tan alto como esperar\u00edamos para que este plan tenga \u00e9xito&#8221;.<\/p>\n<p>El Plan Canadiense de Atenci\u00f3n Dental, valorado en 13.000 millones de d\u00f3lares, anunciado en diciembre, proporcionar\u00e1 seguro dental a los residentes de ingresos bajos y medios si no tienen cobertura privada.<\/p>\n<p>El programa nacional eventualmente se aplicar\u00e1 a una cuarta parte de los canadienses, pero Ottawa est\u00e1 implementando la elegibilidad gradualmente, comenzando primero con las personas mayores. (Un plan dental provisional cubre a ni\u00f1os menores de 12 a\u00f1os desde diciembre de 2022).<\/p>\n<p><em><strong>Las personas mayores se enteran de que sus dentistas no participan<\/strong><\/em><br \/>\nAlgunas personas mayores a las que se les aprob\u00f3 la cobertura descubren que sus dentistas no participan.<\/p>\n<p>&#8220;Estoy molesta. Estoy muy enfadada&#8221;, dijo Karen Trimingham, de 82 a\u00f1os, que vive en Yarmouth, N.S., donde ha visto al mismo dentista durante 16 a\u00f1os. &#8220;No pens\u00e9 que me rechazar\u00edan porque soy un cliente habitual&#8221;.<\/p>\n<p>Trimingham dijo que no quiere conducir horas desde su comunidad rural para encontrar un dentista en otra ciudad que est\u00e9 inscrito en el programa.<\/p>\n<p>&#8220;Simplemente tengo que seguir pagando. Ir\u00e9 y me har\u00e9 la cantidad m\u00ednima con el dentista que tengo&#8221;, dijo. &#8220;En lugar de reemplazarme este diente que perd\u00ed hace un par de meses, seguir\u00e9 con la brecha&#8221;.<\/p>\n<p>Joanne Thibault, estudiante de \u00faltimo a\u00f1o de Victoria, de 68 a\u00f1os, dijo que su dentista tampoco participar\u00e1.<\/p>\n<p>&#8220;Realmente me molesta que el gobierno federal haya salido y haya anunciado un plan dental, pero no hicieron su tarea para implementarlo y que mi dentista pudiera ser parte de \u00e9l&#8221;, dijo.<\/p>\n<p>&#8220;No voy a abandonar a mi dentista. S\u00f3lo quiero que el gobierno federal haga su trabajo y arregle esto con ellos para que ella pueda hacer su trabajo&#8221;.<\/p>\n<p><em><strong>Los presidentes de asociaciones no inscriben sus propias cl\u00ednicas<\/strong><\/em><br \/>\nLos dentistas, higienistas y denturistas de Canad\u00e1 han apoyado ampliamente la idea de un plan nacional p\u00fablico de atenci\u00f3n dental, que, seg\u00fan dicen, ayudar\u00e1 a brindar atenci\u00f3n de salud bucal esencial a las personas m\u00e1s necesitadas que, de otro modo, tendr\u00edan que pagar de su bolsillo.<\/p>\n<p>Pero los presidentes de algunas asociaciones provinciales de dentistas, que tambi\u00e9n ejercen como dentistas, le han dicho a CBC News que no planean ofrecer el programa en sus propios consultorios dentales.<\/p>\n<p>Dicen que Ottawa a\u00fan no ha proporcionado suficientes detalles para un programa que se lanzar\u00e1 en cuesti\u00f3n de semanas.<\/p>\n<p>Tambi\u00e9n dicen que les preocupa el hecho de que Ottawa les exige firmar contratos para poder unirse al programa, algo que ning\u00fan otro plan p\u00fablico o privado exige.<\/p>\n<p>&#8220;El paciente debe tener autonom\u00eda y derecho a elegir su propio dentista&#8221;, afirm\u00f3 la Dra. Jenny Doerksen, presidenta de la Asociaci\u00f3n Dental de Alberta.<\/p>\n<p>&#8220;Pero a diferencia de otros planes dentales, este programa federal le pide al dentista que firme un contrato de siete p\u00e1ginas con muchos factores desconocidos y t\u00e9rminos y condiciones innecesarios&#8221;.<\/p>\n<p>Los proveedores de atenci\u00f3n de salud dental dicen que tambi\u00e9n les preocupa imponer una gran cantidad de papeleo nuevo al personal administrativo, que ya est\u00e1 sobrecargado.<\/p>\n<p>&#8220;Mi personal me ha dicho en t\u00e9rminos muy claros que no quieren participar en el programa porque simplemente no pueden soportar la carga adicional que conlleva&#8221;, dijo el Dr. Rob Wolanski, presidente de la Asociaci\u00f3n Dental de B.C.<\/p>\n<p>El CDCP se basa en los Beneficios de Salud No Asegurados, un programa federal que brinda atenci\u00f3n dental a las Primeras Naciones y los Inuit en Canad\u00e1.<\/p>\n<p>&#8220;Es un programa que ha enfrentado cr\u00edticas durante a\u00f1os tanto de los pacientes como de las comunidades de pacientes, as\u00ed como de los proveedores&#8221;, dijo el Dr. Daron Baxter, presidente de la Asociaci\u00f3n Dental de Manitoba.<\/p>\n<p>&#8220;Una de las razones principales se debe a la intensa carga administrativa que a menudo provoca retrasos en la prestaci\u00f3n de la atenci\u00f3n&#8221;.<\/p>\n<p>Los dentistas tampoco saben todav\u00eda c\u00f3mo se coordinar\u00e1 el CDCP con otros planes ofrecidos por provincias y territorios.<\/p>\n<p><em><strong>Consulta de \u00faltima hora<\/strong><\/em><br \/>\nLas asociaciones dentales provinciales dicen que Ottawa comenz\u00f3 a consultar con ellos en noviembre, apenas un mes antes de que se anunciara el programa.<\/p>\n<p>&#8220;Los dentistas llegaron en el \u00faltimo momento&#8221;, dijo el Dr. Brock Nicolucci, presidente de la Asociaci\u00f3n Dental de Ontario.<\/p>\n<p>&#8220;\u00bfPor qu\u00e9 empezamos tan tarde y nos apresuramos en un programa que tal vez deber\u00edamos frenar?&#8221;<\/p>\n<p>Dicen que el gobierno federal tambi\u00e9n present\u00f3 inicialmente el plan como atenci\u00f3n dental &#8220;gratuita&#8221;, y no lo es.<\/p>\n<p>El programa solo cubre algunos tipos de trabajos dentales y paga a los proveedores de atenci\u00f3n de salud dental a una tarifa m\u00e1s baja que las tarifas recomendadas por las directrices provinciales y territoriales emitidas por las asociaciones dentales. Los dentistas dicen que todav\u00eda no saben exactamente cu\u00e1nto les pagar\u00e1 el gobierno federal por brindar atenci\u00f3n. Esas cantidades cambian cada a\u00f1o; La gu\u00eda CDCP 2024 a\u00fan no se ha publicado.<\/p>\n<p>Tambi\u00e9n hay un copago significativo para aquellos con ingresos netos del hogar entre $70,000 y $90,000.<\/p>\n<p>Eso significa que la mayor\u00eda de los pacientes a\u00fan deber\u00edan esperar una factura despu\u00e9s de visitar el sill\u00f3n del dentista.<\/p>\n<p>El Ministro de Salud, Mark Holland, sugiri\u00f3 que Ottawa podr\u00eda mejorar el acuerdo para atraer a m\u00e1s proveedores de atenci\u00f3n dental a unirse.<\/p>\n<p>&#8220;Estamos trabajando activamente en la creaci\u00f3n de un portal alternativo que permitir\u00e1 a los dentistas participar directamente. Cuando un paciente se presente frente a ellos, simplemente ingresar\u00e1n la informaci\u00f3n y podr\u00e1n presentar ese reclamo&#8221;, dijo Holland a los periodistas durante una parada en Winnipeg esta semana.<\/p>\n<p>Holland compar\u00f3 el CDCP con la introducci\u00f3n de la atenci\u00f3n sanitaria universal en Canad\u00e1, que, seg\u00fan \u00e9l, tambi\u00e9n plante\u00f3 desaf\u00edos.<\/p>\n<p>&#8220;Hay mucho miedo, es un programa nuevo, lo entiendo&#8221;, dijo Holland.<\/p>\n<p>&#8220;Pero conversaci\u00f3n tras conversaci\u00f3n, ha ido avanzando de manera muy positiva y creo que vamos a tener una aceptaci\u00f3n excepcionalmente fuerte&#8221;.<\/p>\n","protected":false},"excerpt":{"rendered":"<p>&nbsp; &nbsp; &nbsp; &#8211; Miles de profesionales de la salud bucal se han inscrito para brindar atenci\u00f3n a 1,6 millones de personas mayores. OTTAWA.- El&hellip;<\/p>\n","protected":false},"author":99,"featured_media":517505,"comment_status":"open","ping_status":"open","sticky":false,"template":"","format":"standard","meta":{"footnotes":""},"categories":[21,11191],"tags":[],"class_list":["post-517504","post","type-post","status-publish","format-standard","has-post-thumbnail","hentry","category-canada","category-top-news"],"_links":{"self":[{"href":"https:\/\/diarioelpopular.com\/index.php\/wp-json\/wp\/v2\/posts\/517504","targetHints":{"allow":["GET"]}}],"collection":[{"href":"https:\/\/diarioelpopular.com\/index.php\/wp-json\/wp\/v2\/posts"}],"about":[{"href":"https:\/\/diarioelpopular.com\/index.php\/wp-json\/wp\/v2\/types\/post"}],"author":[{"embeddable":true,"href":"https:\/\/diarioelpopular.com\/index.php\/wp-json\/wp\/v2\/users\/99"}],"replies":[{"embeddable":true,"href":"https:\/\/diarioelpopular.com\/index.php\/wp-json\/wp\/v2\/comments?post=517504"}],"version-history":[{"count":1,"href":"https:\/\/diarioelpopular.com\/index.php\/wp-json\/wp\/v2\/posts\/517504\/revisions"}],"predecessor-version":[{"id":517506,"href":"https:\/\/diarioelpopular.com\/index.php\/wp-json\/wp\/v2\/posts\/517504\/revisions\/517506"}],"wp:featuredmedia":[{"embeddable":true,"href":"https:\/\/diarioelpopular.com\/index.php\/wp-json\/wp\/v2\/media\/517505"}],"wp:attachment":[{"href":"https:\/\/diarioelpopular.com\/index.php\/wp-json\/wp\/v2\/media?parent=517504"}],"wp:term":[{"taxonomy":"category","embeddable":true,"href":"https:\/\/diarioelpopular.com\/index.php\/wp-json\/wp\/v2\/categories?post=517504"},{"taxonomy":"post_tag","embeddable":true,"href":"https:\/\/diarioelpopular.com\/index.php\/wp-json\/wp\/v2\/tags?post=517504"}],"curies":[{"name":"wp","href":"https:\/\/api.w.org\/{rel}","templated":true}]}}