{"id":517529,"date":"2024-04-09T09:33:56","date_gmt":"2024-04-09T13:33:56","guid":{"rendered":"https:\/\/diarioelpopular.com\/?p=517529"},"modified":"2024-04-09T09:34:32","modified_gmt":"2024-04-09T13:34:32","slug":"trudeau-se-niega-a-reunirse-con-los-premiers-sobre-el-impuesto-al-carbono-se-reunieron-en-2016","status":"publish","type":"post","link":"https:\/\/diarioelpopular.com\/index.php\/2024\/04\/09\/trudeau-se-niega-a-reunirse-con-los-premiers-sobre-el-impuesto-al-carbono-se-reunieron-en-2016\/","title":{"rendered":"Trudeau se niega a reunirse con los premiers sobre el impuesto al carbono, se reunieron en 2016"},"content":{"rendered":"<p><img loading=\"lazy\" decoding=\"async\" class=\"alignnone size-custom-full-size wp-image-517530\" src=\"https:\/\/diarioelpopular.com\/wp-content\/uploads\/2024\/04\/Screen-Shot-2024-04-09-at-9.33.21-AM-636x391.png\" alt=\"\" width=\"636\" height=\"391\" srcset=\"https:\/\/diarioelpopular.com\/wp-content\/uploads\/2024\/04\/Screen-Shot-2024-04-09-at-9.33.21-AM-636x391.png 636w, https:\/\/diarioelpopular.com\/wp-content\/uploads\/2024\/04\/Screen-Shot-2024-04-09-at-9.33.21-AM-300x185.png 300w, https:\/\/diarioelpopular.com\/wp-content\/uploads\/2024\/04\/Screen-Shot-2024-04-09-at-9.33.21-AM-768x472.png 768w, https:\/\/diarioelpopular.com\/wp-content\/uploads\/2024\/04\/Screen-Shot-2024-04-09-at-9.33.21-AM-119x73.png 119w, https:\/\/diarioelpopular.com\/wp-content\/uploads\/2024\/04\/Screen-Shot-2024-04-09-at-9.33.21-AM.png 1024w\" sizes=\"auto, (max-width: 636px) 100vw, 636px\" \/><\/p>\n<p>&nbsp;<\/p>\n<ul>\n<li><em><strong>El Primer Ministro dice que se reuni\u00f3 con los premiers hace ocho a\u00f1os, pero ninguno de los primeros que ocupan el puesto ahora fue elegido en ese momento.<\/strong><\/em><\/li>\n<\/ul>\n<p>&nbsp;<\/p>\n<p>Por\u00a0<a tabindex=\"-1\" href=\"https:\/\/torontosun.com\/author\/blilleypostmedia\/\">Brian Lilley<\/a><\/p>\n<p><em><strong>OTTAWA.-<\/strong> <\/em>Seis premiers le han escrito al primer ministro Justin Trudeau pidi\u00e9ndole una reuni\u00f3n para discutir el impuesto al carbono. La respuesta de Trudeau ha sido decir que no hay necesidad de una reuni\u00f3n, ya que ya tuvo una con los ellos, en 2016.<\/p>\n<p>Lo extra\u00f1o, sin embargo, es que esa reuni\u00f3n no s\u00f3lo fue hace ocho a\u00f1os, sino que ninguna de las personas que ahora ocupan el cargo de premier estaba en el cargo en ese momento.<\/p>\n<p>Brad Wall, quien fue premier de Saskatchewan en 2016, dijo en una publicaci\u00f3n en las redes sociales que recuerda muy bien esa reuni\u00f3n de marzo de 2016. Dijo que Trudeau y los premiers acordaron no imponer un impuesto al consumo de carbono hasta que se consultara a todas las provincias.<\/p>\n<p>M\u00e1s tarde ese a\u00f1o, en una reuni\u00f3n de ministros de medio ambiente provinciales, territoriales y federales, el ministro de medio ambiente de Wall, Scott Moe, abandon\u00f3 la reuni\u00f3n en octubre de 2016. Lo mismo hicieron los ministros de medio ambiente liberales de Nova Scotia y Newfoundland y Labrador.<\/p>\n<p>La decisi\u00f3n unilateral de Trudeau de introducir el impuesto al carbono mientras supuestamente manten\u00eda consultas con las provincias tambi\u00e9n fue criticada por la entonces primera ministra del NDP de Alberta, Rachel Notley.<\/p>\n<p>Ahora tenemos seis premiers que le han escrito a Trudeau solicitando una reuni\u00f3n, incluido Andrew Furey, el preier liberal de Newfoundland y Labrador, y Trudeau recurre a una reuni\u00f3n de hace ocho a\u00f1os en la que actu\u00f3 de mala fe. Trudeau est\u00e1 tratando de afirmar que son s\u00f3lo los premiers y los pol\u00edticos conservadores quienes est\u00e1n rechazando el impuesto al carbono.<\/p>\n<p>Esa afirmaci\u00f3n descuenta la carta de Furey y una solicitud de un s\u00e9ptimo premier, Wab Kinew de Manitoba, un nuevo dem\u00f3crata, que ha pedido que se elimine el impuesto al carbono en su provincia.<\/p>\n<p>&#8220;Los canadienses esperan que trabajemos juntos y es hora de que usted se siente a la mesa&#8221;, dijo Moe en su carta a Trudeau.<\/p>\n<p>Ese fue un sentimiento del que se hizo eco el premier de Ontario, Doug Ford, un hombre que ha trabajado bien y en estrecha colaboraci\u00f3n con Trudeau durante los \u00faltimos a\u00f1os.<\/p>\n<p>&#8220;Es hora de que nos unamos como l\u00edderes para abordar las preocupaciones reales de asequibilidad expresadas por los canadienses y hacer todo lo posible para ayudarlos a mantener bajos los costos&#8221;, escribi\u00f3 Ford.<\/p>\n<p>Sin embargo, Trudeau no acepta nada de eso; se est\u00e1 esforzando por defender su impuesto al carbono frente a los premiers de todo el pa\u00eds y de todas las tendencias pol\u00edticas. Est\u00e1 respondiendo al 69% de los canadienses que, seg\u00fan una encuesta de Leger, se opusieron a la decisi\u00f3n de Trudeau de aumentar el impuesto al carbono el 1 de abril.<\/p>\n<p>Trudeau sigue afirmando que ocho de cada 10 familias obtienen m\u00e1s dinero gracias al impuesto al carbono.<\/p>\n<p>\u201cSi tienes una mansi\u00f3n gigante, una piscina cubierta y tres autos personales grandes, puede que no cubra todo eso, pero para las familias normales que trabajan duro, pone m\u00e1s dinero en sus bolsillos\u201d, dijo Trudeau.<\/p>\n<p>Esa declaraci\u00f3n ignora el informe y los comentarios recientes del Oficial de Presupuesto Parlamentario no partidista, quien ha declarado varias veces que cuando se consideran todos los factores en el impuesto al carbono, la mayor\u00eda de las familias est\u00e1n en peor situaci\u00f3n.<\/p>\n<p>&#8220;Cuando se consideran los impactos fiscales y econ\u00f3micos del cargo federal al combustible, estimamos que la mayor\u00eda de los hogares ver\u00e1n una p\u00e9rdida neta&#8221;, dijo el funcionario parlamentario de presupuesto, Yves Giroux, en un informe publicado en marzo pasado.<\/p>\n<p>&#8220;Seg\u00fan nuestro an\u00e1lisis, la mayor\u00eda de los hogares pagar\u00e1n m\u00e1s en cargos por combustible y GST, adem\u00e1s de recibir ingresos ligeramente m\u00e1s bajos, de lo que recibir\u00e1n en pagos de incentivos de acci\u00f3n clim\u00e1tica&#8221;.<\/p>\n<p>Pagar\u00e1 m\u00e1s, ganar\u00e1 menos y Trudeau dice que eso mejorar\u00e1 su situaci\u00f3n.<\/p>\n<p>En su reuni\u00f3n de 2016 con los premiers de ese entonces, Trudeau hizo una promesa que, como muchas otras, no cumpli\u00f3, diciendo que no impondr\u00eda una soluci\u00f3n. Tambi\u00e9n le dijo al pa\u00eds antes de las elecciones de 2019 que su gobierno no ten\u00eda intenci\u00f3n de aumentar el impuesto m\u00e1s all\u00e1 de 50 d\u00f3lares por tonelada, ahora es de 80 d\u00f3lares y sigue subiendo.<\/p>\n<p>Ahora, para posponer otra reuni\u00f3n con un nuevo grupo de premiers, est\u00e1 diciendo m\u00e1s mentiras que estamos mejor. La \u00fanica manera de que estaremos mejor es cuando \u00e9l deje el cargo. \u00a1Punto!<\/p>\n","protected":false},"excerpt":{"rendered":"<p>&nbsp; El Primer Ministro dice que se reuni\u00f3 con los premiers hace ocho a\u00f1os, pero ninguno de los primeros que ocupan el puesto ahora fue&hellip;<\/p>\n","protected":false},"author":99,"featured_media":517530,"comment_status":"open","ping_status":"open","sticky":false,"template":"","format":"standard","meta":{"footnotes":""},"categories":[21],"tags":[],"class_list":["post-517529","post","type-post","status-publish","format-standard","has-post-thumbnail","hentry","category-canada"],"_links":{"self":[{"href":"https:\/\/diarioelpopular.com\/index.php\/wp-json\/wp\/v2\/posts\/517529","targetHints":{"allow":["GET"]}}],"collection":[{"href":"https:\/\/diarioelpopular.com\/index.php\/wp-json\/wp\/v2\/posts"}],"about":[{"href":"https:\/\/diarioelpopular.com\/index.php\/wp-json\/wp\/v2\/types\/post"}],"author":[{"embeddable":true,"href":"https:\/\/diarioelpopular.com\/index.php\/wp-json\/wp\/v2\/users\/99"}],"replies":[{"embeddable":true,"href":"https:\/\/diarioelpopular.com\/index.php\/wp-json\/wp\/v2\/comments?post=517529"}],"version-history":[{"count":2,"href":"https:\/\/diarioelpopular.com\/index.php\/wp-json\/wp\/v2\/posts\/517529\/revisions"}],"predecessor-version":[{"id":517533,"href":"https:\/\/diarioelpopular.com\/index.php\/wp-json\/wp\/v2\/posts\/517529\/revisions\/517533"}],"wp:featuredmedia":[{"embeddable":true,"href":"https:\/\/diarioelpopular.com\/index.php\/wp-json\/wp\/v2\/media\/517530"}],"wp:attachment":[{"href":"https:\/\/diarioelpopular.com\/index.php\/wp-json\/wp\/v2\/media?parent=517529"}],"wp:term":[{"taxonomy":"category","embeddable":true,"href":"https:\/\/diarioelpopular.com\/index.php\/wp-json\/wp\/v2\/categories?post=517529"},{"taxonomy":"post_tag","embeddable":true,"href":"https:\/\/diarioelpopular.com\/index.php\/wp-json\/wp\/v2\/tags?post=517529"}],"curies":[{"name":"wp","href":"https:\/\/api.w.org\/{rel}","templated":true}]}}