{"id":517559,"date":"2024-04-10T10:04:36","date_gmt":"2024-04-10T14:04:36","guid":{"rendered":"https:\/\/diarioelpopular.com\/?p=517559"},"modified":"2024-04-10T10:04:36","modified_gmt":"2024-04-10T14:04:36","slug":"el-premier-de-quebec-amenaza-con-llevar-a-cabo-un-referendum-sobre-los-poderes-de-inmigracion-y-denuncia-a-trudeau","status":"publish","type":"post","link":"https:\/\/diarioelpopular.com\/index.php\/2024\/04\/10\/el-premier-de-quebec-amenaza-con-llevar-a-cabo-un-referendum-sobre-los-poderes-de-inmigracion-y-denuncia-a-trudeau\/","title":{"rendered":"El premier de Quebec amenaza con llevar a cabo un refer\u00e9ndum sobre los poderes de inmigraci\u00f3n y denuncia a Trudeau"},"content":{"rendered":"<p><img loading=\"lazy\" decoding=\"async\" class=\"alignnone size-custom-full-size wp-image-517560\" src=\"https:\/\/diarioelpopular.com\/wp-content\/uploads\/2024\/04\/Screen-Shot-2024-04-10-at-10.04.10-AM-636x450.png\" alt=\"\" width=\"636\" height=\"450\" srcset=\"https:\/\/diarioelpopular.com\/wp-content\/uploads\/2024\/04\/Screen-Shot-2024-04-10-at-10.04.10-AM-636x450.png 636w, https:\/\/diarioelpopular.com\/wp-content\/uploads\/2024\/04\/Screen-Shot-2024-04-10-at-10.04.10-AM-300x212.png 300w, https:\/\/diarioelpopular.com\/wp-content\/uploads\/2024\/04\/Screen-Shot-2024-04-10-at-10.04.10-AM-768x543.png 768w, https:\/\/diarioelpopular.com\/wp-content\/uploads\/2024\/04\/Screen-Shot-2024-04-10-at-10.04.10-AM-103x73.png 103w, https:\/\/diarioelpopular.com\/wp-content\/uploads\/2024\/04\/Screen-Shot-2024-04-10-at-10.04.10-AM.png 1024w\" sizes=\"auto, (max-width: 636px) 100vw, 636px\" \/><\/p>\n<p>&nbsp;<\/p>\n<p>&nbsp;<\/p>\n<ul>\n<li><em><strong>El premier de Quebec, Fran\u00e7ois Legault, est\u00e1 pidiendo un vez m\u00e1s, a Ottawa que act\u00fae, diciendo que no ha descartado la celebraci\u00f3n de un refer\u00e9ndum sobre los poderes de inmigraci\u00f3n y acusando al gobierno federal de inmiscuirse en los asuntos de la provincia.<\/strong><\/em><\/li>\n<\/ul>\n<p>&nbsp;<\/p>\n<p><em><strong>MONTREAL.-<\/strong><\/em> Hablando desde la legislatura provincial, Legault inst\u00f3 al primer ministro Justin Trudeau a \u201cescuchar a los quebequenses\u201d cuando se trata de preocupaciones sobre los elevados niveles de inmigraci\u00f3n.<\/p>\n<p>Los comentarios de Legault se producen cuando el presupuesto federal para 2024 se dar\u00e1 a conocer la pr\u00f3xima semana y en medio de lo que el premier describi\u00f3 como un \u201cespect\u00e1culo de fuegos artificiales de anuncios del Sr. Trudeau en \u00e1reas de la jurisdicci\u00f3n de Quebec\u201d.<\/p>\n<p>\u201cLo que digo es que no lo excluyo. Yo digo que no est\u00e1 en nuestro plan a corto plazo\u201d, dijo Legault cuando se le pregunt\u00f3 si celebrar\u00eda un refer\u00e9ndum sobre la cuesti\u00f3n de los poderes de inmigraci\u00f3n.<\/p>\n<p>&#8220;Pero lo que quiero decirle al se\u00f1or Trudeau es que la mayor\u00eda de los quebequenses piensan que m\u00e1s de 560.000 inmigrantes temporales es demasiado&#8221;.<\/p>\n<p>Legault argument\u00f3 que el n\u00famero de reci\u00e9n llegados temporales se ha &#8220;explotado&#8221; bajo la supervisi\u00f3n del gobierno federal, ejerciendo presi\u00f3n sobre los sistemas de salud y educaci\u00f3n de Quebec.<\/p>\n<p>\u201cNo tenemos suficientes profesores, no tenemos suficientes viviendas. As\u00ed que realmente necesitamos obtener algunos resultados\u201d, dijo Legault a los periodistas. &#8220;Trudeau finalmente hab\u00eda admitido que: &#8220;S\u00ed, fue demasiado&#8221;, es la primera vez que dijo eso, por lo que esperamos que en la pr\u00f3xima reuni\u00f3n me prometi\u00f3 que, a m\u00e1s tardar el 30 de junio, traer\u00eda resultados&#8221;.<\/p>\n<p>Legault a\u00f1adi\u00f3 que el gobierno tiene dos opciones: reducir el n\u00famero de inmigrantes que llegan a la provincia o ceder m\u00e1s poderes de inmigraci\u00f3n a Quebec.<\/p>\n<p>Es la \u00faltima de las tensiones de larga data entre Legault y el gobierno federal sobre los objetivos de inmigraci\u00f3n y la llegada de decenas de miles solicitantes de asilo a Quebec. A principios de marzo, la provincia se mantuvo firme en su l\u00edmite en medio de la decisi\u00f3n de Ottawa de procesar alrededor de 20.500 solicitudes de residencia permanente en el programa de reunificaci\u00f3n familiar pendiente en Quebec.<\/p>\n<p>Quebec ha pedido m\u00e1s poder sobre el control de los reci\u00e9n llegados a la provincia, y Legault enfrenta una renovada presi\u00f3n del opositor Parti Qu\u00e9b\u00e9cois sobre el asunto.<\/p>\n<p>Legault pidi\u00f3 recientemente al gobierno federal que transfiriera todos los poderes en materia de inmigraci\u00f3n a Quebec, pero Trudeau lo rechaz\u00f3 el mes pasado. Cuando se le pregunt\u00f3 a Trudeau si eso era algo a lo que estar\u00eda abierto, respondi\u00f3 en franc\u00e9s con un claro &#8220;No&#8221;.<\/p>\n<p>En ese momento, Trudeau dijo que Quebec ya tiene m\u00e1s poderes sobre inmigraci\u00f3n que cualquier otra provincia para proteger el idioma franc\u00e9s y que no es una cuesti\u00f3n de jurisdicci\u00f3n sino de encontrar soluciones trabajando juntos.<\/p>\n<p>Legault dijo que los quebequenses dan la bienvenida a los reci\u00e9n llegados, pero que la provincia ha excedido su capacidad y \u201cno puede hacerlo m\u00e1s\u201d.<\/p>\n<p>&#8220;Tengo un mensaje para el se\u00f1or Trudeau: en lugar de hacer anuncios en las \u00e1reas de jurisdicci\u00f3n de Quebec, oc\u00fapese de una por todas de sus propias responsabilidades, en particular la inmigraci\u00f3n&#8221;, dijo.<\/p>\n","protected":false},"excerpt":{"rendered":"<p>&nbsp; &nbsp; El premier de Quebec, Fran\u00e7ois Legault, est\u00e1 pidiendo un vez m\u00e1s, a Ottawa que act\u00fae, diciendo que no ha descartado la celebraci\u00f3n de&hellip;<\/p>\n","protected":false},"author":99,"featured_media":517560,"comment_status":"open","ping_status":"open","sticky":false,"template":"","format":"standard","meta":{"footnotes":""},"categories":[21],"tags":[],"class_list":["post-517559","post","type-post","status-publish","format-standard","has-post-thumbnail","hentry","category-canada"],"_links":{"self":[{"href":"https:\/\/diarioelpopular.com\/index.php\/wp-json\/wp\/v2\/posts\/517559","targetHints":{"allow":["GET"]}}],"collection":[{"href":"https:\/\/diarioelpopular.com\/index.php\/wp-json\/wp\/v2\/posts"}],"about":[{"href":"https:\/\/diarioelpopular.com\/index.php\/wp-json\/wp\/v2\/types\/post"}],"author":[{"embeddable":true,"href":"https:\/\/diarioelpopular.com\/index.php\/wp-json\/wp\/v2\/users\/99"}],"replies":[{"embeddable":true,"href":"https:\/\/diarioelpopular.com\/index.php\/wp-json\/wp\/v2\/comments?post=517559"}],"version-history":[{"count":1,"href":"https:\/\/diarioelpopular.com\/index.php\/wp-json\/wp\/v2\/posts\/517559\/revisions"}],"predecessor-version":[{"id":517561,"href":"https:\/\/diarioelpopular.com\/index.php\/wp-json\/wp\/v2\/posts\/517559\/revisions\/517561"}],"wp:featuredmedia":[{"embeddable":true,"href":"https:\/\/diarioelpopular.com\/index.php\/wp-json\/wp\/v2\/media\/517560"}],"wp:attachment":[{"href":"https:\/\/diarioelpopular.com\/index.php\/wp-json\/wp\/v2\/media?parent=517559"}],"wp:term":[{"taxonomy":"category","embeddable":true,"href":"https:\/\/diarioelpopular.com\/index.php\/wp-json\/wp\/v2\/categories?post=517559"},{"taxonomy":"post_tag","embeddable":true,"href":"https:\/\/diarioelpopular.com\/index.php\/wp-json\/wp\/v2\/tags?post=517559"}],"curies":[{"name":"wp","href":"https:\/\/api.w.org\/{rel}","templated":true}]}}