{"id":517672,"date":"2024-04-15T09:41:01","date_gmt":"2024-04-15T13:41:01","guid":{"rendered":"https:\/\/diarioelpopular.com\/?p=517672"},"modified":"2024-04-15T09:41:01","modified_gmt":"2024-04-15T13:41:01","slug":"los-dentistas-dudan-en-inscribirse-en-un-plan-dental-federal-se-recomienda-a-las-personas-mayores-que-consideren-todas-las-opciones","status":"publish","type":"post","link":"https:\/\/diarioelpopular.com\/index.php\/2024\/04\/15\/los-dentistas-dudan-en-inscribirse-en-un-plan-dental-federal-se-recomienda-a-las-personas-mayores-que-consideren-todas-las-opciones\/","title":{"rendered":"Los dentistas dudan en inscribirse en un plan dental federal; Se recomienda a las personas mayores que consideren todas las opciones."},"content":{"rendered":"<p><img loading=\"lazy\" decoding=\"async\" class=\"alignnone size-custom-full-size wp-image-517673\" src=\"https:\/\/diarioelpopular.com\/wp-content\/uploads\/2024\/04\/Screen-Shot-2024-04-15-at-9.39.48-AM-636x396.png\" alt=\"\" width=\"636\" height=\"396\" srcset=\"https:\/\/diarioelpopular.com\/wp-content\/uploads\/2024\/04\/Screen-Shot-2024-04-15-at-9.39.48-AM-636x396.png 636w, https:\/\/diarioelpopular.com\/wp-content\/uploads\/2024\/04\/Screen-Shot-2024-04-15-at-9.39.48-AM-300x187.png 300w, https:\/\/diarioelpopular.com\/wp-content\/uploads\/2024\/04\/Screen-Shot-2024-04-15-at-9.39.48-AM-768x478.png 768w, https:\/\/diarioelpopular.com\/wp-content\/uploads\/2024\/04\/Screen-Shot-2024-04-15-at-9.39.48-AM-117x73.png 117w, https:\/\/diarioelpopular.com\/wp-content\/uploads\/2024\/04\/Screen-Shot-2024-04-15-at-9.39.48-AM.png 1024w\" sizes=\"auto, (max-width: 636px) 100vw, 636px\" \/><\/p>\n<p>&nbsp;<\/p>\n<p><em><strong>&#8211; El Ministro de Salud de Canad\u00e1 se reuni\u00f3 con dentistas para abordar las preocupaciones sobre el Plan Canadiense de Atenci\u00f3n Dental mientras la Asociaci\u00f3n Dental de Alberta cuestionaba si se inscribir\u00e1n suficientes dentistas para brindar atenci\u00f3n cuando el plan comience para personas mayores en mayo.<\/strong><\/em><\/p>\n<p>Las personas mayores elegibles podr\u00e1n acceder al tratamiento de atenci\u00f3n de salud bucal a trav\u00e9s del plan (CDCP) a partir de mayo; las solicitudes han estado abiertas desde diciembre para las personas de 87 a\u00f1os o m\u00e1s, y para grupos de edad adicionales en los meses posteriores. A partir de este mes, las personas de 70 a\u00f1os o m\u00e1s son elegibles para postularse, y las de 65 a 69 a\u00f1os podr\u00e1n inscribirse en mayo.<\/p>\n<p>La Dra. Jenny Doerksen, presidente de la Asociaci\u00f3n Dental de Alberta, dice que Ottawa a\u00fan no ha proporcionado suficientes detalles.<\/p>\n<p>El jueves se reuni\u00f3 con el ministro federal de Salud, junto con representantes de asociaciones dentales de todo el pa\u00eds.<\/p>\n<p>\u201c\u00bfPor qu\u00e9 ponen barreras introduciendo el concepto de registro y contratos con t\u00e9rminos y condiciones desconocidos? No obtuvimos una respuesta muy clara a eso\u201d, dijo Doerksen.<\/p>\n<p>Los dentistas se resisten a la idea de firmar contratos para unirse al programa y tambi\u00e9n les preocupa imponer m\u00e1s papeleo al personal administrativo.<\/p>\n<p>Doerksen dijo que los dentistas de Canad\u00e1 apoyan la idea de un plan nacional p\u00fablico de atenci\u00f3n dental, pero califica el plan actual como defectuoso.<\/p>\n<p>&#8220;La principal preocupaci\u00f3n es que, a diferencia de otros programas, este plan de atenci\u00f3n dental canadiense en particular pide a los dentistas que firmen un contrato sin t\u00e9rminos ni condiciones&#8221;, dijo Doerksen.<\/p>\n<p>\u201cEstos son innecesarios y desconocidos para nosotros y realmente interfieren con la autonom\u00eda de los pacientes para elegir su propio dentista\u201d, dijo.<\/p>\n<p>Un portavoz del ministro de Sanidad, Mark Holland, afirma que el jueves tuvo una reuni\u00f3n &#8220;productiva&#8221; con los dentistas.<\/p>\n<p>\u201cLos proveedores de salud bucal son esenciales para el \u00e9xito del CDCP. Es por eso que nuestro gobierno se compromete a trabajar con ellos para explorar formas de reducir las barreras para que todos los profesionales de la salud bucal puedan brindar servicios a los pacientes bajo el CDCP\u201d.<\/p>\n<p>El portavoz dijo en un comunicado: &#8220;el &#8216;contrato&#8217; al que se refiere el Dr. Doerksen es un acuerdo de procesamiento de pagos y reclamaciones, que es un est\u00e1ndar de la industria en materia de facturaci\u00f3n directa&#8221;.<\/p>\n<p>\u201cDesafortunadamente, no puedo decir que haya informaci\u00f3n adicional, as\u00ed que sigo en el mismo barco que hace unos meses. No tengo muy claro c\u00f3mo se implementar\u00e1 el plan dental canadiense. No estoy seguro de c\u00f3mo afectar\u00e1 esto a nuestros pacientes, nuestra pr\u00e1ctica y nuestro personal\u201d, dijo Doerksen.<\/p>\n<p>Laura Woods es una higienista dental independiente que trabaja en centros de atenci\u00f3n a largo plazo en Calgary.<\/p>\n<p>Ella ha estado aconsejando a las personas mayores que consideren a higienistas que puedan brindar una amplia gama de servicios.<\/p>\n<p>\u201cLes hacemos saber que este no es el final del camino y que hay varios proveedores de atenci\u00f3n de salud bucal que han participado en el programa. Tienen acceso tanto a un dentista como a un higienista independiente en todo Alberta para ayudarlos\u201d, dijo Woods.<\/p>\n<p>Dijo que el programa est\u00e1 en su infancia y que ha estado hablando en centros de atenci\u00f3n para que la gente sepa m\u00e1s sobre el programa.<\/p>\n<p>\u201cSi no pueden encontrar un dentista, pueden buscar un higienista dental independiente. Tenemos una amplia gama de pr\u00e1ctica en Alberta. Podemos hacer ex\u00e1menes y radiograf\u00edas y podemos diagnosticar y ayudar a derivar. Podemos ayudar a encontrar personas que participen en ese programa\u201d, dijo Woods.<\/p>\n<p>&#8220;S\u00e9 que muchas personas mayores en este momento, con el costo creciente de todo, se las arreglar\u00e1n sin atenci\u00f3n dental para poder pagar sus facturas diarias&#8221;, dijo Jeannette Provo, directora ejecutiva del Centro de actividades 55+ de Confederation Park en Calgary. &#8220;Posiblemente terminar\u00e1n en atenci\u00f3n de urgencia o posiblemente en el hospital para que atiendan sus necesidades porque no necesariamente pueden permitirse el lujo de pagarle a un dentista&#8221;.<\/p>\n<p>Provo dijo que el plan podr\u00eda resultar muy beneficioso para los adultos mayores.<\/p>\n<p>\u201cEstoy un poco decepcionado de que los dentistas no se inscriban. Tambi\u00e9n lo entiendo desde su perspectiva: tienen un negocio que administrar. Creo que es necesario que los dentistas tengan m\u00e1s claridad antes de seguir adelante con esto\u201d, dijo Provo.<\/p>\n<p>Para ser elegible bajo el plan, los canadienses no deben tener acceso a un seguro dental, tener un ingreso familiar neto ajustado anual de menos de $90,000, ser residente canadiense a efectos fiscales y haber presentado una declaraci\u00f3n de impuestos del a\u00f1o anterior.<\/p>\n<p>Se han enviado cartas a los canadienses elegibles de 70 a\u00f1os o m\u00e1s para que presenten su solicitud al CDCP, que proporciona un c\u00f3digo para que puedan presentar su solicitud por tel\u00e9fono.<\/p>\n<p>Tambi\u00e9n hay un copago para aquellos con ingresos netos del hogar entre $70,000 y $90,000.<\/p>\n<p>El programa nacional eventualmente se aplicar\u00e1 a una cuarta parte de los canadienses, pero se est\u00e1 implementando gradualmente, comenzando primero con las personas mayores.<\/p>\n<p>Un plan dental provisional cubre a los ni\u00f1os menores de 12 a\u00f1os.<\/p>\n","protected":false},"excerpt":{"rendered":"<p>&nbsp; &#8211; El Ministro de Salud de Canad\u00e1 se reuni\u00f3 con dentistas para abordar las preocupaciones sobre el Plan Canadiense de Atenci\u00f3n Dental mientras la&hellip;<\/p>\n","protected":false},"author":99,"featured_media":517673,"comment_status":"open","ping_status":"open","sticky":false,"template":"","format":"standard","meta":{"footnotes":""},"categories":[21],"tags":[],"class_list":["post-517672","post","type-post","status-publish","format-standard","has-post-thumbnail","hentry","category-canada"],"_links":{"self":[{"href":"https:\/\/diarioelpopular.com\/index.php\/wp-json\/wp\/v2\/posts\/517672","targetHints":{"allow":["GET"]}}],"collection":[{"href":"https:\/\/diarioelpopular.com\/index.php\/wp-json\/wp\/v2\/posts"}],"about":[{"href":"https:\/\/diarioelpopular.com\/index.php\/wp-json\/wp\/v2\/types\/post"}],"author":[{"embeddable":true,"href":"https:\/\/diarioelpopular.com\/index.php\/wp-json\/wp\/v2\/users\/99"}],"replies":[{"embeddable":true,"href":"https:\/\/diarioelpopular.com\/index.php\/wp-json\/wp\/v2\/comments?post=517672"}],"version-history":[{"count":1,"href":"https:\/\/diarioelpopular.com\/index.php\/wp-json\/wp\/v2\/posts\/517672\/revisions"}],"predecessor-version":[{"id":517674,"href":"https:\/\/diarioelpopular.com\/index.php\/wp-json\/wp\/v2\/posts\/517672\/revisions\/517674"}],"wp:featuredmedia":[{"embeddable":true,"href":"https:\/\/diarioelpopular.com\/index.php\/wp-json\/wp\/v2\/media\/517673"}],"wp:attachment":[{"href":"https:\/\/diarioelpopular.com\/index.php\/wp-json\/wp\/v2\/media?parent=517672"}],"wp:term":[{"taxonomy":"category","embeddable":true,"href":"https:\/\/diarioelpopular.com\/index.php\/wp-json\/wp\/v2\/categories?post=517672"},{"taxonomy":"post_tag","embeddable":true,"href":"https:\/\/diarioelpopular.com\/index.php\/wp-json\/wp\/v2\/tags?post=517672"}],"curies":[{"name":"wp","href":"https:\/\/api.w.org\/{rel}","templated":true}]}}