{"id":517687,"date":"2024-04-16T09:16:50","date_gmt":"2024-04-16T13:16:50","guid":{"rendered":"https:\/\/diarioelpopular.com\/?p=517687"},"modified":"2024-04-16T09:16:50","modified_gmt":"2024-04-16T13:16:50","slug":"algunos-concejales-quieren-que-se-elimine-el-impuesto-a-las-viviendas-desocupadas-pero-chow-promete-solucionarlo","status":"publish","type":"post","link":"https:\/\/diarioelpopular.com\/index.php\/2024\/04\/16\/algunos-concejales-quieren-que-se-elimine-el-impuesto-a-las-viviendas-desocupadas-pero-chow-promete-solucionarlo\/","title":{"rendered":"Algunos concejales quieren que se elimine el impuesto a las viviendas desocupadas, pero Chow promete solucionarlo"},"content":{"rendered":"<p><img loading=\"lazy\" decoding=\"async\" class=\"alignnone size-custom-full-size wp-image-517688\" src=\"https:\/\/diarioelpopular.com\/wp-content\/uploads\/2024\/04\/Screen-Shot-2024-04-16-at-9.14.46-AM-636x387.png\" alt=\"\" width=\"636\" height=\"387\" srcset=\"https:\/\/diarioelpopular.com\/wp-content\/uploads\/2024\/04\/Screen-Shot-2024-04-16-at-9.14.46-AM-636x387.png 636w, https:\/\/diarioelpopular.com\/wp-content\/uploads\/2024\/04\/Screen-Shot-2024-04-16-at-9.14.46-AM-300x183.png 300w, https:\/\/diarioelpopular.com\/wp-content\/uploads\/2024\/04\/Screen-Shot-2024-04-16-at-9.14.46-AM-768x468.png 768w, https:\/\/diarioelpopular.com\/wp-content\/uploads\/2024\/04\/Screen-Shot-2024-04-16-at-9.14.46-AM-120x73.png 120w, https:\/\/diarioelpopular.com\/wp-content\/uploads\/2024\/04\/Screen-Shot-2024-04-16-at-9.14.46-AM.png 1024w\" sizes=\"auto, (max-width: 636px) 100vw, 636px\" \/><\/p>\n<p>&nbsp;<\/p>\n<ul>\n<li><em><strong>\u00bfArreglarlo o rechazarlo? \u00c9sa es la cuesti\u00f3n que el ayuntamiento de Toronto debatir\u00e1 esta semana mientras contin\u00faa lidiando con las consecuencias del desastroso lanzamiento de primavera del Impuesto a las Viviendas Desocupadas.<\/strong><\/em><\/li>\n<\/ul>\n<p>&nbsp;<\/p>\n<p>Se supon\u00eda que el impuesto ayudar\u00eda a Toronto a enfrentar una creciente crisis inmobiliaria al disuadir a los propietarios de mantener vac\u00edas las viviendas que tanto necesitan. En cambio, se convirti\u00f3 en una enorme debacle burocr\u00e1tica en la que los desconcertados propietarios de viviendas ocupadas se vieron afectados por facturas de miles de d\u00f3lares que les provocaron ansiedad.<\/p>\n<p>La Ciudad r\u00e1pidamente revoc\u00f3 esos cargos y dice que agregar\u00e1 una serie de medidas para ayudar al proceso este a\u00f1o, mientras lo mejora a\u00fan m\u00e1s para el pr\u00f3ximo.<\/p>\n<p>Pero el concejal de Etobicoke, Vincent Crisanti, dice que es hora de eliminar el impuesto. Presentar\u00e1 una moci\u00f3n en la reuni\u00f3n del consejo del mi\u00e9rcoles que pide al consejo eliminar el impuesto, argumentando que es &#8220;irreparable&#8221;.<\/p>\n<p>Su moci\u00f3n, que fue apoyada por el concejal Stephen Holyday, busca cancelar el impuesto \u201cinmediatamente\u201d, al mismo tiempo que ordena al personal de la ciudad que informe al concejo municipal antes del cuarto trimestre de 2024 sobre \u201cformas innovadoras de manejar la crisis de asequibilidad de la vivienda en Toronto\u201d. .\u201d<\/p>\n<p>\u201cLa ciudad de Toronto ha recibido m\u00e1s de 60.000 quejas y miles de residentes han recibido indebidamente una factura fiscal considerable de miles de d\u00f3lares\u201d, se lee en la moci\u00f3n de Crisanti. \u201cEst\u00e1 claro que el impuesto a las viviendas desocupadas no s\u00f3lo es invasivo para nuestros contribuyentes, sino que tambi\u00e9n es perjudicial e inconveniente sin posibilidad de reparaci\u00f3n\u201d.<\/p>\n<p>Crisanti dijo que su oficina se ha visto abrumada por las quejas sobre el impuesto, diciendo que &#8220;literalmente ha tomado el control de mi oficina&#8221;.<\/p>\n<p>\u201cLo que espero es tener \u00e9xito al pedirle al consejo que cancele este impuesto\u201d, dijo a CityNews el lunes.<\/p>\n<p>&#8220;Creo que si logramos hacer eso, entonces simplemente desaparecer\u00e1 porque muchos de los comentarios o respuestas que recibo son que estos impuestos se han vuelto muy perturbadores, est\u00e1n rotos en su n\u00facleo y no tienen reparaci\u00f3n&#8221;.<\/p>\n<p>&#8220;Tiene que desaparecer&#8221;, subray\u00f3. \u201cEst\u00e1 demasiado deteriorado para reformarlo. No reparable. Esto debe cancelarse\u201d.<\/p>\n<p>Los propietarios ten\u00edan hasta el 15 de marzo para declarar si su casa estaba desocupada, o enfrentar\u00edan un impuesto adicional del uno por ciento basado en el valor tasado de su propiedad.<\/p>\n<p>Muchos de los que tuvieron que pagar facturas a pesar de vivir en sus casas dijeron que no sab\u00edan que ten\u00edan que reclamar su ocupaci\u00f3n, mientras que otros dijeron que completaron los formularios a tiempo, pero aun as\u00ed recibieron una factura.<\/p>\n<p>Aquellos que no declararon su estado de residencia a tiempo, pero disputaron la factura del Impuesto sobre Viviendas Desocupadas que recibieron, fueron inicialmente castigados con una multa tard\u00eda de $21, que luego fue anulada cuando la alcaldesa Olivia Chow intent\u00f3 enmendar las masas enojadas.<\/p>\n<p>Chow se disculp\u00f3 por el desorden y dijo que el sistema se implement\u00f3 antes de que ella asumiera el cargo.<\/p>\n<p>&#8220;No es aceptable la forma en que implementamos este programa&#8230; Les prometo que limpiar\u00e9 esto&#8221;, dijo a principios de este mes.<\/p>\n<p>Mientras Cristiani est\u00e1 al frente del bando que rechaza todo, Chow se mantiene firme en que el impuesto es beneficioso y que el proceso puede arreglarse, a pesar de admitir que su dise\u00f1o inicial ten\u00eda \u201cfallos fatales\u201d.<\/p>\n<p>\u201cEn el tercer trimestre de este a\u00f1o&#8230; veremos un programa completamente redise\u00f1ado\u201d, dijo a CityNews el viernes pasado mientras defend\u00eda el concepto del Impuesto a las Viviendas Desocupadas.<\/p>\n<p>&#8220;Necesitamos encontrar formas de asegurarnos de que estos especuladores, algunos de ellos (propios) de edificios de apartamentos que est\u00e1n vac\u00edos durante todo un a\u00f1o, sean disciplinados financieramente de manera que podamos tomar ese dinero y usarlo para construir viviendas asequibles&#8221;.<\/p>\n<p>&#8220;El concepto es una gran idea&#8221;, sostuvo. &#8220;Lo redise\u00f1aremos y funcionar\u00e1 el pr\u00f3ximo a\u00f1o&#8221;.<\/p>\n","protected":false},"excerpt":{"rendered":"<p>&nbsp; \u00bfArreglarlo o rechazarlo? \u00c9sa es la cuesti\u00f3n que el ayuntamiento de Toronto debatir\u00e1 esta semana mientras contin\u00faa lidiando con las consecuencias del desastroso lanzamiento&hellip;<\/p>\n","protected":false},"author":99,"featured_media":517688,"comment_status":"open","ping_status":"open","sticky":false,"template":"","format":"standard","meta":{"footnotes":""},"categories":[21],"tags":[],"class_list":["post-517687","post","type-post","status-publish","format-standard","has-post-thumbnail","hentry","category-canada"],"_links":{"self":[{"href":"https:\/\/diarioelpopular.com\/index.php\/wp-json\/wp\/v2\/posts\/517687","targetHints":{"allow":["GET"]}}],"collection":[{"href":"https:\/\/diarioelpopular.com\/index.php\/wp-json\/wp\/v2\/posts"}],"about":[{"href":"https:\/\/diarioelpopular.com\/index.php\/wp-json\/wp\/v2\/types\/post"}],"author":[{"embeddable":true,"href":"https:\/\/diarioelpopular.com\/index.php\/wp-json\/wp\/v2\/users\/99"}],"replies":[{"embeddable":true,"href":"https:\/\/diarioelpopular.com\/index.php\/wp-json\/wp\/v2\/comments?post=517687"}],"version-history":[{"count":1,"href":"https:\/\/diarioelpopular.com\/index.php\/wp-json\/wp\/v2\/posts\/517687\/revisions"}],"predecessor-version":[{"id":517689,"href":"https:\/\/diarioelpopular.com\/index.php\/wp-json\/wp\/v2\/posts\/517687\/revisions\/517689"}],"wp:featuredmedia":[{"embeddable":true,"href":"https:\/\/diarioelpopular.com\/index.php\/wp-json\/wp\/v2\/media\/517688"}],"wp:attachment":[{"href":"https:\/\/diarioelpopular.com\/index.php\/wp-json\/wp\/v2\/media?parent=517687"}],"wp:term":[{"taxonomy":"category","embeddable":true,"href":"https:\/\/diarioelpopular.com\/index.php\/wp-json\/wp\/v2\/categories?post=517687"},{"taxonomy":"post_tag","embeddable":true,"href":"https:\/\/diarioelpopular.com\/index.php\/wp-json\/wp\/v2\/tags?post=517687"}],"curies":[{"name":"wp","href":"https:\/\/api.w.org\/{rel}","templated":true}]}}