{"id":517718,"date":"2024-04-18T09:24:00","date_gmt":"2024-04-18T13:24:00","guid":{"rendered":"https:\/\/diarioelpopular.com\/?p=517718"},"modified":"2024-04-18T09:24:00","modified_gmt":"2024-04-18T13:24:00","slug":"vivir-de-cheque-en-cheque-las-personas-estan-bajo-estres-advierte-equifax","status":"publish","type":"post","link":"https:\/\/diarioelpopular.com\/index.php\/2024\/04\/18\/vivir-de-cheque-en-cheque-las-personas-estan-bajo-estres-advierte-equifax\/","title":{"rendered":"Vivir de cheque en cheque: &#8216;Las personas est\u00e1n bajo estr\u00e9s&#8217;, advierte Equifax"},"content":{"rendered":"<p><img loading=\"lazy\" decoding=\"async\" class=\"alignnone size-custom-full-size wp-image-517719\" src=\"https:\/\/diarioelpopular.com\/wp-content\/uploads\/2024\/04\/Screen-Shot-2024-04-18-at-9.22.23-AM-636x384.png\" alt=\"\" width=\"636\" height=\"384\" srcset=\"https:\/\/diarioelpopular.com\/wp-content\/uploads\/2024\/04\/Screen-Shot-2024-04-18-at-9.22.23-AM-636x384.png 636w, https:\/\/diarioelpopular.com\/wp-content\/uploads\/2024\/04\/Screen-Shot-2024-04-18-at-9.22.23-AM-300x181.png 300w, https:\/\/diarioelpopular.com\/wp-content\/uploads\/2024\/04\/Screen-Shot-2024-04-18-at-9.22.23-AM-768x463.png 768w, https:\/\/diarioelpopular.com\/wp-content\/uploads\/2024\/04\/Screen-Shot-2024-04-18-at-9.22.23-AM-121x73.png 121w, https:\/\/diarioelpopular.com\/wp-content\/uploads\/2024\/04\/Screen-Shot-2024-04-18-at-9.22.23-AM.png 1024w\" sizes=\"auto, (max-width: 636px) 100vw, 636px\" \/><\/p>\n<p>&nbsp;<\/p>\n<ul>\n<li><em><strong>Mientras decenas de miles enfrentan una abrumadora escasez de viviendas, altos precios de alquiler y presiones inflacionarias sobre los precios, ahora Equifax Canad\u00e1 advierte que los consumidores est\u00e1n cada vez m\u00e1s &#8220;bajo estr\u00e9s&#8221; por el creciente costo de la vivienda.<\/strong><\/em><\/li>\n<\/ul>\n<p>&#8220;Nuestros datos dicen que alrededor del 50 por ciento de las personas viven de sueldo a sueldo&#8221;, dijo Sue Hutchinson, presidenta de Equifax Canad\u00e1, al canal de noticias CTV.<\/p>\n<p>Los liberales han anunciado una serie de medidas para supuestamente ayudar a hacer mella en la crisis inmobiliaria de Canad\u00e1, y el Primer Ministro Justin Trudeau se ha comprometido a &#8220;aprovechar el momento&#8221; a medida que las generaciones m\u00e1s j\u00f3venes sienten cada vez m\u00e1s que la &#8220;estabilidad de la clase media&#8221; est\u00e1 fuera de alcance.<\/p>\n<p>&#8220;Los Millennials y la Generaci\u00f3n Z constituyen ahora la mayor\u00eda de la fuerza laboral de Canad\u00e1&#8221;, dijo. &#8220;Ellos son nuestra econom\u00eda&#8221;.<\/p>\n<p>Sin embargo, Hutchinson dice que aunque el costo de la vivienda sigue siendo &#8220;el mayor gasto&#8221; para los canadienses, el estr\u00e9s se est\u00e1 viendo en todos los \u00e1mbitos, y tanto los consumidores como las empresas est\u00e1n sintiendo la presi\u00f3n.<\/p>\n<p>&#8220;Estamos viendo mucho estr\u00e9s&#8221;, explic\u00f3 Hutchinson a Renee Rodgers de CTV News en una entrevista individual. &#8220;Estamos viendo un aumento en las quiebras, estamos viendo un aumento en los pagos atrasados&#8221;.<\/p>\n<p>Equifax &#8220;entusiasmado&#8221; por la Declaraci\u00f3n de Derechos de los Inquilinos<\/p>\n<p>Hutchinson tambi\u00e9n advirti\u00f3 que los alt\u00edsimos costos de la vivienda se est\u00e1n convirtiendo en un problema cada vez mayor para muchos y que las medidas para &#8220;apoyar el crecimiento de la vivienda&#8221; son bienvenidas y necesarias, pero se debe dar prioridad al aumento del parque de alquileres en Canad\u00e1.<\/p>\n<p>&#8220;Tenemos un n\u00famero cada vez mayor de inquilinos en este pa\u00eds&#8221;, dijo. &#8220;Ha aumentado alrededor del 20 por ciento&#8221;.<\/p>\n<p>Hutchinson dice que Equifax Canad\u00e1 est\u00e1 entusiasmado con la &#8220;discusi\u00f3n en evoluci\u00f3n&#8221; sobre los inquilinos y los pagos de alquiler, en particular la Declaraci\u00f3n de Derechos de los Inquilinos de Ottawa, que har\u00eda que los pagos puntuales contaran para una calificaci\u00f3n crediticia.<\/p>\n<p>&#8220;Tenemos aproximadamente un tercio de personas que no tienen historial crediticio&#8221;, explic\u00f3 Hutchinson. &#8220;Esto realmente los pone en desventaja en t\u00e9rminos de acceso a los principales servicios financieros&#8221;.<\/p>\n<p>&#8220;Mucho estr\u00e9s&#8221;<\/p>\n<p>Tampoco se debe olvidar la presi\u00f3n que enfrentan las empresas, con un aumento de las quiebras en todo el pa\u00eds, y Hutchinson dice que la cantidad de empresas que tuvieron dificultades para pagar los pr\u00e9stamos CEBA deber\u00eda servir como advertencia.<\/p>\n<p>&#8220;Algunos de los pr\u00e9stamos COVID a empresas&#8230; alrededor del 25 por ciento no realizaron sus pagos de enero&#8221;, advirti\u00f3 Hutchinson. &#8220;As\u00ed que estamos viendo muchas tensiones aqu\u00ed&#8221;.<\/p>\n<p>Aunque ha habido algunas especulaciones sobre la posibilidad de un aumento de impuestos(opens in a new tab), una posibilidad que Trudeau ha descartado para la clase media, Hutchinson dice que es importante que el gobierno federal brinde apoyo a los segmentos de la poblaci\u00f3n que m\u00e1s luchan con el creciente coste de la vida.<\/p>\n<p>&#8220;Ciertamente tenemos a los que tienen y a los que no tienen en este pa\u00eds&#8221;.<\/p>\n","protected":false},"excerpt":{"rendered":"<p>&nbsp; Mientras decenas de miles enfrentan una abrumadora escasez de viviendas, altos precios de alquiler y presiones inflacionarias sobre los precios, ahora Equifax Canad\u00e1 advierte&hellip;<\/p>\n","protected":false},"author":99,"featured_media":517719,"comment_status":"open","ping_status":"open","sticky":false,"template":"","format":"standard","meta":{"footnotes":""},"categories":[21,11191],"tags":[],"class_list":["post-517718","post","type-post","status-publish","format-standard","has-post-thumbnail","hentry","category-canada","category-top-news"],"_links":{"self":[{"href":"https:\/\/diarioelpopular.com\/index.php\/wp-json\/wp\/v2\/posts\/517718","targetHints":{"allow":["GET"]}}],"collection":[{"href":"https:\/\/diarioelpopular.com\/index.php\/wp-json\/wp\/v2\/posts"}],"about":[{"href":"https:\/\/diarioelpopular.com\/index.php\/wp-json\/wp\/v2\/types\/post"}],"author":[{"embeddable":true,"href":"https:\/\/diarioelpopular.com\/index.php\/wp-json\/wp\/v2\/users\/99"}],"replies":[{"embeddable":true,"href":"https:\/\/diarioelpopular.com\/index.php\/wp-json\/wp\/v2\/comments?post=517718"}],"version-history":[{"count":1,"href":"https:\/\/diarioelpopular.com\/index.php\/wp-json\/wp\/v2\/posts\/517718\/revisions"}],"predecessor-version":[{"id":517720,"href":"https:\/\/diarioelpopular.com\/index.php\/wp-json\/wp\/v2\/posts\/517718\/revisions\/517720"}],"wp:featuredmedia":[{"embeddable":true,"href":"https:\/\/diarioelpopular.com\/index.php\/wp-json\/wp\/v2\/media\/517719"}],"wp:attachment":[{"href":"https:\/\/diarioelpopular.com\/index.php\/wp-json\/wp\/v2\/media?parent=517718"}],"wp:term":[{"taxonomy":"category","embeddable":true,"href":"https:\/\/diarioelpopular.com\/index.php\/wp-json\/wp\/v2\/categories?post=517718"},{"taxonomy":"post_tag","embeddable":true,"href":"https:\/\/diarioelpopular.com\/index.php\/wp-json\/wp\/v2\/tags?post=517718"}],"curies":[{"name":"wp","href":"https:\/\/api.w.org\/{rel}","templated":true}]}}