{"id":517754,"date":"2024-04-19T14:54:57","date_gmt":"2024-04-19T18:54:57","guid":{"rendered":"https:\/\/diarioelpopular.com\/?p=517754"},"modified":"2024-04-19T14:54:57","modified_gmt":"2024-04-19T18:54:57","slug":"educacion-en-derechos-humanos-en-la-policia-regional-de-york-dia-internacional-anual-para-la-eliminacion-de-la-discriminacion-racial","status":"publish","type":"post","link":"https:\/\/diarioelpopular.com\/index.php\/2024\/04\/19\/educacion-en-derechos-humanos-en-la-policia-regional-de-york-dia-internacional-anual-para-la-eliminacion-de-la-discriminacion-racial\/","title":{"rendered":"EDUCACI\u00d3N EN DERECHOS HUMANOS EN LA POLIC\u00cdA REGIONAL DE YORK D\u00cdA INTERNACIONAL ANUAL PARA LA ELIMINACI\u00d3N DE LA DISCRIMINACI\u00d3N RACIAL"},"content":{"rendered":"<p><img loading=\"lazy\" decoding=\"async\" class=\"alignnone size-custom-full-size wp-image-517755\" src=\"https:\/\/diarioelpopular.com\/wp-content\/uploads\/2024\/04\/2024-YHR-volunteers-at-YRP-Elim-of-racial-discrimination-event-636x477.jpg\" alt=\"\" width=\"636\" height=\"477\" srcset=\"https:\/\/diarioelpopular.com\/wp-content\/uploads\/2024\/04\/2024-YHR-volunteers-at-YRP-Elim-of-racial-discrimination-event-636x477.jpg 636w, https:\/\/diarioelpopular.com\/wp-content\/uploads\/2024\/04\/2024-YHR-volunteers-at-YRP-Elim-of-racial-discrimination-event-300x225.jpg 300w, https:\/\/diarioelpopular.com\/wp-content\/uploads\/2024\/04\/2024-YHR-volunteers-at-YRP-Elim-of-racial-discrimination-event-768x576.jpg 768w, https:\/\/diarioelpopular.com\/wp-content\/uploads\/2024\/04\/2024-YHR-volunteers-at-YRP-Elim-of-racial-discrimination-event-1990x1493.jpg 1990w, https:\/\/diarioelpopular.com\/wp-content\/uploads\/2024\/04\/2024-YHR-volunteers-at-YRP-Elim-of-racial-discrimination-event-1200x900.jpg 1200w, https:\/\/diarioelpopular.com\/wp-content\/uploads\/2024\/04\/2024-YHR-volunteers-at-YRP-Elim-of-racial-discrimination-event-97x73.jpg 97w, https:\/\/diarioelpopular.com\/wp-content\/uploads\/2024\/04\/2024-YHR-volunteers-at-YRP-Elim-of-racial-discrimination-event.jpg 1024w\" sizes=\"auto, (max-width: 636px) 100vw, 636px\" \/><\/p>\n<h5><em>J\u00f3venes por los Derechos Humanos voluntarios en la 17th anual D\u00eda Internacional de la Polic\u00eda Regional de York para la Eliminaci\u00f3n de la Discriminaci\u00f3n Racial en el Markham listos para educar a otros sobre sus 30 derechos humanos contenidos en la Declaraci\u00f3n Universal de Derechos Humanos de las Naciones Unidas con la distribuci\u00f3n gratuita de sus folletos \u00bfQu\u00e9 son? \u00bfDerechos humanos?.<\/em><\/h5>\n<p>&nbsp;<\/p>\n<ul>\n<li><em><strong>J\u00f3venes por los Derechos Humanos voluntarios en la 17thanual D\u00eda Internacional de la Polic\u00eda Regional de York para la Eliminaci\u00f3n de la Discriminaci\u00f3n Racial en el Markham listos para educar a otros sobre sus 30 derechos humanos contenidos en la Declaraci\u00f3n Universal de Derechos Humanos de las Naciones Unidas con la distribuci\u00f3n gratuita de sus \u00bfQu\u00e9 son? \u00bfDerechos humanos? folleto.<\/strong><\/em><\/li>\n<\/ul>\n<p>&nbsp;<\/p>\n<p>&#8220;United for Human Rights Canada&#8221; y su componente juvenil Youth for Human Rights, participaron junto con otros grupos comunitarios en el 17\u00ba D\u00eda Internacional anual para la Eliminaci\u00f3n de la Discriminaci\u00f3n Racial de la Polic\u00eda Regional de York el fin de semana pasado en el espacio para eventos Markham Crystal Fountain.<\/p>\n<p>Proporcionaron recursos educativos gratuitos sobre derechos humanos para ayudar a personas, educadores y organizaciones en la difusi\u00f3n y adopci\u00f3n de la Declaraci\u00f3n Universal de Derechos Humanos en todos los niveles de la sociedad.<\/p>\n<p>Durante los \u00faltimos 17 a\u00f1os, la Polic\u00eda Regional de York ha estado conmemorando el D\u00eda Internacional para la Eliminaci\u00f3n de la Discriminaci\u00f3n Racial en asociaci\u00f3n con su comunidad multicultural en apoyo de la diversidad y al mismo tiempo reafirmando su compromiso con la erradicaci\u00f3n de la discriminaci\u00f3n racial.<\/p>\n<p>Nicole Crellin, directora de Unidos por los Derechos Humanos de Canad\u00e1, expres\u00f3 su firme compromiso de crear conciencia sobre la Declaraci\u00f3n Universal de Derechos Humanos (DUDH) y las acciones necesarias hoy para seguir implementando la DUDH en todas las naciones, comenzando en peque\u00f1os lugares cerca de casa.<\/p>\n<p>Adem\u00e1s de proporcionar materiales educativos sobre derechos humanos de forma gratuita, alentaron a los asistentes a firmar su petici\u00f3n de derechos humanos. La petici\u00f3n, dirigida a la Asamblea Legislativa de Ontario, solicita la implementaci\u00f3n de educaci\u00f3n obligatoria en derechos humanos dentro de la provincia de Ontario a trav\u00e9s de campa\u00f1as, eventos, una amplia publicaci\u00f3n y la difusi\u00f3n de la DUDH, creando as\u00ed una base para la libertad, la justicia y la paz.<\/p>\n<p>Unidos por los Derechos Humanos Internacional y su componente juvenil, Juventud por los Derechos Humanos es una organizaci\u00f3n sin fines de lucro fundada en 2001 con el prop\u00f3sito de inspirar a los j\u00f3venes a convertirse en defensores de la paz y la igualdad a trav\u00e9s de la educaci\u00f3n de la DUDH de las Naciones Unidas. Con m\u00e1s de 150 cap\u00edtulos en todo el mundo y sus materiales educativos traducidos a 27 idiomas, lleva el mensaje de derechos humanos a 195 naciones.<\/p>\n","protected":false},"excerpt":{"rendered":"<p>J\u00f3venes por los Derechos Humanos voluntarios en la 17th anual D\u00eda Internacional de la Polic\u00eda Regional de York para la Eliminaci\u00f3n de la Discriminaci\u00f3n Racial&hellip;<\/p>\n","protected":false},"author":99,"featured_media":517755,"comment_status":"open","ping_status":"open","sticky":false,"template":"","format":"standard","meta":{"footnotes":""},"categories":[21],"tags":[],"class_list":["post-517754","post","type-post","status-publish","format-standard","has-post-thumbnail","hentry","category-canada"],"_links":{"self":[{"href":"https:\/\/diarioelpopular.com\/index.php\/wp-json\/wp\/v2\/posts\/517754","targetHints":{"allow":["GET"]}}],"collection":[{"href":"https:\/\/diarioelpopular.com\/index.php\/wp-json\/wp\/v2\/posts"}],"about":[{"href":"https:\/\/diarioelpopular.com\/index.php\/wp-json\/wp\/v2\/types\/post"}],"author":[{"embeddable":true,"href":"https:\/\/diarioelpopular.com\/index.php\/wp-json\/wp\/v2\/users\/99"}],"replies":[{"embeddable":true,"href":"https:\/\/diarioelpopular.com\/index.php\/wp-json\/wp\/v2\/comments?post=517754"}],"version-history":[{"count":1,"href":"https:\/\/diarioelpopular.com\/index.php\/wp-json\/wp\/v2\/posts\/517754\/revisions"}],"predecessor-version":[{"id":517756,"href":"https:\/\/diarioelpopular.com\/index.php\/wp-json\/wp\/v2\/posts\/517754\/revisions\/517756"}],"wp:featuredmedia":[{"embeddable":true,"href":"https:\/\/diarioelpopular.com\/index.php\/wp-json\/wp\/v2\/media\/517755"}],"wp:attachment":[{"href":"https:\/\/diarioelpopular.com\/index.php\/wp-json\/wp\/v2\/media?parent=517754"}],"wp:term":[{"taxonomy":"category","embeddable":true,"href":"https:\/\/diarioelpopular.com\/index.php\/wp-json\/wp\/v2\/categories?post=517754"},{"taxonomy":"post_tag","embeddable":true,"href":"https:\/\/diarioelpopular.com\/index.php\/wp-json\/wp\/v2\/tags?post=517754"}],"curies":[{"name":"wp","href":"https:\/\/api.w.org\/{rel}","templated":true}]}}