{"id":517810,"date":"2024-04-22T09:38:58","date_gmt":"2024-04-22T13:38:58","guid":{"rendered":"https:\/\/diarioelpopular.com\/?p=517810"},"modified":"2024-04-22T09:38:58","modified_gmt":"2024-04-22T13:38:58","slug":"dia-de-la-tierra-10-datos-fascinantes-sobre-nuestro-planeta","status":"publish","type":"post","link":"https:\/\/diarioelpopular.com\/index.php\/2024\/04\/22\/dia-de-la-tierra-10-datos-fascinantes-sobre-nuestro-planeta\/","title":{"rendered":"D\u00eda de la Tierra: 10 datos fascinantes sobre nuestro planeta"},"content":{"rendered":"<p><img loading=\"lazy\" decoding=\"async\" class=\"alignnone size-custom-full-size wp-image-517811\" src=\"https:\/\/diarioelpopular.com\/wp-content\/uploads\/2024\/04\/Screen-Shot-2024-04-22-at-9.38.20-AM-636x339.png\" alt=\"\" width=\"636\" height=\"339\" srcset=\"https:\/\/diarioelpopular.com\/wp-content\/uploads\/2024\/04\/Screen-Shot-2024-04-22-at-9.38.20-AM-636x339.png 636w, https:\/\/diarioelpopular.com\/wp-content\/uploads\/2024\/04\/Screen-Shot-2024-04-22-at-9.38.20-AM-300x160.png 300w, https:\/\/diarioelpopular.com\/wp-content\/uploads\/2024\/04\/Screen-Shot-2024-04-22-at-9.38.20-AM-768x409.png 768w, https:\/\/diarioelpopular.com\/wp-content\/uploads\/2024\/04\/Screen-Shot-2024-04-22-at-9.38.20-AM-137x73.png 137w, https:\/\/diarioelpopular.com\/wp-content\/uploads\/2024\/04\/Screen-Shot-2024-04-22-at-9.38.20-AM.png 1024w\" sizes=\"auto, (max-width: 636px) 100vw, 636px\" \/><\/p>\n<p>&nbsp;<\/p>\n<div class=\"bbc-19j92fr ebmt73l0\" dir=\"ltr\">\n<ul>\n<li class=\"bbc-hhl7in e17g058b0\" dir=\"ltr\"><em><b>Cada 22 de abril se celebra el D\u00eda Internacional de la Tierra. La fecha elegida por la ONU para honrar a nuestro planeta recuerda los eventos del 22 de abril de 1970, cuando\u00a0<\/b><b>20 millones de personas salieron a las calles<\/b><b>\u00a0de las principales ciudades de Estados Unidos para protestar por el da\u00f1o que la actividad humana le estaba causando en el medioambiente.<\/b><\/em><\/li>\n<\/ul>\n<\/div>\n<div class=\"bbc-19j92fr ebmt73l0\" dir=\"ltr\">\n<p dir=\"ltr\">\n<p class=\"bbc-hhl7in e17g058b0\" dir=\"ltr\">Con ocasi\u00f3n del D\u00eda de la Tierra, hacemos un repaso de algunos datos fascinantes sobre el planeta al que llamamos nuestro hogar.<\/p>\n<\/div>\n<div class=\"bbc-19j92fr ebmt73l0\" dir=\"ltr\">\n<h2 id=\"1-La-Tierra-no-es-una-esfera-perfecta\" class=\"bbc-1f03ibc eglt09e0\" tabindex=\"-1\">1. La Tierra no es una esfera perfecta<\/h2>\n<\/div>\n<div class=\"bbc-19j92fr ebmt73l0\" dir=\"ltr\">\n<p class=\"bbc-hhl7in e17g058b0\" dir=\"ltr\">Habitualmente se representa a nuestro planeta como una esfera perfecta, pero esa no es su forma precisa. La Tierra est\u00e1 achatada en los polos, por lo que\u00a0su forma se asemeja m\u00e1s a un\u00a0esferoide oblato.<\/p>\n<\/div>\n<div class=\"bbc-19j92fr ebmt73l0\" dir=\"ltr\">\n<p class=\"bbc-hhl7in e17g058b0\" dir=\"ltr\">Como sucede en otros planetas, el efecto de la gravitaci\u00f3n y de la fuerza centr\u00edfuga producida por la rotaci\u00f3n sobre su eje genera el aplanamiento polar y el ensanchamiento ecuatorial. As\u00ed, el di\u00e1metro de la Tierra en el ecuador es unos 43 kil\u00f3metros mayor que el di\u00e1metro de un polo a otro.<\/p>\n<p dir=\"ltr\">\n<\/div>\n<section class=\"e1j2237y7 bbc-kd22b9\" role=\"region\" aria-label=\"Publicidad 2\" aria-hidden=\"true\" data-e2e=\"advertisement\"><\/section>\n<div class=\"bbc-18ywsw9\"><picture><img loading=\"lazy\" decoding=\"async\" class=\"bbc-139onq\" src=\"https:\/\/ichef.bbci.co.uk\/ace\/ws\/640\/cpsprodpb\/1708B\/production\/_111874349_gettyimages-496525548.jpg\" sizes=\"auto, (min-width: 1008px) 645px, 100vw\" srcset=\"https:\/\/ichef.bbci.co.uk\/ace\/ws\/240\/cpsprodpb\/1708B\/production\/_111874349_gettyimages-496525548.jpg 240w, https:\/\/ichef.bbci.co.uk\/ace\/ws\/320\/cpsprodpb\/1708B\/production\/_111874349_gettyimages-496525548.jpg 320w, https:\/\/ichef.bbci.co.uk\/ace\/ws\/480\/cpsprodpb\/1708B\/production\/_111874349_gettyimages-496525548.jpg 480w, https:\/\/ichef.bbci.co.uk\/ace\/ws\/624\/cpsprodpb\/1708B\/production\/_111874349_gettyimages-496525548.jpg 624w, https:\/\/ichef.bbci.co.uk\/ace\/ws\/800\/cpsprodpb\/1708B\/production\/_111874349_gettyimages-496525548.jpg 800w\" alt=\"Micronesia.\" width=\"976\" height=\"549\" \/><\/picture><\/div>\n<h5 class=\"bbc-1qn0xuy\"><span role=\"text\"><em>El agua cubre las tres cuartas partes de la superficie terrestre.<\/em><\/span><\/h5>\n<div class=\"bbc-19j92fr ebmt73l0\" dir=\"ltr\">\n<h2 tabindex=\"-1\"><\/h2>\n<h2 tabindex=\"-1\"><\/h2>\n<h2 id=\"2-El-agua-cubre-m\u00e1s-del-70-de-la-Tierra\" class=\"bbc-1f03ibc eglt09e0\" tabindex=\"-1\">2. El agua cubre m\u00e1s del 70% de la Tierra<\/h2>\n<\/div>\n<div class=\"bbc-19j92fr ebmt73l0\" dir=\"ltr\">\n<p class=\"bbc-hhl7in e17g058b0\" dir=\"ltr\">En la Tierra, el agua se encuentra\u00a0en estado s\u00f3lido, l\u00edquido y gaseoso.<\/p>\n<\/div>\n<div class=\"bbc-19j92fr ebmt73l0\" dir=\"ltr\">\n<p class=\"bbc-hhl7in e17g058b0\" dir=\"ltr\">Adem\u00e1s, cubre las tres cuartas partes de la superficie terrestre en forma de pantanos, lagos, r\u00edos, mares y oc\u00e9anos.<\/p>\n<\/div>\n<div class=\"bbc-19j92fr ebmt73l0\" dir=\"ltr\">\n<p class=\"bbc-hhl7in e17g058b0\" dir=\"ltr\">Estos \u00faltimos contienen alrededor del 97% de toda el agua del planeta.<\/p>\n<\/div>\n<div class=\"bbc-19j92fr ebmt73l0\" dir=\"ltr\">\n<h2 id=\"3-La-frontera-entre-la-Tierra-y-el-espacio-est\u00e1-a-100-kil\u00f3metros-de-altitud\" class=\"bbc-1f03ibc eglt09e0\" tabindex=\"-1\">3. La frontera entre la Tierra y el espacio est\u00e1 a 100 kil\u00f3metros de altitud<\/h2>\n<\/div>\n<div class=\"bbc-19j92fr ebmt73l0\" dir=\"ltr\">\n<p class=\"bbc-hhl7in e17g058b0\" dir=\"ltr\">Se considera que la frontera entre la atm\u00f3sfera y el espacio es llamada\u00a0L\u00ednea de K\u00e1rm\u00e1n, que est\u00e1 a 100 km sobre el nivel del mar.<\/p>\n<\/div>\n<div class=\"bbc-19j92fr ebmt73l0\" dir=\"ltr\">\n<p class=\"bbc-hhl7in e17g058b0\" dir=\"ltr\">El 75% de masa atmosf\u00e9rica se encuentra en los primeros 11 km de altura desde la superficie del mar.<\/p>\n<\/div>\n<div class=\"bbc-19j92fr ebmt73l0\" dir=\"ltr\">\n<h2 id=\"4-La-Tierra-es-un-planeta-de-hierro\" class=\"bbc-1f03ibc eglt09e0\" tabindex=\"-1\">4. La Tierra es un planeta de hierro<\/h2>\n<\/div>\n<div class=\"bbc-19j92fr ebmt73l0\" dir=\"ltr\">\n<p class=\"bbc-hhl7in e17g058b0\" dir=\"ltr\">La Tierra es el m\u00e1s denso y el quinto mayor planeta del sistema solar.<\/p>\n<\/div>\n<div class=\"bbc-19j92fr ebmt73l0\" dir=\"ltr\">\n<p class=\"bbc-hhl7in e17g058b0\" dir=\"ltr\">Los elementos qu\u00edmicos m\u00e1s presentes son el hierro (alrededor del 32%), el ox\u00edgeno (alrededor del 30%), el silicio (alrededor del 15%).<\/p>\n<\/div>\n<div class=\"bbc-19j92fr ebmt73l0\" dir=\"ltr\">\n<p class=\"bbc-hhl7in e17g058b0\" dir=\"ltr\">Los cient\u00edficos creen que el n\u00facleo de la Tierra est\u00e1 compuesto principalmente de hierro (alrededor del 88%).<\/p>\n<p dir=\"ltr\">\n<\/div>\n<div class=\"bbc-18ywsw9\"><picture><img loading=\"lazy\" decoding=\"async\" class=\"bbc-139onq\" src=\"https:\/\/ichef.bbci.co.uk\/ace\/ws\/640\/cpsprodpb\/4EB3\/production\/_111874102_gettyimages-962321406.jpg\" sizes=\"auto, (min-width: 1008px) 645px, 100vw\" srcset=\"https:\/\/ichef.bbci.co.uk\/ace\/ws\/240\/cpsprodpb\/4EB3\/production\/_111874102_gettyimages-962321406.jpg 240w, https:\/\/ichef.bbci.co.uk\/ace\/ws\/320\/cpsprodpb\/4EB3\/production\/_111874102_gettyimages-962321406.jpg 320w, https:\/\/ichef.bbci.co.uk\/ace\/ws\/480\/cpsprodpb\/4EB3\/production\/_111874102_gettyimages-962321406.jpg 480w, https:\/\/ichef.bbci.co.uk\/ace\/ws\/624\/cpsprodpb\/4EB3\/production\/_111874102_gettyimages-962321406.jpg 624w, https:\/\/ichef.bbci.co.uk\/ace\/ws\/800\/cpsprodpb\/4EB3\/production\/_111874102_gettyimages-962321406.jpg 800w\" alt=\"Ilustraci\u00f3n de la estructura de la Tierra.\" width=\"976\" height=\"549\" \/><\/picture><\/div>\n<h5 class=\"bbc-1qn0xuy\"><span role=\"text\"><em>El n\u00facleo de la Tierra est\u00e1 compuesto principalmente de hierro.<\/em><\/span><\/h5>\n<div class=\"bbc-19j92fr ebmt73l0\" dir=\"ltr\">\n<h2 tabindex=\"-1\"><\/h2>\n<h2 tabindex=\"-1\"><\/h2>\n<h2 id=\"5-La-Tierra-es-el-\u00fanico-planeta-conocido-con-vida\" class=\"bbc-1f03ibc eglt09e0\" tabindex=\"-1\">5. La Tierra es el \u00fanico planeta conocido con vida<\/h2>\n<\/div>\n<div class=\"bbc-19j92fr ebmt73l0\" dir=\"ltr\">\n<p class=\"bbc-hhl7in e17g058b0\" dir=\"ltr\">La Tierra es el \u00fanico cuerpo astron\u00f3mico en el que hemos podido constatar que hay vida.<\/p>\n<\/div>\n<div class=\"etpldq00 bbc-oa9drk ebmt73l0\" dir=\"ltr\"><\/div>\n<div class=\"bbc-19j92fr ebmt73l0\" dir=\"ltr\">\n<p class=\"bbc-hhl7in e17g058b0\" dir=\"ltr\">Actualmente existen alrededor de\u00a01,2 millones de especies de animales catalogadas, aunque los cient\u00edficos creen que ese es solo un peque\u00f1o porcentaje del total.<\/p>\n<\/div>\n<div class=\"bbc-19j92fr ebmt73l0\" dir=\"ltr\">\n<p class=\"bbc-hhl7in e17g058b0\" dir=\"ltr\">La Tierra se form\u00f3 hace aproximadamente unos 4.500 millones de a\u00f1os y la vida ha estado presente en ella durante buena parte de ese periodo.<\/p>\n<\/div>\n<div class=\"bbc-19j92fr ebmt73l0\" dir=\"ltr\">\n<p class=\"bbc-hhl7in e17g058b0\" dir=\"ltr\">Las propiedades f\u00edsicas de la Tierra, su historia geol\u00f3gica y su \u00f3rbita han permitido que la vida haya existido durante millones de a\u00f1os.<\/p>\n<\/div>\n<div class=\"bbc-19j92fr ebmt73l0\" dir=\"ltr\">\n<h2 id=\"6-La-gravedad-no-es-igual-en-todos-los-lugares-de-la-Tierra\" class=\"bbc-1f03ibc eglt09e0\" tabindex=\"-1\">6. La gravedad no es igual en todos los lugares de la Tierra<\/h2>\n<\/div>\n<div class=\"bbc-19j92fr ebmt73l0\" dir=\"ltr\">\n<p class=\"bbc-hhl7in e17g058b0\" dir=\"ltr\">Como nuestro planeta no tiene realmente la forma de esfera y adem\u00e1s, el suelo terrestre es irregular y la masa no se distribuye de forma perfectamente homog\u00e9nea, hay\u00a0variaciones en el valor del campo gravitatorio.<\/p>\n<\/div>\n<div class=\"bbc-19j92fr ebmt73l0\" dir=\"ltr\">\n<p class=\"bbc-hhl7in e17g058b0\" dir=\"ltr\">As\u00ed, por ejemplo, al irnos desplazando desde el ecuador hacia los polos, aumenta paulatinamente la intensidad del campo gravitatorio, aunque la diferencia sea imperceptible para los humanos.<\/p>\n<p dir=\"ltr\">\n<\/div>\n<div class=\"bbc-18ywsw9\"><picture><img loading=\"lazy\" decoding=\"async\" class=\"bbc-139onq\" src=\"https:\/\/ichef.bbci.co.uk\/ace\/ws\/640\/cpsprodpb\/403F\/production\/_111874461_gettyimages-1172247327.jpg\" sizes=\"auto, (min-width: 1008px) 645px, 100vw\" srcset=\"https:\/\/ichef.bbci.co.uk\/ace\/ws\/240\/cpsprodpb\/403F\/production\/_111874461_gettyimages-1172247327.jpg 240w, https:\/\/ichef.bbci.co.uk\/ace\/ws\/320\/cpsprodpb\/403F\/production\/_111874461_gettyimages-1172247327.jpg 320w, https:\/\/ichef.bbci.co.uk\/ace\/ws\/480\/cpsprodpb\/403F\/production\/_111874461_gettyimages-1172247327.jpg 480w, https:\/\/ichef.bbci.co.uk\/ace\/ws\/624\/cpsprodpb\/403F\/production\/_111874461_gettyimages-1172247327.jpg 624w, https:\/\/ichef.bbci.co.uk\/ace\/ws\/800\/cpsprodpb\/403F\/production\/_111874461_gettyimages-1172247327.jpg 800w\" alt=\"Campo gravitacional de la Tierra.\" width=\"976\" height=\"549\" \/><\/picture><\/div>\n<h5 class=\"bbc-1qn0xuy\"><span role=\"text\"><em>Existen variaciones en el valor del campo gravitatorio de la Tierra.<\/em><\/span><\/h5>\n<div class=\"bbc-19j92fr ebmt73l0\" dir=\"ltr\">\n<h2 tabindex=\"-1\"><\/h2>\n<h2 tabindex=\"-1\"><\/h2>\n<h2 id=\"7-La-Tierra-es-un-planeta-de-extremos\" class=\"bbc-1f03ibc eglt09e0\" tabindex=\"-1\">7. La Tierra es un planeta de extremos<\/h2>\n<\/div>\n<div class=\"bbc-19j92fr ebmt73l0\" dir=\"ltr\">\n<p class=\"bbc-hhl7in e17g058b0\" dir=\"ltr\">Nuestro planeta est\u00e1 lleno de contrastes. La variedad de sus \u00e1reas geogr\u00e1ficas y sus climas, hace que pr\u00e1cticamente cada regi\u00f3n tenga sus propias particularidades.<\/p>\n<\/div>\n<div class=\"bbc-19j92fr ebmt73l0\" dir=\"ltr\">\n<p class=\"bbc-hhl7in e17g058b0\" dir=\"ltr\">Existen varios candidatos para ser considerados los lugares los m\u00e1s c\u00e1lidos del la Tierra, pero el lugar con la mayor temperatura jam\u00e1s registrada se encuentra en el\u00a0Valle de la Muerte\u00a0en\u00a0EE.UU., donde el 10 de julio de 1913 el term\u00f3metro subi\u00f3 hasta los 56,7 \u00b0C.<\/p>\n<\/div>\n<div class=\"bbc-19j92fr ebmt73l0\" dir=\"ltr\">\n<p class=\"bbc-hhl7in e17g058b0\" dir=\"ltr\">En el otro extremo se encuentra la\u00a0Ant\u00e1rtica. En la estaci\u00f3n Vostok un 31 de Julio de 1983 los instrumentos de medici\u00f3n llegaron a marcar unos \u221289,2 \u00b0C.<\/p>\n<\/div>\n<div class=\"bbc-19j92fr ebmt73l0\" dir=\"ltr\">\n<h2 id=\"8-La-estructura-viviente-m\u00e1s-grande-de-la-Tierra\" class=\"bbc-1f03ibc eglt09e0\" tabindex=\"-1\">8. La estructura viviente m\u00e1s grande de la Tierra<\/h2>\n<\/div>\n<div class=\"bbc-19j92fr ebmt73l0\" dir=\"ltr\">\n<p class=\"bbc-hhl7in e17g058b0\" dir=\"ltr\">La\u00a0Gran Barrera de Coral, situada frente a las costas de Australia, es la mayor estructura \u00fanica formada por organismos vivos del planeta, hasta el punto de que es la \u00fanica que puede verse desde el espacio.<\/p>\n<\/div>\n<div class=\"bbc-19j92fr ebmt73l0\" dir=\"ltr\">\n<p class=\"bbc-hhl7in e17g058b0\" dir=\"ltr\">Se extiende por m\u00e1s de 2.000 kil\u00f3metros y acoge a miles de especies marinas.<\/p>\n<\/div>\n<div class=\"bbc-19j92fr ebmt73l0\" dir=\"ltr\">\n<p class=\"bbc-hhl7in e17g058b0\" dir=\"ltr\">En 1981, fue declarada Patrimonio de la Humanidad por la Unesco.<\/p>\n<p dir=\"ltr\">\n<\/div>\n<div class=\"bbc-18ywsw9\"><picture><img loading=\"lazy\" decoding=\"async\" class=\"bbc-139onq\" src=\"https:\/\/ichef.bbci.co.uk\/ace\/ws\/640\/cpsprodpb\/126B7\/production\/_111874457_gettyimages-1134963694-1.jpg\" sizes=\"auto, (min-width: 1008px) 645px, 100vw\" srcset=\"https:\/\/ichef.bbci.co.uk\/ace\/ws\/240\/cpsprodpb\/126B7\/production\/_111874457_gettyimages-1134963694-1.jpg 240w, https:\/\/ichef.bbci.co.uk\/ace\/ws\/320\/cpsprodpb\/126B7\/production\/_111874457_gettyimages-1134963694-1.jpg 320w, https:\/\/ichef.bbci.co.uk\/ace\/ws\/480\/cpsprodpb\/126B7\/production\/_111874457_gettyimages-1134963694-1.jpg 480w, https:\/\/ichef.bbci.co.uk\/ace\/ws\/624\/cpsprodpb\/126B7\/production\/_111874457_gettyimages-1134963694-1.jpg 624w, https:\/\/ichef.bbci.co.uk\/ace\/ws\/800\/cpsprodpb\/126B7\/production\/_111874457_gettyimages-1134963694-1.jpg 800w\" alt=\"Barrera de Coral.\" width=\"976\" height=\"549\" \/><\/picture><\/div>\n<h5 class=\"bbc-1qn0xuy\"><span role=\"text\"><em>La Gran Barrera de Coral alberga a miles de organismos.<\/em><\/span><\/h5>\n<div class=\"bbc-19j92fr ebmt73l0\" dir=\"ltr\">\n<h2 tabindex=\"-1\"><\/h2>\n<h2 tabindex=\"-1\"><\/h2>\n<h2 id=\"9-La-Tierra-es-el-\u00fanico-planeta-del-sistema-solar-con-placas-tect\u00f3nicas-activas\" class=\"bbc-1f03ibc eglt09e0\" tabindex=\"-1\">9. La Tierra es el \u00fanico planeta del sistema solar con placas tect\u00f3nicas activas<\/h2>\n<\/div>\n<div class=\"bbc-19j92fr ebmt73l0\" dir=\"ltr\">\n<p class=\"bbc-hhl7in e17g058b0\" dir=\"ltr\">El movimiento de estas placas hace que la superficie de nuestro planeta est\u00e9 en constante cambio.<\/p>\n<\/div>\n<div class=\"bbc-19j92fr ebmt73l0\" dir=\"ltr\">\n<p class=\"bbc-hhl7in e17g058b0\" dir=\"ltr\">Adem\u00e1s, son las\u00a0responsables de la formaci\u00f3n de monta\u00f1as, de la sismicidad y del vulcanismo.<\/p>\n<\/div>\n<div class=\"bbc-19j92fr ebmt73l0\" dir=\"ltr\">\n<p class=\"bbc-hhl7in e17g058b0\" dir=\"ltr\">El ciclo de estas placas tambi\u00e9n juega un papel esencial en la regulaci\u00f3n de la temperatura terrestre, contribuyendo al reciclaje de gases con efecto invernadero como el di\u00f3xido de carbono, mediante la renovaci\u00f3n permanente de los fondos oce\u00e1nicos.<\/p>\n<\/div>\n<div class=\"bbc-19j92fr ebmt73l0\" dir=\"ltr\">\n<h2 id=\"10-La-Tierra-tiene-un-escudo-protector\" class=\"bbc-1f03ibc eglt09e0\" tabindex=\"-1\">10. La Tierra tiene un escudo protector<\/h2>\n<\/div>\n<div class=\"bbc-19j92fr ebmt73l0\" dir=\"ltr\">\n<p class=\"bbc-hhl7in e17g058b0\" dir=\"ltr\">El\u00a0campo magn\u00e9tico\u00a0terrestre act\u00faa como un escudo contra el bombardeo continuo de part\u00edculas solares.<\/p>\n<\/div>\n<div class=\"bbc-19j92fr ebmt73l0\" dir=\"ltr\">\n<p class=\"bbc-hhl7in e17g058b0\" dir=\"ltr\">Este campo se extiende desde el n\u00facleo interno de la Tierra hasta el l\u00edmite en el que se encuentra con el viento solar.<\/p>\n<\/div>\n<div class=\"bbc-19j92fr ebmt73l0\" dir=\"ltr\">\n<p class=\"bbc-hhl7in e17g058b0\" dir=\"ltr\">Entre otras cosas, el campo magn\u00e9tico tambi\u00e9n ayuda a la orientaci\u00f3n de algunos animales y a la nuestra, con el uso de las br\u00fajulas.<\/p>\n<p dir=\"ltr\">\n<\/div>\n<div class=\"bbc-18ywsw9\"><picture><img loading=\"lazy\" decoding=\"async\" class=\"bbc-139onq\" src=\"https:\/\/ichef.bbci.co.uk\/ace\/ws\/640\/cpsprodpb\/AD3B\/production\/_111874344_gettyimages-157642745.jpg\" sizes=\"auto, (min-width: 1008px) 645px, 100vw\" srcset=\"https:\/\/ichef.bbci.co.uk\/ace\/ws\/240\/cpsprodpb\/AD3B\/production\/_111874344_gettyimages-157642745.jpg 240w, https:\/\/ichef.bbci.co.uk\/ace\/ws\/320\/cpsprodpb\/AD3B\/production\/_111874344_gettyimages-157642745.jpg 320w, https:\/\/ichef.bbci.co.uk\/ace\/ws\/480\/cpsprodpb\/AD3B\/production\/_111874344_gettyimages-157642745.jpg 480w, https:\/\/ichef.bbci.co.uk\/ace\/ws\/624\/cpsprodpb\/AD3B\/production\/_111874344_gettyimages-157642745.jpg 624w, https:\/\/ichef.bbci.co.uk\/ace\/ws\/800\/cpsprodpb\/AD3B\/production\/_111874344_gettyimages-157642745.jpg 800w\" alt=\"Campo magn\u00e9tico de la Tierra\" width=\"976\" height=\"549\" \/><\/picture><\/div>\n<h5 class=\"bbc-1qn0xuy\"><span role=\"text\"><em>El campo magn\u00e9tico terrestre act\u00faa como un escudo protector.<\/em><\/span><\/h5>\n","protected":false},"excerpt":{"rendered":"<p>&nbsp; Cada 22 de abril se celebra el D\u00eda Internacional de la Tierra. La fecha elegida por la ONU para honrar a nuestro planeta recuerda&hellip;<\/p>\n","protected":false},"author":99,"featured_media":517811,"comment_status":"open","ping_status":"open","sticky":false,"template":"","format":"standard","meta":{"footnotes":""},"categories":[21,24],"tags":[],"class_list":["post-517810","post","type-post","status-publish","format-standard","has-post-thumbnail","hentry","category-canada","category-mundo"],"_links":{"self":[{"href":"https:\/\/diarioelpopular.com\/index.php\/wp-json\/wp\/v2\/posts\/517810","targetHints":{"allow":["GET"]}}],"collection":[{"href":"https:\/\/diarioelpopular.com\/index.php\/wp-json\/wp\/v2\/posts"}],"about":[{"href":"https:\/\/diarioelpopular.com\/index.php\/wp-json\/wp\/v2\/types\/post"}],"author":[{"embeddable":true,"href":"https:\/\/diarioelpopular.com\/index.php\/wp-json\/wp\/v2\/users\/99"}],"replies":[{"embeddable":true,"href":"https:\/\/diarioelpopular.com\/index.php\/wp-json\/wp\/v2\/comments?post=517810"}],"version-history":[{"count":1,"href":"https:\/\/diarioelpopular.com\/index.php\/wp-json\/wp\/v2\/posts\/517810\/revisions"}],"predecessor-version":[{"id":517812,"href":"https:\/\/diarioelpopular.com\/index.php\/wp-json\/wp\/v2\/posts\/517810\/revisions\/517812"}],"wp:featuredmedia":[{"embeddable":true,"href":"https:\/\/diarioelpopular.com\/index.php\/wp-json\/wp\/v2\/media\/517811"}],"wp:attachment":[{"href":"https:\/\/diarioelpopular.com\/index.php\/wp-json\/wp\/v2\/media?parent=517810"}],"wp:term":[{"taxonomy":"category","embeddable":true,"href":"https:\/\/diarioelpopular.com\/index.php\/wp-json\/wp\/v2\/categories?post=517810"},{"taxonomy":"post_tag","embeddable":true,"href":"https:\/\/diarioelpopular.com\/index.php\/wp-json\/wp\/v2\/tags?post=517810"}],"curies":[{"name":"wp","href":"https:\/\/api.w.org\/{rel}","templated":true}]}}