{"id":517835,"date":"2024-04-23T10:14:24","date_gmt":"2024-04-23T14:14:24","guid":{"rendered":"https:\/\/diarioelpopular.com\/?p=517835"},"modified":"2024-04-23T10:14:24","modified_gmt":"2024-04-23T14:14:24","slug":"quien-es-juan-merchan-el-juez-nacido-en-colombia-que-preside-el-historico-juicio-contra-trump","status":"publish","type":"post","link":"https:\/\/diarioelpopular.com\/index.php\/2024\/04\/23\/quien-es-juan-merchan-el-juez-nacido-en-colombia-que-preside-el-historico-juicio-contra-trump\/","title":{"rendered":"Qui\u00e9n es Juan Merchan, el juez nacido en Colombia que preside el hist\u00f3rico juicio contra Trump"},"content":{"rendered":"<p><img loading=\"lazy\" decoding=\"async\" class=\"alignnone size-custom-full-size wp-image-517836\" src=\"https:\/\/diarioelpopular.com\/wp-content\/uploads\/2024\/04\/Screen-Shot-2024-04-23-at-10.13.43-AM-636x329.png\" alt=\"\" width=\"636\" height=\"329\" srcset=\"https:\/\/diarioelpopular.com\/wp-content\/uploads\/2024\/04\/Screen-Shot-2024-04-23-at-10.13.43-AM-636x329.png 636w, https:\/\/diarioelpopular.com\/wp-content\/uploads\/2024\/04\/Screen-Shot-2024-04-23-at-10.13.43-AM-300x155.png 300w, https:\/\/diarioelpopular.com\/wp-content\/uploads\/2024\/04\/Screen-Shot-2024-04-23-at-10.13.43-AM-768x397.png 768w, https:\/\/diarioelpopular.com\/wp-content\/uploads\/2024\/04\/Screen-Shot-2024-04-23-at-10.13.43-AM-141x73.png 141w, https:\/\/diarioelpopular.com\/wp-content\/uploads\/2024\/04\/Screen-Shot-2024-04-23-at-10.13.43-AM.png 1024w\" sizes=\"auto, (max-width: 636px) 100vw, 636px\" \/><\/p>\n<h5><em>Merchan, en un boceto del juicio.<\/em><\/h5>\n<p>&nbsp;<\/p>\n<p>&nbsp;<\/p>\n<div class=\"bbc-19j92fr ebmt73l0\" dir=\"ltr\">\n<ul>\n<li class=\"bbc-hhl7in e17g058b0\" dir=\"ltr\"><em><b>El juicio penal contra el expresidente Donald Trump por el \u201ccaso Stormy Daniels\u201d entr\u00f3 este lunes en una fase crucial.<\/b><\/em><\/li>\n<\/ul>\n<p dir=\"ltr\">\n<\/div>\n<div class=\"bbc-19j92fr ebmt73l0\" dir=\"ltr\">\n<p class=\"bbc-hhl7in e17g058b0\" dir=\"ltr\">Trump est\u00e1 acusado de falsificar documentos para ocultar un presunto pago a la actriz porno conocida como Stormy Daniels con el fin de comprar su silencio sobre una supuesta relaci\u00f3n que mantuvieron, y as\u00ed proteger su campa\u00f1a electoral de 2016, algo que \u00e9l niega.<\/p>\n<\/div>\n<div class=\"bbc-19j92fr ebmt73l0\" dir=\"ltr\">\n<p class=\"bbc-hhl7in e17g058b0\" dir=\"ltr\">Las partes expondr\u00e1n sus argumentos en la segunda etapa de este juicio considerado hist\u00f3rico, ya que por primera vez un expresidente estadounidense afronta un caso penal.<\/p>\n<\/div>\n<div class=\"bbc-19j92fr ebmt73l0\" dir=\"ltr\">\n<p class=\"bbc-hhl7in e17g058b0\" dir=\"ltr\">En este proceso, que se espera se prolongue durante varias semanas, ha llamado la atenci\u00f3n la figura de\u00a0Juan Manuel Merchan, juez de origen colombiano que est\u00e1 a cargo del tribunal de Manhattan en el que se juzga a Trump.<\/p>\n<\/div>\n<section class=\"bbc-geybui\" role=\"region\" aria-label=\"Publicidad 2\" aria-hidden=\"true\" data-e2e=\"advertisement\"><\/section>\n<div class=\"bbc-19j92fr ebmt73l0\" dir=\"ltr\">\n<p class=\"bbc-hhl7in e17g058b0\" dir=\"ltr\">El exmandatario y el magistrado del caso mantienen una pugna que ha trascendido los l\u00edmites del juicio y que cuenta con precedentes.<\/p>\n<\/div>\n<div class=\"bbc-1n4f7vm ebmt73l0\" dir=\"ltr\"><\/div>\n<div class=\"bbc-19j92fr ebmt73l0\" dir=\"ltr\">\n<p class=\"bbc-hhl7in e17g058b0\" dir=\"ltr\">Juan Merchan presidi\u00f3 en 2022 el juicio por fraude fiscal en el que fue condenado el director financiero de la Organizaci\u00f3n Trump, Allen Weisselberg.<\/p>\n<\/div>\n<div class=\"bbc-19j92fr ebmt73l0\" dir=\"ltr\">\n<p class=\"bbc-hhl7in e17g058b0\" dir=\"ltr\">Tambi\u00e9n es el juez del caso de fraude y lavado de dinero contra Steve Bannon, aliado incondicional de Trump.<\/p>\n<\/div>\n<div class=\"bbc-19j92fr ebmt73l0\" dir=\"ltr\">\n<p class=\"bbc-hhl7in e17g058b0\" dir=\"ltr\">Este es, sin embargo, el caso de m\u00e1s alto perfil que ha pasado por la sala de Merchan en sus\u00a017 a\u00f1os como magistrado de la Corte Suprema\u00a0en el condado de Nueva York.<\/p>\n<p dir=\"ltr\">\n<\/div>\n<figure class=\"bbc-1qn0xuy\">\n<div class=\"bbc-18ywsw9\"><picture><img loading=\"lazy\" decoding=\"async\" class=\"bbc-139onq\" src=\"https:\/\/ichef.bbci.co.uk\/ace\/ws\/640\/cpsprodpb\/37a2\/live\/819ecff0-00c9-11ef-97f7-e98b193ef1b8.jpg\" sizes=\"auto, (min-width: 1008px) 760px, 100vw\" srcset=\"https:\/\/ichef.bbci.co.uk\/ace\/ws\/240\/cpsprodpb\/37a2\/live\/819ecff0-00c9-11ef-97f7-e98b193ef1b8.jpg 240w, https:\/\/ichef.bbci.co.uk\/ace\/ws\/320\/cpsprodpb\/37a2\/live\/819ecff0-00c9-11ef-97f7-e98b193ef1b8.jpg 320w, https:\/\/ichef.bbci.co.uk\/ace\/ws\/480\/cpsprodpb\/37a2\/live\/819ecff0-00c9-11ef-97f7-e98b193ef1b8.jpg 480w, https:\/\/ichef.bbci.co.uk\/ace\/ws\/624\/cpsprodpb\/37a2\/live\/819ecff0-00c9-11ef-97f7-e98b193ef1b8.jpg 624w, https:\/\/ichef.bbci.co.uk\/ace\/ws\/800\/cpsprodpb\/37a2\/live\/819ecff0-00c9-11ef-97f7-e98b193ef1b8.jpg 800w\" alt=\"Trump\" width=\"2639\" height=\"1760\" \/><\/picture>\n<h5 class=\"bbc-by8ykd\" role=\"text\"><em><span class=\"bbc-m04vo2\">FUENTE DE LA IMAGEN,<\/span><span lang=\"en-GB\">GETTY<\/span><\/em><\/h5>\n<\/div>\n<\/figure>\n<div class=\"bbc-19j92fr ebmt73l0\" dir=\"ltr\">\n<h5 class=\"bbc-hhl7in e17g058b0\" dir=\"ltr\"><em>Trump, por su parte, critic\u00f3 en las redes sociales al juez, a quien acus\u00f3 repetidamente de corrupci\u00f3n y de sentir odio hacia \u00e9l.<\/em><\/h5>\n<\/div>\n<div class=\"bbc-19j92fr ebmt73l0\" dir=\"ltr\">\n<p dir=\"ltr\">\n<p dir=\"ltr\">\n<p class=\"bbc-hhl7in e17g058b0\" dir=\"ltr\">El exmandatario y probable candidato republicano en las elecciones presidenciales de noviembre en EE.UU. ha formulado acusaciones similares contra varios jueces y fiscales en los diversos juicios que ha enfrentado en los \u00faltimos meses.<\/p>\n<\/div>\n<div class=\"bbc-19j92fr ebmt73l0\" dir=\"ltr\">\n<h2 id=\"Don\u00f3-15-d\u00f3lares-a-Biden\" class=\"bbc-1f03ibc eglt09e0\" tabindex=\"-1\">Don\u00f3 15 d\u00f3lares a Biden<\/h2>\n<\/div>\n<div class=\"bbc-19j92fr ebmt73l0\" dir=\"ltr\">\n<p class=\"bbc-hhl7in e17g058b0\" dir=\"ltr\">Algunos analistas conservadores han puesto en duda la imparcialidad de Merchan despu\u00e9s de que se supiera que el juez\u00a0hab\u00eda donado US$35 a los dem\u00f3cratas\u00a0en las elecciones de 2020.<\/p>\n<\/div>\n<div class=\"bbc-19j92fr ebmt73l0\" dir=\"ltr\">\n<p class=\"bbc-hhl7in e17g058b0\" dir=\"ltr\">La cantidad inclu\u00eda una donaci\u00f3n de US$15 a la campa\u00f1a de Joe Biden, inform\u00f3 NBC News, as\u00ed como otras dos de US$10 a grupos llamados Progressive Turnout Project (\u201cProyecto de Participaci\u00f3n Progresista\u201d) y Stop Republicans (\u201cParemos a los Republicanos\u201d).<\/p>\n<\/div>\n<div class=\"bbc-19j92fr ebmt73l0\" dir=\"ltr\">\n<p class=\"bbc-hhl7in e17g058b0\" dir=\"ltr\">El estado de Nueva York, siguiendo las directrices de la Asociaci\u00f3n de Abogados de Estados Unidos,\u00a0proh\u00edbe a los jueces hacer contribuciones a organizaciones o candidatos pol\u00edticos.<\/p>\n<\/div>\n<div class=\"bbc-19j92fr ebmt73l0\" dir=\"ltr\">\n<p class=\"bbc-hhl7in e17g058b0\" dir=\"ltr\">Aunque la donaci\u00f3n a Biden, y posiblemente tambi\u00e9n la donaci\u00f3n a Stop Republicans, estar\u00edan prohibidas, ser\u00edan &#8220;consideradas triviales, especialmente teniendo en cuenta las peque\u00f1as sumas&#8221;, declar\u00f3 a BBC News Stephen Gillers, experto en \u00e9tica jur\u00eddica de la Universidad de Nueva York.<\/p>\n<\/div>\n<div class=\"bbc-19j92fr ebmt73l0\" dir=\"ltr\">\n<p class=\"bbc-hhl7in e17g058b0\" dir=\"ltr\">El juez Merchan\u00a0no se apart\u00f3 del caso\u00a0pese a estas revelaciones y desde entonces el asunto ha ido perdiendo relevancia medi\u00e1tica.<\/p>\n<p dir=\"ltr\">\n<\/div>\n<figure class=\"bbc-1qn0xuy\">\n<div class=\"bbc-18ywsw9\"><picture><img loading=\"lazy\" decoding=\"async\" class=\"bbc-139onq\" src=\"https:\/\/ichef.bbci.co.uk\/ace\/ws\/640\/cpsprodpb\/ecb6\/live\/02debbc0-00ca-11ef-a9f7-4d961743aa47.jpg\" sizes=\"auto, (min-width: 1008px) 760px, 100vw\" srcset=\"https:\/\/ichef.bbci.co.uk\/ace\/ws\/240\/cpsprodpb\/ecb6\/live\/02debbc0-00ca-11ef-a9f7-4d961743aa47.jpg 240w, https:\/\/ichef.bbci.co.uk\/ace\/ws\/320\/cpsprodpb\/ecb6\/live\/02debbc0-00ca-11ef-a9f7-4d961743aa47.jpg 320w, https:\/\/ichef.bbci.co.uk\/ace\/ws\/480\/cpsprodpb\/ecb6\/live\/02debbc0-00ca-11ef-a9f7-4d961743aa47.jpg 480w, https:\/\/ichef.bbci.co.uk\/ace\/ws\/624\/cpsprodpb\/ecb6\/live\/02debbc0-00ca-11ef-a9f7-4d961743aa47.jpg 624w, https:\/\/ichef.bbci.co.uk\/ace\/ws\/800\/cpsprodpb\/ecb6\/live\/02debbc0-00ca-11ef-a9f7-4d961743aa47.jpg 800w\" alt=\"Manifestantes anti-Trump acudieron a Manhattan a protestar.\" width=\"1024\" height=\"681\" \/><\/picture>\n<h5 class=\"bbc-by8ykd\" role=\"text\"><em><span class=\"bbc-m04vo2\">FUENTE DE LA IMAGEN,<\/span><span lang=\"en-GB\">GETTY IMAGES<\/span><\/em><\/h5>\n<\/div><figcaption class=\"bbc-1jsyunq e6i104o0\" dir=\"ltr\">\n<h5><em><span role=\"text\">Manifestantes anti Trump acudieron a Manhattan a protestar.<\/span><\/em><\/h5>\n<\/figcaption>&nbsp;<\/figure>\n<div class=\"bbc-19j92fr ebmt73l0\" dir=\"ltr\">\n<h5 id=\"La-hija-de-Merchan\" class=\"bbc-1f03ibc eglt09e0\" tabindex=\"-1\">La hija de Merchan<\/h5>\n<\/div>\n<div class=\"bbc-19j92fr ebmt73l0\" dir=\"ltr\">\n<p class=\"bbc-hhl7in e17g058b0\" dir=\"ltr\">La hija del juez, Loren Merchan, ha estado en el centro de una pol\u00e9mica a\u00fan mayor sobre el conflicto de intereses en este caso.<\/p>\n<\/div>\n<div class=\"bbc-19j92fr ebmt73l0\" dir=\"ltr\">\n<p class=\"bbc-hhl7in e17g058b0\" dir=\"ltr\">Merchan es presidente de Authentic Campaigns, una firma que ha trabajado en la recaudaci\u00f3n de fondos digitales y publicidad para clientes dem\u00f3cratas, entre ellos Biden y el congresista Adam Schiff, quien lider\u00f3 los esfuerzos del juicio pol\u00edtico contra Trump.<\/p>\n<\/div>\n<div class=\"bbc-19j92fr ebmt73l0\" dir=\"ltr\">\n<p class=\"bbc-hhl7in e17g058b0\" dir=\"ltr\">Trump ha presionado para que se aparte al juez del caso citando el puesto de su hija, pero sus intentos han fracasado.<\/p>\n<\/div>\n<div class=\"bbc-19j92fr ebmt73l0\" dir=\"ltr\">\n<p class=\"bbc-hhl7in e17g058b0\" dir=\"ltr\">El juez Merchan consult\u00f3 al Comit\u00e9 Asesor sobre \u00c9tica Judicial del Estado de Nueva York, que determin\u00f3 que &#8220;el asunto que se encuentra actualmente ante el juez\u00a0no involucra ni a la familia del juez ni los asuntos de la familia, ya sea directa o indirectamente&#8221;.<\/p>\n<\/div>\n<div class=\"bbc-19j92fr ebmt73l0\" dir=\"ltr\">\n<p class=\"bbc-hhl7in e17g058b0\" dir=\"ltr\">Una vez establecido esto, el juez rechaz\u00f3 abandonar el caso.<\/p>\n<\/div>\n<div class=\"bbc-19j92fr ebmt73l0\" dir=\"ltr\">\n<p class=\"bbc-hhl7in e17g058b0\" dir=\"ltr\">Trump tambi\u00e9n critic\u00f3 a Loren Merchan en las redes sociales, lo que provoc\u00f3 que el fiscal de distrito de Manhattan, Alvin Bragg, solicitara una ampliaci\u00f3n de la orden de silencio contra el expresidente que incluyera a la familia del juez.<\/p>\n<\/div>\n<div class=\"bbc-19j92fr ebmt73l0\" dir=\"ltr\">\n<p class=\"bbc-hhl7in e17g058b0\" dir=\"ltr\">El juez Merchan aprob\u00f3 la solicitud.<\/p>\n<\/div>\n<div class=\"bbc-19j92fr ebmt73l0\" dir=\"ltr\">\n<p class=\"bbc-hhl7in e17g058b0\" dir=\"ltr\">La orden\u00a0proh\u00edbe a Trump hacer comentarios\u00a0sobre testigos, miembros del jurado, personal del tribunal, abogados de la acusaci\u00f3n y sus familias, si bien no impide a Trump hablar sobre el juez o el fiscal Bragg.<\/p>\n<\/div>\n<div class=\"bbc-19j92fr ebmt73l0\" dir=\"ltr\">\n<p class=\"bbc-hhl7in e17g058b0\" dir=\"ltr\">Merchan se\u00f1al\u00f3 que los comentarios sobre su hija &#8220;indudablemente interferir\u00edan con la justa administraci\u00f3n de justicia y constituyen un ataque directo al propio Estado de Derecho&#8221;.<\/p>\n<\/div>\n<div class=\"bbc-19j92fr ebmt73l0\" dir=\"ltr\">\n<p class=\"bbc-hhl7in e17g058b0\" dir=\"ltr\">Trump ha criticado la orden de silencio por violar su derecho constitucional a la libertad de expresi\u00f3n.<\/p>\n<\/div>\n<div class=\"bbc-19j92fr ebmt73l0\" dir=\"ltr\">\n<h2 id=\"De-Bogot\u00e1-a-Nueva-York\" class=\"bbc-1f03ibc eglt09e0\" tabindex=\"-1\">De Bogot\u00e1 a Nueva York<\/h2>\n<\/div>\n<div class=\"bbc-18ywsw9\"><picture><img loading=\"lazy\" decoding=\"async\" class=\"bbc-139onq\" src=\"https:\/\/ichef.bbci.co.uk\/ace\/ws\/640\/cpsprodpb\/c192\/live\/a1490b40-00c9-11ef-8369-47dc4454b972.jpg\" sizes=\"auto, (min-width: 1008px) 760px, 100vw\" srcset=\"https:\/\/ichef.bbci.co.uk\/ace\/ws\/240\/cpsprodpb\/c192\/live\/a1490b40-00c9-11ef-8369-47dc4454b972.jpg 240w, https:\/\/ichef.bbci.co.uk\/ace\/ws\/314\/cpsprodpb\/c192\/live\/a1490b40-00c9-11ef-8369-47dc4454b972.jpg 314w\" alt=\"Juan Merch\u00e1n\" width=\"314\" height=\"314\" \/><\/picture><\/div>\n<h5 class=\"bbc-1qn0xuy\"><span role=\"text\"><em>Juan Merchan emigr\u00f3 a EE.UU. cuando ten\u00eda solo 6 a\u00f1os.<\/em><\/span><\/h5>\n<div class=\"bbc-19j92fr ebmt73l0\" dir=\"ltr\">\n<p dir=\"ltr\">\n<p dir=\"ltr\">\n<p class=\"bbc-hhl7in e17g058b0\" dir=\"ltr\">Nacido en Bogot\u00e1 en 1962, Juan Merchan es el menor de seis hermanos y su padre trabaj\u00f3 en los servicios de inteligencia colombianos, seg\u00fan New York Times.<\/p>\n<\/div>\n<div class=\"bbc-19j92fr ebmt73l0\" dir=\"ltr\">\n<p class=\"bbc-hhl7in e17g058b0\" dir=\"ltr\">Emigrado a EE.UU. con su familia\u00a0cuando ten\u00eda 6 a\u00f1os, fue el primero de su familia en ir a la universidad (seg\u00fan fuentes citadas por el diario neoyorkino) y comenz\u00f3 su carrera jur\u00eddica en 1994, cuando se gradu\u00f3 en la Facultad de Derecho de la Universidad de Hofstra.<\/p>\n<\/div>\n<div class=\"bbc-19j92fr ebmt73l0\" dir=\"ltr\">\n<p class=\"bbc-hhl7in e17g058b0\" dir=\"ltr\">Trabaj\u00f3 como fiscal en la Fiscal\u00eda de Distrito del Condado de Nueva York y como fiscal general adjunto en los condados de Nassau y Suffolk antes de ser nombrado juez del tribunal de familia en 2006.<\/p>\n<\/div>\n<div class=\"bbc-19j92fr ebmt73l0\" dir=\"ltr\">\n<p class=\"bbc-hhl7in e17g058b0\" dir=\"ltr\">El juez Merchan se encarga de asuntos penales en la Corte Suprema del condado de Nueva York desde 2009.<\/p>\n<\/div>\n<div class=\"bbc-19j92fr ebmt73l0\" dir=\"ltr\">\n<p class=\"bbc-hhl7in e17g058b0\" dir=\"ltr\">&#8220;Es un jurista serio, inteligente y de temperamento ecu\u00e1nime&#8221;, indic\u00f3 Ron Kuby, abogado de defensa penal de Manhattan, a NBC News.<\/p>\n<\/div>\n<div class=\"bbc-19j92fr ebmt73l0\" dir=\"ltr\">\n<p class=\"bbc-hhl7in e17g058b0\" dir=\"ltr\">Afirm\u00f3 de Merchan que \u201cno es uno de esos jueces que les grita a los abogados\u201d y se caracteriza por ser \u201cun juez sensato\u201d que \u201csiempre tiene el control de la sala del tribunal&#8221;.<\/p>\n<\/div>\n<div class=\"bbc-19j92fr ebmt73l0\" dir=\"ltr\">\n<p class=\"bbc-hhl7in e17g058b0\" dir=\"ltr\">En el caso contra la Organizaci\u00f3n Trump, el juez Merchan insisti\u00f3 en que los cargos no ten\u00edan en absoluto motivaciones pol\u00edticas, pese a que el abogado defensor de la corporaci\u00f3n argumentaba que el director financiero de la misma, Allen Weisselberg, estaba recibiendo ataques por su asociaci\u00f3n con el expresidente.<\/p>\n<\/div>\n","protected":false},"excerpt":{"rendered":"<p>Merchan, en un boceto del juicio. &nbsp; &nbsp; El juicio penal contra el expresidente Donald Trump por el \u201ccaso Stormy Daniels\u201d entr\u00f3 este lunes en&hellip;<\/p>\n","protected":false},"author":99,"featured_media":517836,"comment_status":"open","ping_status":"open","sticky":false,"template":"","format":"standard","meta":{"footnotes":""},"categories":[24],"tags":[],"class_list":["post-517835","post","type-post","status-publish","format-standard","has-post-thumbnail","hentry","category-mundo"],"_links":{"self":[{"href":"https:\/\/diarioelpopular.com\/index.php\/wp-json\/wp\/v2\/posts\/517835","targetHints":{"allow":["GET"]}}],"collection":[{"href":"https:\/\/diarioelpopular.com\/index.php\/wp-json\/wp\/v2\/posts"}],"about":[{"href":"https:\/\/diarioelpopular.com\/index.php\/wp-json\/wp\/v2\/types\/post"}],"author":[{"embeddable":true,"href":"https:\/\/diarioelpopular.com\/index.php\/wp-json\/wp\/v2\/users\/99"}],"replies":[{"embeddable":true,"href":"https:\/\/diarioelpopular.com\/index.php\/wp-json\/wp\/v2\/comments?post=517835"}],"version-history":[{"count":1,"href":"https:\/\/diarioelpopular.com\/index.php\/wp-json\/wp\/v2\/posts\/517835\/revisions"}],"predecessor-version":[{"id":517837,"href":"https:\/\/diarioelpopular.com\/index.php\/wp-json\/wp\/v2\/posts\/517835\/revisions\/517837"}],"wp:featuredmedia":[{"embeddable":true,"href":"https:\/\/diarioelpopular.com\/index.php\/wp-json\/wp\/v2\/media\/517836"}],"wp:attachment":[{"href":"https:\/\/diarioelpopular.com\/index.php\/wp-json\/wp\/v2\/media?parent=517835"}],"wp:term":[{"taxonomy":"category","embeddable":true,"href":"https:\/\/diarioelpopular.com\/index.php\/wp-json\/wp\/v2\/categories?post=517835"},{"taxonomy":"post_tag","embeddable":true,"href":"https:\/\/diarioelpopular.com\/index.php\/wp-json\/wp\/v2\/tags?post=517835"}],"curies":[{"name":"wp","href":"https:\/\/api.w.org\/{rel}","templated":true}]}}