{"id":517911,"date":"2024-04-27T08:16:40","date_gmt":"2024-04-27T12:16:40","guid":{"rendered":"https:\/\/diarioelpopular.com\/?p=517911"},"modified":"2024-04-27T08:16:40","modified_gmt":"2024-04-27T12:16:40","slug":"el-mundo-lucha-contra-el-aumento-de-la-contaminacion-plastica-canada-no-es-la-excepcion","status":"publish","type":"post","link":"https:\/\/diarioelpopular.com\/index.php\/2024\/04\/27\/el-mundo-lucha-contra-el-aumento-de-la-contaminacion-plastica-canada-no-es-la-excepcion\/","title":{"rendered":"El mundo lucha contra el aumento de la contaminaci\u00f3n pl\u00e1stica; Canad\u00e1 no es la excepci\u00f3n"},"content":{"rendered":"<p><img loading=\"lazy\" decoding=\"async\" class=\"alignnone size-custom-full-size wp-image-517912\" src=\"https:\/\/diarioelpopular.com\/wp-content\/uploads\/2024\/04\/Screen-Shot-2024-04-27-at-8.16.01-AM-636x477.png\" alt=\"\" width=\"636\" height=\"477\" srcset=\"https:\/\/diarioelpopular.com\/wp-content\/uploads\/2024\/04\/Screen-Shot-2024-04-27-at-8.16.01-AM-636x477.png 636w, https:\/\/diarioelpopular.com\/wp-content\/uploads\/2024\/04\/Screen-Shot-2024-04-27-at-8.16.01-AM-300x225.png 300w, https:\/\/diarioelpopular.com\/wp-content\/uploads\/2024\/04\/Screen-Shot-2024-04-27-at-8.16.01-AM-768x576.png 768w, https:\/\/diarioelpopular.com\/wp-content\/uploads\/2024\/04\/Screen-Shot-2024-04-27-at-8.16.01-AM-97x73.png 97w, https:\/\/diarioelpopular.com\/wp-content\/uploads\/2024\/04\/Screen-Shot-2024-04-27-at-8.16.01-AM.png 800w\" sizes=\"auto, (max-width: 636px) 100vw, 636px\" \/><\/p>\n<p>&nbsp;<\/p>\n<ul>\n<li><em><strong>Solamente menos del 10 por ciento de los pl\u00e1sticos en Canad\u00e1 terminan reciclados, dice el gobierno<\/strong><\/em><\/li>\n<\/ul>\n<p>&nbsp;<\/p>\n<p><em><strong>OTTAWA.-<\/strong><\/em> Mientras miles de delegados se re\u00fanen en la capital esta semana para trabajar en pos de un tratado global para frenar los desechos pl\u00e1sticos, los expertos dicen que es posible que el mundo nunca tenga una mejor oportunidad para enfrentar el problema.<\/p>\n<p>En una serie de entrevistas con The House de CBC que se transmiti\u00f3 este s\u00e1bado, los participantes en la conferencia de las Naciones Unidas de esta semana dijeron que el problema de los desechos pl\u00e1sticos va mucho m\u00e1s all\u00e1 de las preguntas sobre si un art\u00edculo en particular puede ir al contenedor azul o qu\u00e9 pas\u00f3 con las pajitas de pl\u00e1stico.<\/p>\n<p>Las negociaciones de Ottawa son la pen\u00faltima reuni\u00f3n antes de que se espera que 176 pa\u00edses finalicen un tratado para abordar los desechos pl\u00e1sticos abordando los pl\u00e1sticos a lo largo de su ciclo de vida, desde la producci\u00f3n hasta el uso y la eliminaci\u00f3n.<\/p>\n<p>&#8220;Ottawa realmente necesita ser un punto de inflexi\u00f3n&#8221;, dijo a CBC News Graham Forbes, l\u00edder mundial del proyecto de pl\u00e1sticos de Greenpeace, antes de las reuniones. &#8220;Estamos en un momento decisivo para las negociaciones del tratado mundial sobre pl\u00e1sticos&#8221;.<\/p>\n<p>Un experto dijo esta semana a la presentadora de The House, Catherine Cullen, que el tratado debe abordar aspectos de la eliminaci\u00f3n de residuos incluso m\u00e1s b\u00e1sicos que las cuestiones sobre las normas internacionales de pl\u00e1stico y el reciclaje.<\/p>\n<p>&#8220;Bueno, la realidad es que el 67 por ciento de la poblaci\u00f3n mundial no tiene acceso a servicios de recolecci\u00f3n de residuos&#8221;, dijo Clarissa Morawski, directora ejecutiva de Reloop Platform, un grupo de defensa contra los residuos.<\/p>\n<p>&#8220;Y esa es la raz\u00f3n fundamental por la que tenemos un problema de contaminaci\u00f3n por pl\u00e1sticos. As\u00ed que lo primero que debemos hacer es lograr que todos en todo el mundo alcancen ese nivel de cobertura del 95 por ciento&#8221;.<\/p>\n<p>El ministro de Medio Ambiente, Steven Guilbeault, dijo a Power &amp; Politics de CBC esta semana que el enfoque internacional permitir\u00eda a la comunidad global cumplir objetivos ambiciosos, incluido el objetivo de poner fin a la contaminaci\u00f3n pl\u00e1stica para 2040, acordado por un grupo de pa\u00edses conocido como la Coalici\u00f3n de Alta Ambici\u00f3n.<\/p>\n<p>&#8220;En este momento hay un pu\u00f1ado de pa\u00edses que est\u00e1n haciendo cosas como prohibiciones de pl\u00e1sticos de un solo uso. Pero cuando sean 100 pa\u00edses, 150 pa\u00edses, casi 200 pa\u00edses, ser\u00e1 mucho m\u00e1s f\u00e1cil hacerlo&#8221;, dijo Guilbeault.<\/p>\n<p><em><strong>La lucha por los pl\u00e1sticos de un solo uso<\/strong><\/em><br \/>\nA nivel nacional, contin\u00faa el debate sobre la mejor manera de abordar los desechos pl\u00e1sticos en Canad\u00e1.<\/p>\n<p>El gobierno federal anunci\u00f3 recientemente un registro para rastrear los tipos de pl\u00e1stico que se producen en Canad\u00e1. Es parte de un esfuerzo por crear un est\u00e1ndar nacional para reemplazar los programas de seguimiento provinciales que, seg\u00fan Environment Canada, no son consistentes en todas las jurisdicciones.<\/p>\n<p>El registro es parte del esfuerzo general del gobierno federal para reducir los desechos pl\u00e1sticos en Canad\u00e1. Seg\u00fan Ottawa, los canadienses tiran a la basura m\u00e1s de cuatro millones de toneladas de residuos pl\u00e1sticos cada a\u00f1o. S\u00f3lo el nueve por ciento se recicla y la mayor parte termina en vertederos.<\/p>\n<p>Un juez del Tribunal Federal tambi\u00e9n dictamin\u00f3 el a\u00f1o pasado que la decisi\u00f3n de Canad\u00e1 de incluir los pl\u00e1sticos como t\u00f3xicos, una medida que ayud\u00f3 a prohibir algunos pl\u00e1sticos de un solo uso, era inconstitucional. Ottawa est\u00e1 apelando el fallo.<\/p>\n<p>Esa decisi\u00f3n se suspendi\u00f3, lo que significa que las regulaciones contra el pl\u00e1stico de un solo uso todav\u00eda est\u00e1n vigentes. Pero los conservadores est\u00e1n impulsando una legislaci\u00f3n que recuperar\u00eda las pajitas de pl\u00e1stico, impulsados por una nueva investigaci\u00f3n que muestra que algunos art\u00edculos compostables est\u00e1n hechos con lo que se conoce como &#8220;qu\u00edmicos permanentes&#8221;, sustancias potencialmente da\u00f1inas.<\/p>\n<p>Otro avance clave en los programas de reciclaje en Canad\u00e1 es la transici\u00f3n en todo el pa\u00eds (en diferentes etapas en diferentes provincias y territorios) a lo que se llama responsabilidad extendida del productor (EPR). Seg\u00fan la EPR, los productores asumen la responsabilidad de los productos durante todo su ciclo de vida. En el caso de los pl\u00e1sticos, eso significa tratarlos despu\u00e9s de que los consumidores los utilicen.<\/p>\n<p>&#8220;En \u00faltima instancia, lo que estamos al borde del precipicio es este gran cambio en c\u00f3mo se llevar\u00e1 a cabo el reciclaje, y no s\u00f3lo ser\u00e1 un mejor sistema, sino un sistema operado y financiado por las personas que fabrican los envases, &#8221; dijo Allen Langdon, director ejecutivo de Circular Materials, una organizaci\u00f3n fundada por una coalici\u00f3n de productores de pl\u00e1stico que implementa programas EPR.<\/p>\n<p>&#8220;Creo que lo que veremos en los pr\u00f3ximos tres a\u00f1os es un sistema en el que casi todos los paquetes del pa\u00eds podr\u00e1n incluirse en su caja azul. Y luego desarrollaremos v\u00edas para hacer asegurarnos de que el material no s\u00f3lo pueda reciclarse, sino que eventualmente pueda devolverse a los productores&#8221;.<\/p>\n<p>Un participante en la conferencia sobre pl\u00e1sticos de esta semana expres\u00f3 escepticismo de que los programas de reciclaje por s\u00ed solos puedan hacer mella en el problema global.<\/p>\n<p>&#8220;El reciclaje es una soluci\u00f3n de curita si se lo mira desde una perspectiva cient\u00edfica pero tambi\u00e9n econ\u00f3mica. El reciclaje no es econ\u00f3mico y muchas, muchas industrias que lo impulsan en realidad no participan en el reciclaje porque es demasiado caro. ,&#8221; dijo Rufino Varea, un cient\u00edfico de Fiji que asisti\u00f3 a la conferencia.<\/p>\n","protected":false},"excerpt":{"rendered":"<p>&nbsp; Solamente menos del 10 por ciento de los pl\u00e1sticos en Canad\u00e1 terminan reciclados, dice el gobierno &nbsp; OTTAWA.- Mientras miles de delegados se re\u00fanen&hellip;<\/p>\n","protected":false},"author":99,"featured_media":517912,"comment_status":"open","ping_status":"open","sticky":false,"template":"","format":"standard","meta":{"footnotes":""},"categories":[21,11191],"tags":[],"class_list":["post-517911","post","type-post","status-publish","format-standard","has-post-thumbnail","hentry","category-canada","category-top-news"],"_links":{"self":[{"href":"https:\/\/diarioelpopular.com\/index.php\/wp-json\/wp\/v2\/posts\/517911","targetHints":{"allow":["GET"]}}],"collection":[{"href":"https:\/\/diarioelpopular.com\/index.php\/wp-json\/wp\/v2\/posts"}],"about":[{"href":"https:\/\/diarioelpopular.com\/index.php\/wp-json\/wp\/v2\/types\/post"}],"author":[{"embeddable":true,"href":"https:\/\/diarioelpopular.com\/index.php\/wp-json\/wp\/v2\/users\/99"}],"replies":[{"embeddable":true,"href":"https:\/\/diarioelpopular.com\/index.php\/wp-json\/wp\/v2\/comments?post=517911"}],"version-history":[{"count":1,"href":"https:\/\/diarioelpopular.com\/index.php\/wp-json\/wp\/v2\/posts\/517911\/revisions"}],"predecessor-version":[{"id":517913,"href":"https:\/\/diarioelpopular.com\/index.php\/wp-json\/wp\/v2\/posts\/517911\/revisions\/517913"}],"wp:featuredmedia":[{"embeddable":true,"href":"https:\/\/diarioelpopular.com\/index.php\/wp-json\/wp\/v2\/media\/517912"}],"wp:attachment":[{"href":"https:\/\/diarioelpopular.com\/index.php\/wp-json\/wp\/v2\/media?parent=517911"}],"wp:term":[{"taxonomy":"category","embeddable":true,"href":"https:\/\/diarioelpopular.com\/index.php\/wp-json\/wp\/v2\/categories?post=517911"},{"taxonomy":"post_tag","embeddable":true,"href":"https:\/\/diarioelpopular.com\/index.php\/wp-json\/wp\/v2\/tags?post=517911"}],"curies":[{"name":"wp","href":"https:\/\/api.w.org\/{rel}","templated":true}]}}