{"id":517986,"date":"2024-05-02T10:26:57","date_gmt":"2024-05-02T14:26:57","guid":{"rendered":"https:\/\/diarioelpopular.com\/?p=517986"},"modified":"2024-05-02T10:26:57","modified_gmt":"2024-05-02T14:26:57","slug":"ontario-introduce-una-via-de-aprendizaje-acelerada-para-estudiantes-de-secundaria","status":"publish","type":"post","link":"https:\/\/diarioelpopular.com\/index.php\/2024\/05\/02\/ontario-introduce-una-via-de-aprendizaje-acelerada-para-estudiantes-de-secundaria\/","title":{"rendered":"Ontario introduce una v\u00eda de aprendizaje acelerada para estudiantes de secundaria"},"content":{"rendered":"<p><img loading=\"lazy\" decoding=\"async\" class=\"alignnone size-custom-full-size wp-image-517987\" src=\"https:\/\/diarioelpopular.com\/wp-content\/uploads\/2024\/05\/Screen-Shot-2024-05-02-at-10.26.32-AM-636x476.png\" alt=\"\" width=\"636\" height=\"476\" srcset=\"https:\/\/diarioelpopular.com\/wp-content\/uploads\/2024\/05\/Screen-Shot-2024-05-02-at-10.26.32-AM-636x476.png 636w, https:\/\/diarioelpopular.com\/wp-content\/uploads\/2024\/05\/Screen-Shot-2024-05-02-at-10.26.32-AM-300x225.png 300w, https:\/\/diarioelpopular.com\/wp-content\/uploads\/2024\/05\/Screen-Shot-2024-05-02-at-10.26.32-AM-768x575.png 768w, https:\/\/diarioelpopular.com\/wp-content\/uploads\/2024\/05\/Screen-Shot-2024-05-02-at-10.26.32-AM-97x73.png 97w, https:\/\/diarioelpopular.com\/wp-content\/uploads\/2024\/05\/Screen-Shot-2024-05-02-at-10.26.32-AM.png 836w\" sizes=\"auto, (max-width: 636px) 100vw, 636px\" \/><\/p>\n<p>&nbsp;<\/p>\n<ul>\n<li><em><strong>Los estudiantes de secundaria de Ontario pronto podr\u00e1n pasar la mayor parte de su tiempo en los grados 11 y 12 en un aprendizaje si deciden participar en un nuevo programa de oficios calificados.<\/strong><\/em><\/li>\n<\/ul>\n<p>&nbsp;<\/p>\n<p>El Ministro de Educaci\u00f3n, Stephen Lecce, indic\u00f3 el a\u00f1o pasado que el gobierno avanzar\u00eda en esa direcci\u00f3n y, junto con el Ministro de Trabajo, David Piccini, revel\u00f3 este jueves esos detalles.<\/p>\n<p>La provincia est\u00e1 creando una nueva corriente dentro de su Programa de Aprendizaje Juvenil de Ontario que permitir\u00e1 a los estudiantes de los grados 11 y 12 pasar el 80 por ciento de su tiempo en cursos cooperativos, destinados a acelerar su ingreso a los oficios calificados.<\/p>\n<p>Lecce dice que los estudiantes a\u00fan tendr\u00e1n que tomar cursos de matem\u00e1ticas e ingl\u00e9s.<\/p>\n<p>La nueva transmisi\u00f3n comenzar\u00e1 en septiembre de 2025.<\/p>\n<p>Piccini dice que para satisfacer las demandas de la construcci\u00f3n de infraestructura cr\u00edtica, la provincia necesitar\u00e1 500.000 personas m\u00e1s en oficios calificados durante la pr\u00f3xima d\u00e9cada.<\/p>\n","protected":false},"excerpt":{"rendered":"<p>&nbsp; Los estudiantes de secundaria de Ontario pronto podr\u00e1n pasar la mayor parte de su tiempo en los grados 11 y 12 en un aprendizaje&hellip;<\/p>\n","protected":false},"author":99,"featured_media":517987,"comment_status":"open","ping_status":"open","sticky":false,"template":"","format":"standard","meta":{"footnotes":""},"categories":[21,11191],"tags":[],"class_list":["post-517986","post","type-post","status-publish","format-standard","has-post-thumbnail","hentry","category-canada","category-top-news"],"_links":{"self":[{"href":"https:\/\/diarioelpopular.com\/index.php\/wp-json\/wp\/v2\/posts\/517986","targetHints":{"allow":["GET"]}}],"collection":[{"href":"https:\/\/diarioelpopular.com\/index.php\/wp-json\/wp\/v2\/posts"}],"about":[{"href":"https:\/\/diarioelpopular.com\/index.php\/wp-json\/wp\/v2\/types\/post"}],"author":[{"embeddable":true,"href":"https:\/\/diarioelpopular.com\/index.php\/wp-json\/wp\/v2\/users\/99"}],"replies":[{"embeddable":true,"href":"https:\/\/diarioelpopular.com\/index.php\/wp-json\/wp\/v2\/comments?post=517986"}],"version-history":[{"count":1,"href":"https:\/\/diarioelpopular.com\/index.php\/wp-json\/wp\/v2\/posts\/517986\/revisions"}],"predecessor-version":[{"id":517988,"href":"https:\/\/diarioelpopular.com\/index.php\/wp-json\/wp\/v2\/posts\/517986\/revisions\/517988"}],"wp:featuredmedia":[{"embeddable":true,"href":"https:\/\/diarioelpopular.com\/index.php\/wp-json\/wp\/v2\/media\/517987"}],"wp:attachment":[{"href":"https:\/\/diarioelpopular.com\/index.php\/wp-json\/wp\/v2\/media?parent=517986"}],"wp:term":[{"taxonomy":"category","embeddable":true,"href":"https:\/\/diarioelpopular.com\/index.php\/wp-json\/wp\/v2\/categories?post=517986"},{"taxonomy":"post_tag","embeddable":true,"href":"https:\/\/diarioelpopular.com\/index.php\/wp-json\/wp\/v2\/tags?post=517986"}],"curies":[{"name":"wp","href":"https:\/\/api.w.org\/{rel}","templated":true}]}}