{"id":517989,"date":"2024-05-02T10:33:56","date_gmt":"2024-05-02T14:33:56","guid":{"rendered":"https:\/\/diarioelpopular.com\/?p=517989"},"modified":"2024-05-02T10:33:56","modified_gmt":"2024-05-02T14:33:56","slug":"estamos-cada-vez-mas-cerca-de-recortar-las-tasas-de-interes-dice-el-gobernador-del-banco-de-canada-a-los-parlamentarios","status":"publish","type":"post","link":"https:\/\/diarioelpopular.com\/index.php\/2024\/05\/02\/estamos-cada-vez-mas-cerca-de-recortar-las-tasas-de-interes-dice-el-gobernador-del-banco-de-canada-a-los-parlamentarios\/","title":{"rendered":"&#8220;Estamos cada vez m\u00e1s cerca&#8221; de recortar las tasas de inter\u00e9s, dice el gobernador del Banco de Canad\u00e1 a los parlamentarios"},"content":{"rendered":"<p><img loading=\"lazy\" decoding=\"async\" class=\"alignnone size-custom-full-size wp-image-517990\" src=\"https:\/\/diarioelpopular.com\/wp-content\/uploads\/2024\/05\/Screen-Shot-2024-05-02-at-10.33.20-AM-636x392.png\" alt=\"\" width=\"636\" height=\"392\" srcset=\"https:\/\/diarioelpopular.com\/wp-content\/uploads\/2024\/05\/Screen-Shot-2024-05-02-at-10.33.20-AM-636x392.png 636w, https:\/\/diarioelpopular.com\/wp-content\/uploads\/2024\/05\/Screen-Shot-2024-05-02-at-10.33.20-AM-300x185.png 300w, https:\/\/diarioelpopular.com\/wp-content\/uploads\/2024\/05\/Screen-Shot-2024-05-02-at-10.33.20-AM-768x473.png 768w, https:\/\/diarioelpopular.com\/wp-content\/uploads\/2024\/05\/Screen-Shot-2024-05-02-at-10.33.20-AM-118x73.png 118w, https:\/\/diarioelpopular.com\/wp-content\/uploads\/2024\/05\/Screen-Shot-2024-05-02-at-10.33.20-AM.png 1024w\" sizes=\"auto, (max-width: 636px) 100vw, 636px\" \/><\/p>\n<p>&nbsp;<\/p>\n<p><em><strong>&#8211; &#8220;Vemos un renovado impulso a la baja en la inflaci\u00f3n subyacente&#8221;, dijo Tiff Macklem.<\/strong><\/em><\/p>\n<p><em><strong>OTTAWA.-<\/strong> <\/em>El Banco de Canad\u00e1 est\u00e1 cada vez m\u00e1s cerca de recortar las tasas de inter\u00e9s a medida que la inflaci\u00f3n muestra signos de bajar y mantenerse baja, dijo este jueves el gobernador del banco central, Tiff Macklem, a los parlamentarios.<\/p>\n<p>&#8220;Vemos un renovado impulso a la baja en la inflaci\u00f3n subyacente. El mensaje es: nos estamos acercando. Estamos viendo lo que necesitamos ver y s\u00f3lo necesitamos estar seguros de que se mantendr\u00e1&#8221;, dijo Macklem durante una aparici\u00f3n ante el comit\u00e9 de finanzas de la C\u00e1mara de los Comunes.<\/p>\n<p>El crecimiento econ\u00f3mico se ha estancado, hay un exceso de oferta de bienes, los aumentos salariales se han estabilizado y el mercado laboral se ha enfriado &#8220;desde niveles muy sobrecalentados&#8221;, lo que ha ayudado a bajar los precios, dijo Macklem.<\/p>\n<p>&#8220;Todos nuestros indicadores clave de inflaci\u00f3n se han movido en la direcci\u00f3n correcta&#8221;, dijo, se\u00f1alando datos que excluyen las oscilaciones de precios m\u00e1s vol\u00e1tiles, como los precios de los alimentos y la energ\u00eda.<\/p>\n<p>La pr\u00f3xima oportunidad para que el banco central posiblemente recorte las tasas es el 5 de junio.<\/p>\n<p>El tono optimista de Macklem podr\u00eda ser una buena noticia para los propietarios y posibles compradores que se han visto obligados a comprar o refinanciar una casa con tasas de inter\u00e9s en m\u00e1ximos de 20 a\u00f1os.<\/p>\n<p>Dijo que la tasa de pol\u00edtica actual del banco del cinco por ciento ha estado &#8220;restringiendo&#8221; la demanda de viviendas.<\/p>\n<p>Pero el Banco de Canad\u00e1 ahora proyecta &#8220;un fuerte repunte del sector inmobiliario a lo largo de este a\u00f1o&#8221; con &#8220;algo de aumento en los precios de la vivienda&#8221;, dijo Macklem.<\/p>\n<p>Al reconocer que las tasas m\u00e1s altas han sido duras para los canadienses y algunos sectores de la econom\u00eda como el inmobiliario, Macklem dijo que el banco no &#8220;quiere mantener la pol\u00edtica monetaria tan restrictiva por m\u00e1s tiempo del necesario&#8221;.<\/p>\n<p>La perspectiva relativamente optimista de Macklem sobre las tasas difiere algo de la de Jerome Powell, presidente de la Reserva Federal de Estados Unidos, el organismo que fija las tasas de inter\u00e9s en ese pa\u00eds.<\/p>\n<p>La Reserva Federal mantuvo estables las tasas de inter\u00e9s el mi\u00e9rcoles.<\/p>\n<p>&#8220;La inflaci\u00f3n sigue siendo demasiado alta&#8221;, afirm\u00f3 Powell. &#8220;No est\u00e1 garantizado que se avance m\u00e1s para reducirlo y el camino a seguir es incierto&#8221;.<\/p>\n<p><em><strong>Preocupaciones por el d\u00f3lar canadiense<\/strong><\/em><br \/>\nMacklem dijo que hay una raz\u00f3n por la que la inflaci\u00f3n ha bajado m\u00e1s aqu\u00ed que en Estados Unidos: la econom\u00eda de Canad\u00e1 ha sido m\u00e1s d\u00e9bil que al sur de la frontera.<\/p>\n<p>&#8220;Tenemos nuestra propia moneda, podemos ejecutar nuestra propia pol\u00edtica monetaria&#8221;, dijo Macklem, a\u00f1adiendo que una decisi\u00f3n de recortar las tasas mientras Estados Unidos se mantiene firme podr\u00eda tener un &#8220;impacto en el d\u00f3lar canadiense&#8221;.<\/p>\n<p>&#8220;Si nos movemos por debajo de la Reserva Federal, eso tender\u00e1 a depreciar el d\u00f3lar canadiense&#8221;, dijo.<\/p>\n<p>Eso podr\u00eda ser problem\u00e1tico para los vacacionistas y los viajeros transfronterizos frecuentes, pero un d\u00f3lar canadiense m\u00e1s d\u00e9bil tambi\u00e9n podr\u00eda ser una bendici\u00f3n para la econom\u00eda canadiense, a medida que nuestras exportaciones se abaratan.<\/p>\n","protected":false},"excerpt":{"rendered":"<p>&nbsp; &#8211; &#8220;Vemos un renovado impulso a la baja en la inflaci\u00f3n subyacente&#8221;, dijo Tiff Macklem. OTTAWA.- El Banco de Canad\u00e1 est\u00e1 cada vez m\u00e1s&hellip;<\/p>\n","protected":false},"author":99,"featured_media":517990,"comment_status":"open","ping_status":"open","sticky":false,"template":"","format":"standard","meta":{"footnotes":""},"categories":[21,11191],"tags":[],"class_list":["post-517989","post","type-post","status-publish","format-standard","has-post-thumbnail","hentry","category-canada","category-top-news"],"_links":{"self":[{"href":"https:\/\/diarioelpopular.com\/index.php\/wp-json\/wp\/v2\/posts\/517989","targetHints":{"allow":["GET"]}}],"collection":[{"href":"https:\/\/diarioelpopular.com\/index.php\/wp-json\/wp\/v2\/posts"}],"about":[{"href":"https:\/\/diarioelpopular.com\/index.php\/wp-json\/wp\/v2\/types\/post"}],"author":[{"embeddable":true,"href":"https:\/\/diarioelpopular.com\/index.php\/wp-json\/wp\/v2\/users\/99"}],"replies":[{"embeddable":true,"href":"https:\/\/diarioelpopular.com\/index.php\/wp-json\/wp\/v2\/comments?post=517989"}],"version-history":[{"count":1,"href":"https:\/\/diarioelpopular.com\/index.php\/wp-json\/wp\/v2\/posts\/517989\/revisions"}],"predecessor-version":[{"id":517991,"href":"https:\/\/diarioelpopular.com\/index.php\/wp-json\/wp\/v2\/posts\/517989\/revisions\/517991"}],"wp:featuredmedia":[{"embeddable":true,"href":"https:\/\/diarioelpopular.com\/index.php\/wp-json\/wp\/v2\/media\/517990"}],"wp:attachment":[{"href":"https:\/\/diarioelpopular.com\/index.php\/wp-json\/wp\/v2\/media?parent=517989"}],"wp:term":[{"taxonomy":"category","embeddable":true,"href":"https:\/\/diarioelpopular.com\/index.php\/wp-json\/wp\/v2\/categories?post=517989"},{"taxonomy":"post_tag","embeddable":true,"href":"https:\/\/diarioelpopular.com\/index.php\/wp-json\/wp\/v2\/tags?post=517989"}],"curies":[{"name":"wp","href":"https:\/\/api.w.org\/{rel}","templated":true}]}}