{"id":517992,"date":"2024-05-02T10:50:11","date_gmt":"2024-05-02T14:50:11","guid":{"rendered":"https:\/\/diarioelpopular.com\/?p=517992"},"modified":"2024-05-02T10:50:11","modified_gmt":"2024-05-02T14:50:11","slug":"es-loco-una-palabra-no-parlamentaria-una-mirada-a-las-reglas-sobre-el-decoro","status":"publish","type":"post","link":"https:\/\/diarioelpopular.com\/index.php\/2024\/05\/02\/es-loco-una-palabra-no-parlamentaria-una-mirada-a-las-reglas-sobre-el-decoro\/","title":{"rendered":"\u00bfEs &#8216;loco&#8217; una palabra no parlamentaria? Una mirada a las reglas sobre el decoro."},"content":{"rendered":"<p><img loading=\"lazy\" decoding=\"async\" class=\"alignnone size-custom-full-size wp-image-517993\" src=\"https:\/\/diarioelpopular.com\/wp-content\/uploads\/2024\/05\/Screen-Shot-2024-05-02-at-10.49.44-AM-636x381.png\" alt=\"\" width=\"636\" height=\"381\" srcset=\"https:\/\/diarioelpopular.com\/wp-content\/uploads\/2024\/05\/Screen-Shot-2024-05-02-at-10.49.44-AM-636x380.png 636w, https:\/\/diarioelpopular.com\/wp-content\/uploads\/2024\/05\/Screen-Shot-2024-05-02-at-10.49.44-AM-300x180.png 300w, https:\/\/diarioelpopular.com\/wp-content\/uploads\/2024\/05\/Screen-Shot-2024-05-02-at-10.49.44-AM-768x460.png 768w, https:\/\/diarioelpopular.com\/wp-content\/uploads\/2024\/05\/Screen-Shot-2024-05-02-at-10.49.44-AM-122x73.png 122w, https:\/\/diarioelpopular.com\/wp-content\/uploads\/2024\/05\/Screen-Shot-2024-05-02-at-10.49.44-AM.png 1024w\" sizes=\"auto, (max-width: 636px) 100vw, 636px\" \/><\/p>\n<p>&nbsp;<\/p>\n<p>&nbsp;<\/p>\n<ul>\n<li><em><strong>Despu\u00e9s de que el l\u00edder conservador Pierre Poilievre fuera expulsado de la C\u00e1mara de los Comunes este martes por negarse a retirar lo que se consideraba lenguaje no parlamentario, muchos comenzaron a preguntarse: \u00bfqui\u00e9n decide qu\u00e9 palabras no son parlamentarias y qu\u00e9 palabras cuentan?<\/strong><\/em><\/li>\n<\/ul>\n<p><em><strong>OTTAWA.-<\/strong><\/em> Los conservadores calificaron la decisi\u00f3n como parcial y exigieron la renuncia del presidente de la C\u00e1mara de Representantes, Greg Fergus, alegando que hab\u00eda perdido la confianza de la oposici\u00f3n, que desde entonces se ha manifestado en torno al uso que hace Poilievre del t\u00e9rmino \u201cloco\u201d.<\/p>\n<p>Pero el Ministro de Inmigraci\u00f3n, Marc Miller, dijo en el Parlamento que las reglas son las reglas.<\/p>\n<p>&#8220;Se utilizan muchas palabras no parlamentarias que pueden parecer arcanas y arcaicas; yo mismo he sido culpable de usarlas&#8221;, dijo a los periodistas momentos despu\u00e9s de la destituci\u00f3n de Poilievre. \u201cCuando lo hice, me levant\u00e9 y me disculp\u00e9.<\/p>\n<p>\u201cNo lo sancionaron por usar la palabra, lo sancionaron por no retractarse\u2026 Eso ataca la integridad y la autoridad del presidente, lo cual es sacrosanto en esta C\u00e1mara\u201d.<\/p>\n<p>De hecho, si bien existen listas de palabras y frases consideradas no parlamentarias, las reglas oficiales de la C\u00e1mara se centran en c\u00f3mo se usa ese lenguaje, en lugar de prohibir t\u00e9rminos espec\u00edficos.<\/p>\n<p>\u201cActualmente, en la C\u00e1mara de los Comunes, un mandato que un d\u00eda se considera parlamentario podr\u00eda ser considerado no parlamentario otro d\u00eda\u201d, dijo Mathieu Gravel, portavoz de la Oficina del Portavoz.<\/p>\n<p>&#8220;Corresponde al Portavoz juzgar cada situaci\u00f3n seg\u00fan las circunstancias&#8221;.<\/p>\n<p>Las reglas de la C\u00e1mara dicen que codificar una lista de lenguaje no parlamentario en ley \u201cha resultado poco pr\u00e1ctico\u201d, ya que el Portavoz analiza m\u00e1s \u201cel contexto en el que se usan las palabras o frases\u201d.<\/p>\n<p>Fundamentalmente, esas reglas dicen que \u201clos ataques personales, los insultos y las obscenidades no est\u00e1n permitidos\u201d, mientras que esos mismos ataques e insultos a veces pueden permitirse \u201ccuando se aplican \u2018en un sentido gen\u00e9rico\u2019 o a una parte\u201d.<\/p>\n<p>Poilievre pareci\u00f3 cruzar esa l\u00ednea, seg\u00fan hab\u00eda determinado Fergus, cuando calific\u00f3 de \u201clocas\u201d no s\u00f3lo las pol\u00edticas del gobierno federal en torno a la despenalizaci\u00f3n de las drogas, sino tambi\u00e9n al primer ministro Justin Trudeau.<\/p>\n<p>S\u00f3lo despu\u00e9s de que Poilievre se negara repetidamente a retirar la palabra sin reemplazarla con un t\u00e9rmino diferente (las alternativas que propuso usar en respuesta a Fergus eran \u201cextremistas\u201d y \u201cradicales\u201d), Fergus lo excluy\u00f3 de la c\u00e1mara.<\/p>\n<p>Las reglas actuales dicen que el factor \u201cm\u00e1s importante\u201d que el presidente debe considerar cuando se trata de lenguaje no parlamentario es si las palabras utilizadas \u201ccrearon desorden en la C\u00e1mara\u201d.<\/p>\n<p>Tambi\u00e9n se considerar\u00e1n el \u201ctono, manera e inflexi\u00f3n del diputado que habla, la persona a quien se dirigieron las palabras en cuesti\u00f3n, (y) el grado de provocaci\u00f3n\u201d.<\/p>\n<p><em><strong>\u00bfQu\u00e9 lenguaje se ha considerado no parlamentario?<\/strong><\/em><br \/>\nAunque no es oficial ni est\u00e1 codificada como ley, hay una lista de palabras y frases en la Biblioteca del Parlamento que han sido declaradas no parlamentarias, aunque no se ha actualizado desde 1989.<\/p>\n<p>La lista, que se encuentra en la sexta edici\u00f3n de las Reglas y Formas de la C\u00e1mara de los Comunes de Canad\u00e1 de Beauchesne, no incluye &#8220;loco&#8221;.<\/p>\n<p>Pero s\u00ed contiene varios t\u00e9rminos que han tenido consecuencias m\u00e1s modernas para los miembros que los utilizan.<\/p>\n<p>El principal de ellos es &#8220;mentiroso&#8221; o &#8220;mentira&#8221;. Incluso en a\u00f1os m\u00e1s recientes, los oradores han amonestado a los parlamentarios varias veces (e incluso expulsado a miembros) por acusar a otros de mentir.<\/p>\n<p>El ejemplo m\u00e1s reciente fue en diciembre de 2023, cuando el diputado conservador Damien Kurek fue destituido por llamar mentiroso a Trudeau y negarse a disculparse cuando el presidente se lo pidi\u00f3.<\/p>\n<p>Incluso el uso del t\u00e9rmino \u201cdeshonesto\u201d ha sido declarado no parlamentario varias veces, seg\u00fan la lista de 1989, que incluye las fechas espec\u00edficas en las que se dictaron las sentencias.<\/p>\n<p>En la lista tambi\u00e9n se incluyen malas palabras y acusaciones de poca inteligencia, as\u00ed como la frase \u201cMussolini canadiense\u201d, que fue declarada no parlamentaria en 1964.<\/p>\n<p>Sin embargo, otros t\u00e9rminos que alguna vez fueron declarados no parlamentarios se han escuchado de diversas formas en los \u00faltimos per\u00edodos de preguntas y no provocaron una intervenci\u00f3n del Portavoz.<\/p>\n<p>Entre ellas se incluyen acusaciones de miembros que \u201cdistorsionan los hechos\u201d, \u201cbuscan notoriedad barata\u201d o incluso la palabra \u201cfalso\u201d, la \u00faltima de las cuales fue utilizada repetidamente tanto por Poilievre como por Trudeau el mi\u00e9rcoles sin incidentes.<\/p>\n<p>Aqu\u00ed algunas expresiones de lo que se hab\u00eda declarado no parlamentario, tal como se presenta en las Reglas y Formas de la C\u00e1mara de los Comunes de Canad\u00e1 de Beauchesne de 1989:<\/p>\n<p>Un pugilista parlamentario y un mat\u00f3n pol\u00edtico.<br \/>\nAbusando de su posici\u00f3n en la C\u00e1mara<br \/>\nUna bolsa de viento<br \/>\nApenas tienen derecho a ser llamados caballeros<br \/>\nUn seguidor servil del gobierno.<br \/>\nHonorable s\u00f3lo por cortes\u00eda<br \/>\nInspirado en el whisky de cuarenta ca\u00f1as.<br \/>\nSentado por su circunscripci\u00f3n por gracia del l\u00edder del Gobierno<br \/>\nViniendo al mundo por accidente<br \/>\nInsolente e impertinente<br \/>\nUna parlamentaria y mamando<br \/>\nUna tonter\u00eda<br \/>\nDeshonrando la casa<br \/>\nHablando de tonter\u00edas<br \/>\nVivir pol\u00edticamente mediante el enga\u00f1o<br \/>\nArrastrarse en el suelo para conseguir un cargo<br \/>\nUn calumniador cobarde y un mat\u00f3n.<br \/>\nTergiversador&#8230; etc.<\/p>\n","protected":false},"excerpt":{"rendered":"<p>&nbsp; &nbsp; Despu\u00e9s de que el l\u00edder conservador Pierre Poilievre fuera expulsado de la C\u00e1mara de los Comunes este martes por negarse a retirar lo&hellip;<\/p>\n","protected":false},"author":99,"featured_media":517993,"comment_status":"open","ping_status":"open","sticky":false,"template":"","format":"standard","meta":{"footnotes":""},"categories":[21],"tags":[],"class_list":["post-517992","post","type-post","status-publish","format-standard","has-post-thumbnail","hentry","category-canada"],"_links":{"self":[{"href":"https:\/\/diarioelpopular.com\/index.php\/wp-json\/wp\/v2\/posts\/517992","targetHints":{"allow":["GET"]}}],"collection":[{"href":"https:\/\/diarioelpopular.com\/index.php\/wp-json\/wp\/v2\/posts"}],"about":[{"href":"https:\/\/diarioelpopular.com\/index.php\/wp-json\/wp\/v2\/types\/post"}],"author":[{"embeddable":true,"href":"https:\/\/diarioelpopular.com\/index.php\/wp-json\/wp\/v2\/users\/99"}],"replies":[{"embeddable":true,"href":"https:\/\/diarioelpopular.com\/index.php\/wp-json\/wp\/v2\/comments?post=517992"}],"version-history":[{"count":1,"href":"https:\/\/diarioelpopular.com\/index.php\/wp-json\/wp\/v2\/posts\/517992\/revisions"}],"predecessor-version":[{"id":517994,"href":"https:\/\/diarioelpopular.com\/index.php\/wp-json\/wp\/v2\/posts\/517992\/revisions\/517994"}],"wp:featuredmedia":[{"embeddable":true,"href":"https:\/\/diarioelpopular.com\/index.php\/wp-json\/wp\/v2\/media\/517993"}],"wp:attachment":[{"href":"https:\/\/diarioelpopular.com\/index.php\/wp-json\/wp\/v2\/media?parent=517992"}],"wp:term":[{"taxonomy":"category","embeddable":true,"href":"https:\/\/diarioelpopular.com\/index.php\/wp-json\/wp\/v2\/categories?post=517992"},{"taxonomy":"post_tag","embeddable":true,"href":"https:\/\/diarioelpopular.com\/index.php\/wp-json\/wp\/v2\/tags?post=517992"}],"curies":[{"name":"wp","href":"https:\/\/api.w.org\/{rel}","templated":true}]}}