{"id":518000,"date":"2024-05-03T08:05:45","date_gmt":"2024-05-03T12:05:45","guid":{"rendered":"https:\/\/diarioelpopular.com\/?p=518000"},"modified":"2024-05-03T08:05:45","modified_gmt":"2024-05-03T12:05:45","slug":"ontario-aumentara-las-multas-para-los-malos-empleadores","status":"publish","type":"post","link":"https:\/\/diarioelpopular.com\/index.php\/2024\/05\/03\/ontario-aumentara-las-multas-para-los-malos-empleadores\/","title":{"rendered":"Ontario aumentar\u00e1 las multas para los malos empleadores"},"content":{"rendered":"<p><img loading=\"lazy\" decoding=\"async\" class=\"alignnone size-custom-full-size wp-image-518001\" src=\"https:\/\/diarioelpopular.com\/wp-content\/uploads\/2024\/05\/Screen-Shot-2024-05-03-at-8.05.23-AM-636x327.png\" alt=\"\" width=\"636\" height=\"327\" srcset=\"https:\/\/diarioelpopular.com\/wp-content\/uploads\/2024\/05\/Screen-Shot-2024-05-03-at-8.05.23-AM-636x327.png 636w, https:\/\/diarioelpopular.com\/wp-content\/uploads\/2024\/05\/Screen-Shot-2024-05-03-at-8.05.23-AM-300x154.png 300w, https:\/\/diarioelpopular.com\/wp-content\/uploads\/2024\/05\/Screen-Shot-2024-05-03-at-8.05.23-AM-768x395.png 768w, https:\/\/diarioelpopular.com\/wp-content\/uploads\/2024\/05\/Screen-Shot-2024-05-03-at-8.05.23-AM-142x73.png 142w, https:\/\/diarioelpopular.com\/wp-content\/uploads\/2024\/05\/Screen-Shot-2024-05-03-at-8.05.23-AM.png 1024w\" sizes=\"auto, (max-width: 636px) 100vw, 636px\" \/><\/p>\n<p>&nbsp;<\/p>\n<ul>\n<li><em><strong>La provincia se dispone a tomar medidas dr\u00e1sticas contra los malos empleadores con grandes multas.<\/strong><\/em><\/li>\n<\/ul>\n<p>&nbsp;<\/p>\n<p>El Ministro de Trabajo, David Piccini, dijo que su gobierno presentar\u00e1 una legislaci\u00f3n la pr\u00f3xima semana que incrementar\u00e1 las multas por violaciones de la Ley de Normas Laborales.<\/p>\n<p>Piccini anot\u00f3 que est\u00e1 enviando un mensaje a los malos empleadores: habr\u00e1 consecuencias m\u00e1s graves por explotar a los trabajadores.<\/p>\n<p>Buscan acabar con las organizaciones, empresas y negocios que no pagan los salarios, penalizan a los empleados por tomar licencia por embarazo o paternidad y tienen salarios desiguales por el mismo trabajo.<\/p>\n<p>La multa m\u00e1xima para los condenados por violar la ley aumentar\u00e1 de $50,000 a $100,000.<\/p>\n<p>Los investigadores del Ministerio de Trabajo ahora tendr\u00e1n la posibilidad de imponer multas de 5.000 d\u00f3lares a los reincidentes, frente a 1.000 d\u00f3lares, que pueden multiplicarse en funci\u00f3n del n\u00famero de empleados afectados por la infracci\u00f3n de la ley.<\/p>\n<p>&#8220;Estamos enviando un mensaje claro de que a medida que nuestra econom\u00eda crezca y atraigamos todas estas incre\u00edbles inversiones, vamos a proteger a los trabajadores&#8221;, dijo Piccini.<\/p>\n<p>&#8220;Sabemos que a trav\u00e9s de las campa\u00f1as de aplicaci\u00f3n de la ley realizadas en los \u00faltimos a\u00f1os, hemos encontrado malos empleadores&#8221;.<\/p>\n<p>Una investigaci\u00f3n reciente del ministerio encontr\u00f3 que a 10.000 trabajadores de Ontario se les deben, en total, 4,2 millones de d\u00f3lares, dijo Piccini.<\/p>\n<p>&#8220;Eso nos env\u00eda una se\u00f1al de que tenemos que hacer m\u00e1s para proteger a nuestros trabajadores en Ontario&#8221;, agreg\u00f3.<\/p>\n<p>Las nuevas multas son parte de un proyecto de ley laboral general que se presentar\u00e1 ante la legislatura el lunes.<\/p>\n<p>Brindar\u00e1 a los bomberos forestales la misma cobertura contra el c\u00e1ncer, el coraz\u00f3n y el estr\u00e9s postraum\u00e1tico que los bomberos municipales. La provincia est\u00e1 creando una nueva v\u00eda de aprendizaje en la escuela secundaria para graduarse que el gobierno espera satisfaga la demanda de oficios calificados.<\/p>\n<p>Y la provincia tambi\u00e9n eliminar\u00e1 los requisitos de bajas por enfermedad para ausencias breves en un esfuerzo por reducir la carga de trabajo de los m\u00e9dicos de familia con exceso de trabajo.<\/p>\n","protected":false},"excerpt":{"rendered":"<p>&nbsp; La provincia se dispone a tomar medidas dr\u00e1sticas contra los malos empleadores con grandes multas. &nbsp; El Ministro de Trabajo, David Piccini, dijo que&hellip;<\/p>\n","protected":false},"author":99,"featured_media":0,"comment_status":"open","ping_status":"open","sticky":false,"template":"","format":"standard","meta":{"footnotes":""},"categories":[21,11191],"tags":[],"class_list":["post-518000","post","type-post","status-publish","format-standard","hentry","category-canada","category-top-news"],"_links":{"self":[{"href":"https:\/\/diarioelpopular.com\/index.php\/wp-json\/wp\/v2\/posts\/518000","targetHints":{"allow":["GET"]}}],"collection":[{"href":"https:\/\/diarioelpopular.com\/index.php\/wp-json\/wp\/v2\/posts"}],"about":[{"href":"https:\/\/diarioelpopular.com\/index.php\/wp-json\/wp\/v2\/types\/post"}],"author":[{"embeddable":true,"href":"https:\/\/diarioelpopular.com\/index.php\/wp-json\/wp\/v2\/users\/99"}],"replies":[{"embeddable":true,"href":"https:\/\/diarioelpopular.com\/index.php\/wp-json\/wp\/v2\/comments?post=518000"}],"version-history":[{"count":1,"href":"https:\/\/diarioelpopular.com\/index.php\/wp-json\/wp\/v2\/posts\/518000\/revisions"}],"predecessor-version":[{"id":518002,"href":"https:\/\/diarioelpopular.com\/index.php\/wp-json\/wp\/v2\/posts\/518000\/revisions\/518002"}],"wp:attachment":[{"href":"https:\/\/diarioelpopular.com\/index.php\/wp-json\/wp\/v2\/media?parent=518000"}],"wp:term":[{"taxonomy":"category","embeddable":true,"href":"https:\/\/diarioelpopular.com\/index.php\/wp-json\/wp\/v2\/categories?post=518000"},{"taxonomy":"post_tag","embeddable":true,"href":"https:\/\/diarioelpopular.com\/index.php\/wp-json\/wp\/v2\/tags?post=518000"}],"curies":[{"name":"wp","href":"https:\/\/api.w.org\/{rel}","templated":true}]}}