{"id":518011,"date":"2024-05-03T09:09:11","date_gmt":"2024-05-03T13:09:11","guid":{"rendered":"https:\/\/diarioelpopular.com\/?p=518011"},"modified":"2024-05-03T09:09:11","modified_gmt":"2024-05-03T13:09:11","slug":"sin-intermediarios-y-con-ofertas-en-tiktok-el-mercado-de-la-nueva-generacion-de-agricultores","status":"publish","type":"post","link":"https:\/\/diarioelpopular.com\/index.php\/2024\/05\/03\/sin-intermediarios-y-con-ofertas-en-tiktok-el-mercado-de-la-nueva-generacion-de-agricultores\/","title":{"rendered":"Sin intermediarios y con ofertas en TikTok: el mercado de la nueva generaci\u00f3n de agricultores"},"content":{"rendered":"<p><img loading=\"lazy\" decoding=\"async\" class=\"alignnone size-custom-big-size wp-image-518012\" src=\"https:\/\/diarioelpopular.com\/wp-content\/uploads\/2024\/05\/Screen-Shot-2024-05-03-at-9.08.08-AM-1200x806.png\" alt=\"\" width=\"1200\" height=\"806\" srcset=\"https:\/\/diarioelpopular.com\/wp-content\/uploads\/2024\/05\/Screen-Shot-2024-05-03-at-9.08.08-AM-1200x806.png 1200w, https:\/\/diarioelpopular.com\/wp-content\/uploads\/2024\/05\/Screen-Shot-2024-05-03-at-9.08.08-AM-300x202.png 300w, https:\/\/diarioelpopular.com\/wp-content\/uploads\/2024\/05\/Screen-Shot-2024-05-03-at-9.08.08-AM-768x516.png 768w, https:\/\/diarioelpopular.com\/wp-content\/uploads\/2024\/05\/Screen-Shot-2024-05-03-at-9.08.08-AM-636x427.png 636w, https:\/\/diarioelpopular.com\/wp-content\/uploads\/2024\/05\/Screen-Shot-2024-05-03-at-9.08.08-AM-80x55.png 80w, https:\/\/diarioelpopular.com\/wp-content\/uploads\/2024\/05\/Screen-Shot-2024-05-03-at-9.08.08-AM-109x73.png 109w, https:\/\/diarioelpopular.com\/wp-content\/uploads\/2024\/05\/Screen-Shot-2024-05-03-at-9.08.08-AM.png 1024w\" sizes=\"auto, (max-width: 1200px) 100vw, 1200px\" \/><\/p>\n<h5><em>Productoras posan con su cosecha de pimientos en el Mercado Integraci\u00f3n del Sur en Cochabamba (Bolivia).\u00a0<span class=\"a_m_m\">GABRIELA OLIVERA HIDALGO<\/span><\/em><\/h5>\n<p>&nbsp;<\/p>\n<p>&nbsp;<\/p>\n<h4 class=\"a_st\"><em>&#8211; Alrededor de 2.000 comerciantes venden en Cochabamba (Bolivia) sus productos directamente a los consumidores. \u201cSabemos c\u00f3mo han vivido nuestros padres, pero no queremos estar en las mismas condiciones que ellos\u201d, dice uno de los fundadores<\/em><\/h4>\n<p>&nbsp;<\/p>\n<p class=\"\">Los martes y jueves, alrededor de las 2 de la ma\u00f1ana, cientos de camiones comienzan a llegar al Mercado Integraci\u00f3n del Sur. Cada uno de estos veh\u00edculos de carga pesada, con una capacidad de cuatro toneladas, es descargado y la oscuridad de la noche comienza a colorearse por lo que las cajas de madera que transportan contienen: los verdes y rojos brillantes de los morrones y los tomates; los ros\u00e1ceos y marrones de la papa cubierta de tierra y los morados, naranjas y amarillos de la uva, el durazno y la manzana. Es la paleta de colores de los productos que han viajado cientos de kil\u00f3metros para llegar a su destino en la ciudad de Cochabamba, en el centro de Bolivia,\u00a0<a href=\"https:\/\/elpais.com\/elpais\/2017\/06\/01\/planeta_futuro\/1496312577_861716.html\" data-link-track-dtm=\"\" data-mrf-link=\"https:\/\/elpais.com\/elpais\/2017\/06\/01\/planeta_futuro\/1496312577_861716.html\">salt\u00e1ndose intermediarios y revendedores<\/a>, con el objetivo de ofrecer la cosecha del productor al consumidor.<\/p>\n<p class=\"\">Desde hace casi dos a\u00f1os, este espacio de 5,5 hect\u00e1reas, autogestionado por los productores agr\u00edcolas del sur de este departamento de la naci\u00f3n andina-amaz\u00f3nica, se ha convertido en una alternativa de comercio digno y reconocido para al menos 2.000 campesinos. Cada martes y jueves, cientos de ellos llegan desde diferentes zonas con cientos de variedades de frutas, verduras y tub\u00e9rculos, como papa, oca o papaliza.<\/p>\n<p class=\"\">El mercado Integraci\u00f3n del Sur se conform\u00f3 pensado como una alternativa para miles de productores que antes hac\u00edan llegar sus cosechas a la ciudad a otro espacio, ubicado en una zona perif\u00e9rica y conocida como El Arco, uno de los puntos de venta m\u00e1s importante de\u00a0<a href=\"https:\/\/elpais.com\/elpais\/2017\/09\/11\/planeta_futuro\/1505139235_955070.html\" data-link-track-dtm=\"\" data-mrf-link=\"https:\/\/elpais.com\/elpais\/2017\/09\/11\/planeta_futuro\/1505139235_955070.html\">trabajadores agr\u00edcolas\u00a0<\/a>de esta regi\u00f3n. Sin embargo, por d\u00e9cadas, en \u00e9l eran presa de los revendedores e intermediarios que impon\u00edan sus condiciones y precios sin valorar el sacrificio que para ellos representa producir, cosechar y llevar alimentos hasta las ciudades.<\/p>\n<p>&nbsp;<\/p>\n<h5 class=\"a_m a_m-h \"><span class=\"_db a_m_w _pr lb_btn\"><img loading=\"lazy\" decoding=\"async\" class=\"_re lazyload a_m-h\" src=\"https:\/\/imagenes.elpais.com\/resizer\/v2\/MYNBTVC5NBHNJOXKO4K33F2JKQ.jpg?auth=1f881c13c6e380e4ba705b16c927ff1328d5966853dd5437152f9509f8595f9e&amp;width=414\" sizes=\"auto, (min-width:1199px) 1155px,(min-width:1001px) calc(100vw - 44px),(min-width:768px) 767px, 100vw\" srcset=\"https:\/\/imagenes.elpais.com\/resizer\/v2\/MYNBTVC5NBHNJOXKO4K33F2JKQ.jpg?auth=1f881c13c6e380e4ba705b16c927ff1328d5966853dd5437152f9509f8595f9e&amp;width=414 414w,https:\/\/imagenes.elpais.com\/resizer\/v2\/MYNBTVC5NBHNJOXKO4K33F2JKQ.jpg?auth=1f881c13c6e380e4ba705b16c927ff1328d5966853dd5437152f9509f8595f9e&amp;width=828 640w,https:\/\/imagenes.elpais.com\/resizer\/v2\/MYNBTVC5NBHNJOXKO4K33F2JKQ.jpg?auth=1f881c13c6e380e4ba705b16c927ff1328d5966853dd5437152f9509f8595f9e&amp;width=980 1000w,https:\/\/imagenes.elpais.com\/resizer\/v2\/MYNBTVC5NBHNJOXKO4K33F2JKQ.jpg?auth=1f881c13c6e380e4ba705b16c927ff1328d5966853dd5437152f9509f8595f9e&amp;width=1960 1960w\" alt=\"Cajas llenas de hortalizas y otros productos en el Mercado Integraci\u00f3n Sur.\" width=\"414\" height=\"276\" \/><\/span><em>Cajas llenas de hortalizas y otros productos en el<br \/>\nMercado Integraci\u00f3n Sur.<br \/>\n<span class=\"a_m_m\">GABRIELA OLIVERA HIDALGO<\/span><\/em><\/h5>\n<p>&nbsp;<\/p>\n<p>&nbsp;<\/p>\n<p class=\"\">\u201cNosotros sabemos c\u00f3mo han vivido nuestros padres, pero no queremos estar en las mismas condiciones que ellos. Mand\u00e1bamos la verdura y el minorista nos quer\u00eda pagar 25 o 20 pesos [un poco m\u00e1s de 3 d\u00f3lares] por una caja que val\u00eda 60 [un poco m\u00e1s de 8 d\u00f3lares]. Negociaban con el trabajo del pobre agricultor. Por eso yo puse el hombro, la fuerza y la voluntad de querer tener un mercado propio para mi gente. Ahora tenemos un terreno propio en el que podemos sentirnos felices de ser reconocidos por nuestra producci\u00f3n\u201d, afirma Eduardo Nova, representante de los productores de la localidad de Saipina, a casi 300 kil\u00f3metros de distancia de donde se encuentra el mercado Integraci\u00f3n del Sur.<\/p>\n<h3 class=\"\">Negociaci\u00f3n conjunta del espacio y los precios<\/h3>\n<p class=\"\">El abandono de El Arco y la autogesti\u00f3n de un mercado nuevo fue emblem\u00e1tico. Seg\u00fan especialistas, desde hace una d\u00e9cada en la ciudad<a href=\"https:\/\/elpais.com\/america-futura\/2024-01-25\/donal-brown-los-consumidores-esperan-que-los-alimentos-sean-muy-baratos-y-eso-nunca-fue-sostenible.html\" data-link-track-dtm=\"\" data-mrf-link=\"https:\/\/elpais.com\/america-futura\/2024-01-25\/donal-brown-los-consumidores-esperan-que-los-alimentos-sean-muy-baratos-y-eso-nunca-fue-sostenible.html\">\u00a0hay mercados campesinos<\/a>, iniciativas que fueron pensadas para que los productores agr\u00edcolas puedan comercializar sus productos libremente, pero estos han sido ocupados en su totalidad por revendedores, quienes poco o nada favorecen a los productores. Seg\u00fan Mariana Alem, que estudia las condiciones de los productores en Bolivia, de esta manera los agricultores se vuelven en una suerte de \u201cfinanciadores\u201d, ya que los precios \u201carbitrarios\u201d muchas veces van en desmedro de su trabajo, es decir, los precios se mantienen muy bajos a costa de los productores.<\/p>\n<p class=\"\">Manuel Moreira Rocha, presidente de la Asociaci\u00f3n de productores, relata que cuando peregrinaban vendiendo por distintos lugares de la ciudad \u2014debido a la injerencia de los revendedores\u2014, eran v\u00edctimas de inseguridad, las inclemencias del tiempo por no tener un lugar con techo, adem\u00e1s de aceptar condiciones injustas a la hora de realizar transacciones. Es por esta raz\u00f3n, seg\u00fan cuenta, que el poder de negociaci\u00f3n en el precio es muy importante, porque trabajan con productos que se deterioran r\u00e1pidamente y una gran mayor\u00eda de los agricultores debe regresar a cuidar sus parcelas. Adem\u00e1s, muchas veces la ciudad no es tan amable con los camiones en los que traen sus productos, sobre todo si la venta congestiona rutas importantes en la ciudad.<\/p>\n<p>&nbsp;<\/p>\n<h5 class=\"a_m a_m-h \"><span class=\"_db a_m_w _pr lb_btn\"><img loading=\"lazy\" decoding=\"async\" class=\"_re lazyload a_m-h\" src=\"https:\/\/imagenes.elpais.com\/resizer\/v2\/5NCMOJQT4BGK5LWNFGEPMG54YA.jpg?auth=84cfc1c67d8f78adf99949ec32ffc313fdda107784a2182f7b73921a927975c2&amp;width=414\" sizes=\"auto, (min-width:1199px) 1155px,(min-width:1001px) calc(100vw - 44px),(min-width:768px) 767px, 100vw\" srcset=\"https:\/\/imagenes.elpais.com\/resizer\/v2\/5NCMOJQT4BGK5LWNFGEPMG54YA.jpg?auth=84cfc1c67d8f78adf99949ec32ffc313fdda107784a2182f7b73921a927975c2&amp;width=414 414w,https:\/\/imagenes.elpais.com\/resizer\/v2\/5NCMOJQT4BGK5LWNFGEPMG54YA.jpg?auth=84cfc1c67d8f78adf99949ec32ffc313fdda107784a2182f7b73921a927975c2&amp;width=828 640w,https:\/\/imagenes.elpais.com\/resizer\/v2\/5NCMOJQT4BGK5LWNFGEPMG54YA.jpg?auth=84cfc1c67d8f78adf99949ec32ffc313fdda107784a2182f7b73921a927975c2&amp;width=980 1000w,https:\/\/imagenes.elpais.com\/resizer\/v2\/5NCMOJQT4BGK5LWNFGEPMG54YA.jpg?auth=84cfc1c67d8f78adf99949ec32ffc313fdda107784a2182f7b73921a927975c2&amp;width=1960 1960w\" alt=\"Manuel Moreira Rocha.\" width=\"414\" height=\"284\" \/><\/span><em>Manuel Moreira Rocha.<span class=\"a_m_m\">GABRIELA OLIVERA HIDALGO<\/span><\/em><\/h5>\n<p>&nbsp;<\/p>\n<p>&nbsp;<\/p>\n<p class=\"\">Alem considera que este paso hacia adelante \u201cfue muy importante debido a la fuerza que genera no estar solo, ya que juntos pueden tener un espacio seguro y gran empoderamiento para negociar el precio que les corresponde\u201d.<\/p>\n<p class=\"\">En Bolivia existen m\u00e1s de 850.000 unidades productivas. M\u00e1s de 700.000 de ellas son peque\u00f1os predios que articulan a m\u00e1s de dos millones de agricultores familiares de origen campesino, ind\u00edgena originario e intercultural, cuya producci\u00f3n es diversificada y abastece a la canasta familiar, seg\u00fan datos de la Coordinadora de Integraci\u00f3n de Organizaciones Econ\u00f3micas Campesinas Ind\u00edgenas Originarias.<\/p>\n<p class=\"\">El chef del Hotel Cochabamba, Miguel \u00c1ngel Figueroa, cuenta que cuando estos productores dejaron de estar en El Arco, se dio a la tarea de buscarlos. Hoy contin\u00faa siendo un buen cliente de esta feria popular, ya que le abastecen de todo lo que necesita y a veces en muy grandes cantidades. \u201cTiene m\u00e1s calidad comprar del productor al consumidor\u201d, afirma, y enfatiza en la importancia de tener un contacto directo con los agricultores: \u201cNo hay que perder la identidad y hay que apoyar a nuestros productores\u201d.<\/p>\n<p class=\"\">En el mercado, un solo productor puede traer entre 300 a 400 cajas de tomates, alrededor de unas 15 toneladas de producto, pero al mismo tiempo hay otros que transportan menos para las personas que buscan hacer sus compras en menor cantidad. \u201cSi bien es una inversi\u00f3n de tiempo y dinero desplazarse hasta este lugar, se justifica por la calidad y variedad de los productos. Los precios son m\u00e1s bajos que en el mercado campesino, por eso me gusta venir aqu\u00ed\u201d, afirma Mar\u00eda Perez, una ama de casa que se encuentra en busca de su despensa semanal.<\/p>\n<p>&nbsp;<\/p>\n<h5 class=\"a_m a_m-h \"><span class=\"_db a_m_w _pr lb_btn\"><img loading=\"lazy\" decoding=\"async\" class=\"_re lazyload a_m-h\" src=\"https:\/\/imagenes.elpais.com\/resizer\/v2\/ZIQIEOCO65CUZE7FIWTRVGGNJU.jpg?auth=f0f705595be13864cd5d081ca3fc6f7ff13aa15cac6065cac8fce94c2deddfb4&amp;width=414\" sizes=\"auto, (min-width:1199px) 1155px,(min-width:1001px) calc(100vw - 44px),(min-width:768px) 767px, 100vw\" srcset=\"https:\/\/imagenes.elpais.com\/resizer\/v2\/ZIQIEOCO65CUZE7FIWTRVGGNJU.jpg?auth=f0f705595be13864cd5d081ca3fc6f7ff13aa15cac6065cac8fce94c2deddfb4&amp;width=414 414w,https:\/\/imagenes.elpais.com\/resizer\/v2\/ZIQIEOCO65CUZE7FIWTRVGGNJU.jpg?auth=f0f705595be13864cd5d081ca3fc6f7ff13aa15cac6065cac8fce94c2deddfb4&amp;width=828 640w,https:\/\/imagenes.elpais.com\/resizer\/v2\/ZIQIEOCO65CUZE7FIWTRVGGNJU.jpg?auth=f0f705595be13864cd5d081ca3fc6f7ff13aa15cac6065cac8fce94c2deddfb4&amp;width=980 1000w,https:\/\/imagenes.elpais.com\/resizer\/v2\/ZIQIEOCO65CUZE7FIWTRVGGNJU.jpg?auth=f0f705595be13864cd5d081ca3fc6f7ff13aa15cac6065cac8fce94c2deddfb4&amp;width=1960 1960w\" alt=\"Un cami\u00f3n llega con hortalizas al mercado.\" width=\"414\" height=\"276\" \/><\/span><em>Un cami\u00f3n llega con hortalizas al mercado.<br \/>\n<span class=\"a_m_m\">GABRIELA OLIVERA HIDALGO<\/span><\/em><\/h5>\n<p>&nbsp;<\/p>\n<p>&nbsp;<\/p>\n<p class=\"\">En su apuesta por dar a conocer el espacio, los agricultores del Mercado Integraci\u00f3n del Sur est\u00e1n activos en redes sociales como Facebook o, incluso, en TikTok, que la utilizan para dar a conocer las ofertas de la semana, productos de temporada y para que sus asociados tambi\u00e9n puedan tener voz y contar sus historias, sobre el lugar de su procedencia y el tipo de trabajo agr\u00edcola que realizan. Uno de sus videos m\u00e1s vistos, con m\u00e1s de 45.000 reproducciones, tiene como protagonista a Rosa Castro, productora del municipio de Totora, quien en lengua quechua, da a conocer la papa y tub\u00e9rculos que producen en su regi\u00f3n.<\/p>\n<p>&nbsp;<\/p>\n<div class=\"raw_html\">\n<div>\n<blockquote id=\"v96356017520512000\" class=\"tiktok-embed\" cite=\"https:\/\/www.tiktok.com\/@integraciondelsurmercado\/video\/7321855641528700165\" data-video-id=\"7321855641528700165\"><p><iframe src=\"https:\/\/www.tiktok.com\/embed\/v2\/7321855641528700165?lang=en-US&amp;referrer=https%3A%2F%2Felpais.com%2Famerica-futura%2F2024-05-03%2Fsin-intermediarios-y-con-ofertas-en-tiktok-el-mercado-de-la-nueva-generacion-de-agricultores.html\" name=\"__tt_embed__v96356017520512000\" sandbox=\"allow-popups allow-popups-to-escape-sandbox allow-scripts allow-top-navigation allow-same-origin\" data-mce-fragment=\"1\"><\/iframe><\/p><\/blockquote>\n<\/div>\n<\/div>\n<p>&nbsp;<\/p>\n<p class=\"\">El espacio que hoy ocupa el mercado es solo una peque\u00f1a parte, ya que tienen tres hect\u00e1reas que a\u00fan no han utilizado. Ahora est\u00e1n proyectando construir una infraestructura que pueda albergar a m\u00e1s asociados. Sin embargo, a pesar de la peque\u00f1a victoria de conseguir el espacio, la\u00a0<a href=\"https:\/\/elpais.com\/planeta-futuro\/2023-12-07\/la-tormenta-climatica-perfecta-acecha-a-bolivia-el-pais-mas-vulnerable-al-cambio-climatico-de-america-del-sur.html\" data-link-track-dtm=\"\" data-mrf-link=\"https:\/\/elpais.com\/planeta-futuro\/2023-12-07\/la-tormenta-climatica-perfecta-acecha-a-bolivia-el-pais-mas-vulnerable-al-cambio-climatico-de-america-del-sur.html\">sequ\u00eda y las elevadas temperaturas<\/a>\u00a0que se han registrado el pasado a\u00f1o son un factor que preocupa a los agricultores. A pesar la zozobra, por parte de los Gobiernos locales y del Ejecutivo nacional solo obtienen apoyo simb\u00f3lico y promesas cuando acerca alg\u00fan periodo electoral.<\/p>\n<p class=\"\">\u201cSer agricultor en Bolivia es un trabajo muy duro\u201d, dice Moreira al mencionar el contrabando de productos agr\u00edcolas con los que no pueden competir por los precios bajos que los comercializan. De acuerdo con datos de la Aduana Nacional de Cochabamba, solo en dos operativos realizados en el pasado mes de abril, fueron decomisadas m\u00e1s de 28 toneladas de harina y frutas de contrabando. El valor de toda la mercanc\u00eda superaba los 184.500 bolivianos o 25.000 d\u00f3lares. Seg\u00fan la C\u00e1mara Nacional de Industrias, la afectaci\u00f3n de este delito en el pa\u00eds en 2022 alcanz\u00f3 un valor estimado de 3.331 millones de d\u00f3lares.<\/p>\n<p class=\"\">\u201cEl productor est\u00e1 maltratado. Las fronteras se han abierto, el tomate y otras frutas y hortalizas entr\u00e1 sin restricci\u00f3n del Per\u00fa. Aqu\u00ed el productor solo trabaja para el sustento diario y poder costear la educaci\u00f3n de sus hijos\u201d, se queja Moreira. Pero eso no le quita la convicci\u00f3n de poder seguir persiguiendo y manteniendo un escenario ideal para los productores, uno que sea justo, sostenible y que no dependa de las promesas o favores condicionados a los pol\u00edticos de turno.<\/p>\n<p class=\"\">\u201cFuimos casa por casa para convencer a los productores. Hoy que todo ya est\u00e1 hecho, mucha gente reci\u00e9n quiere volverse socio, pero no tenemos espacio de momento. Es un sue\u00f1o que nuestros padres no pudieron cumplir y estamos felices\u201d, concluye Moreira.<\/p>\n","protected":false},"excerpt":{"rendered":"<p>Productoras posan con su cosecha de pimientos en el Mercado Integraci\u00f3n del Sur en Cochabamba (Bolivia).\u00a0GABRIELA OLIVERA HIDALGO &nbsp; &nbsp; &#8211; Alrededor de 2.000 comerciantes&hellip;<\/p>\n","protected":false},"author":99,"featured_media":518012,"comment_status":"open","ping_status":"open","sticky":false,"template":"","format":"standard","meta":{"footnotes":""},"categories":[23],"tags":[],"class_list":["post-518011","post","type-post","status-publish","format-standard","has-post-thumbnail","hentry","category-latinoamerica"],"_links":{"self":[{"href":"https:\/\/diarioelpopular.com\/index.php\/wp-json\/wp\/v2\/posts\/518011","targetHints":{"allow":["GET"]}}],"collection":[{"href":"https:\/\/diarioelpopular.com\/index.php\/wp-json\/wp\/v2\/posts"}],"about":[{"href":"https:\/\/diarioelpopular.com\/index.php\/wp-json\/wp\/v2\/types\/post"}],"author":[{"embeddable":true,"href":"https:\/\/diarioelpopular.com\/index.php\/wp-json\/wp\/v2\/users\/99"}],"replies":[{"embeddable":true,"href":"https:\/\/diarioelpopular.com\/index.php\/wp-json\/wp\/v2\/comments?post=518011"}],"version-history":[{"count":1,"href":"https:\/\/diarioelpopular.com\/index.php\/wp-json\/wp\/v2\/posts\/518011\/revisions"}],"predecessor-version":[{"id":518013,"href":"https:\/\/diarioelpopular.com\/index.php\/wp-json\/wp\/v2\/posts\/518011\/revisions\/518013"}],"wp:featuredmedia":[{"embeddable":true,"href":"https:\/\/diarioelpopular.com\/index.php\/wp-json\/wp\/v2\/media\/518012"}],"wp:attachment":[{"href":"https:\/\/diarioelpopular.com\/index.php\/wp-json\/wp\/v2\/media?parent=518011"}],"wp:term":[{"taxonomy":"category","embeddable":true,"href":"https:\/\/diarioelpopular.com\/index.php\/wp-json\/wp\/v2\/categories?post=518011"},{"taxonomy":"post_tag","embeddable":true,"href":"https:\/\/diarioelpopular.com\/index.php\/wp-json\/wp\/v2\/tags?post=518011"}],"curies":[{"name":"wp","href":"https:\/\/api.w.org\/{rel}","templated":true}]}}