{"id":518072,"date":"2024-05-07T12:47:43","date_gmt":"2024-05-07T16:47:43","guid":{"rendered":"https:\/\/diarioelpopular.com\/?p=518072"},"modified":"2024-05-07T12:47:43","modified_gmt":"2024-05-07T16:47:43","slug":"cronicas-madres-de-nuestra-tierra","status":"publish","type":"post","link":"https:\/\/diarioelpopular.com\/index.php\/2024\/05\/07\/cronicas-madres-de-nuestra-tierra\/","title":{"rendered":"CR\u00d3NICAS. Madres de Nuestra Tierra"},"content":{"rendered":"<p><img loading=\"lazy\" decoding=\"async\" class=\"alignnone size-custom-full-size wp-image-518073\" src=\"https:\/\/diarioelpopular.com\/wp-content\/uploads\/2024\/05\/Screen-Shot-2024-05-06-at-6.03.56-PM-636x358.png\" alt=\"\" width=\"636\" height=\"358\" srcset=\"https:\/\/diarioelpopular.com\/wp-content\/uploads\/2024\/05\/Screen-Shot-2024-05-06-at-6.03.56-PM-636x358.png 636w, https:\/\/diarioelpopular.com\/wp-content\/uploads\/2024\/05\/Screen-Shot-2024-05-06-at-6.03.56-PM-300x169.png 300w, https:\/\/diarioelpopular.com\/wp-content\/uploads\/2024\/05\/Screen-Shot-2024-05-06-at-6.03.56-PM-768x432.png 768w, https:\/\/diarioelpopular.com\/wp-content\/uploads\/2024\/05\/Screen-Shot-2024-05-06-at-6.03.56-PM-130x73.png 130w, https:\/\/diarioelpopular.com\/wp-content\/uploads\/2024\/05\/Screen-Shot-2024-05-06-at-6.03.56-PM.png 1024w\" sizes=\"auto, (max-width: 636px) 100vw, 636px\" \/><\/p>\n<p class=\"p1\"><em><strong>Por: Luc\u00eda P. de Garc\u00eda<\/strong><\/em><\/p>\n<p class=\"p1\"><em><strong>Toronto.-<\/strong><\/em> Fue la mujer ind\u00edgena la madre de los primeros hispanoamericanos. Muchas veces fue tomada por la fuerza, como bot\u00edn de guerra, como obsequio al espa\u00f1ol. Otras se entreg\u00f3 gustosa a ese hijo del dios sol, cuyo cabello dorado y ojos de color cielo le cautivaron. Si bien am\u00f3 y a veces fue amada, rara vez se convirti\u00f3 en esposa. Cualquiera fuere el caso asumi\u00f3 las tareas de la casa o del campo como algo natural, en total sumisi\u00f3n.<span class=\"Apple-converted-space\">\u00a0<\/span><\/p>\n<p class=\"p1\">Los espa\u00f1oles por su parte se volvieron promiscuos y dejaron su simiente por donde pasaron, quiz\u00e1s nunca supieron de la existencia de aquellos hijos mestizos. La madre ind\u00edgena prodig\u00f3 todo su amor a ese hijo, con \u00e9l comparti\u00f3 penas y anhelos, a \u00e9l le hered\u00f3 su cultura milenaria, los misterios de los astros, de los dioses, los rituales, el lenguaje de la Pacha Mama.<span class=\"Apple-converted-space\">\u00a0<\/span><\/p>\n<p class=\"p1\">A la crueldad de la Conquista le acompa\u00f1\u00f3 la vor\u00e1gine de los sentidos. Tratando de poner fin a tal situaci\u00f3n, la Corona de Espa\u00f1a dispuso que se promoviera el matrimonio mixto y que la mujer espa\u00f1ola acompa\u00f1ara a su marido en el viaje al Nuevo Continente. Blanca y de formaci\u00f3n europea, la espa\u00f1ola fue la madre de los hijos leg\u00edtimos de aquel espa\u00f1ol que por medio del matrimonio monog\u00e1mico gan\u00f3 prestigio, pudiendo as\u00ed acceder a cargos p\u00fablicos.<span class=\"Apple-converted-space\">\u00a0<\/span><\/p>\n<p class=\"p1\">El cambio social fue notorio. La espa\u00f1ola se convirti\u00f3 en la \u201cse\u00f1ora\u201d que manejaba la casa de su esposo asentado en la ciudad como \u201cvecino\u201d. El hogar se convirti\u00f3 en el eje alrededor del cual giraron los valores de la familia, el honor, el orden, las buenas costumbres, el f\u00e9rreo catolicismo. De espa\u00f1ol y espa\u00f1ola nacieron los criollos, en tanto la madre europea distra\u00eda a\u00f1oranzas y llenaba soledades cont\u00e1ndoles a sus hijos sobre su lejana Castilla.<\/p>\n<p class=\"p1\">Debido a que la poblaci\u00f3n ind\u00edgena fue decreciendo por abusos y enfermedades, la falta de mano de obra empez\u00f3 a sentirse. Tratando de aliviar esa necesidad los portugueses trajeron a nuestro continente los primeros esclavos negros. Los reyes espa\u00f1oles hicieron lo mismo, dando preferencia a las etnias del centro de \u00c1frica. En el siglo XVI se contabilizaron 7.500 millones de mujeres ind\u00edgenas,<span class=\"Apple-converted-space\">\u00a0 <\/span>42.000 espa\u00f1olas. Se calcula que entre 1500 y 1850 llegaron desde \u00c1frica m\u00e1s de 12 millones de esclavos, la mayor\u00eda mujeres.<span class=\"Apple-converted-space\">\u00a0<\/span><\/p>\n<p class=\"p1\">El var\u00f3n espa\u00f1ol en su libertinaje ya no solo tuvo esposa y se amanceb\u00f3 con indias, sino que con la esclava africana engendr\u00f3 mulatos. Ellos heredaron de su madre la tragedia de la esclavitud. Muchas veces la madre africana amamant\u00f3 al ni\u00f1o blanco, aquel que era hermano del suyo. Sabedora que ninguno le pertenec\u00eda se aferr\u00f3 a los dos, fundi\u00e9ndose en un solo abrazo que acallaba sus gemidos mientras su coraz\u00f3n lat\u00eda al eco de los tambores de su amada \u00c1frica.<span class=\"Apple-converted-space\">\u00a0<\/span><\/p>\n<p class=\"p1\">Desde M\u00e9xico hasta la Patagonia y desde el Pac\u00edfico hasta el Atl\u00e1ntico, Am\u00e9rica Latina se convirti\u00f3 en el centro del entrecruzamiento de razas m\u00e1s grande que registra la historia.<span class=\"Apple-converted-space\">\u00a0<\/span><\/p>\n<p class=\"p1\">El criollo sinti\u00f3 el calor de nuestra Tierra y la am\u00f3. El mestizo intuy\u00f3 que el criollo era su hermano aunque no le haya contado su padre, que el indio tambi\u00e9n lo era pues su rostro se parec\u00eda al suyo, y que el mulato igualmente era su hermano pues lo evidenciaba el matiz de su piel. Del amor maternal de la espa\u00f1ola, de la ind\u00edgena y de la esclava africana naci\u00f3 el amor por la Patria, el anhelo de libertad y la decisi\u00f3n de obtenerla a costa de cualquier sacrificio.<span class=\"Apple-converted-space\">\u00a0<\/span><\/p>\n<p class=\"p1\">Desde entonces, entre sumisi\u00f3n y rebeld\u00eda, entre paganismo y cristianismo, entre lo salvaje y lo d\u00f3cil, entre lo misterioso y lo evidente, el color de nuestra piel ha ido modific\u00e1ndose hasta lucir el tono moreno actual que en diferentes matices nos identifica como hermanos, todos hijos de aquellas Madres de Nuestra Tierra, hermosas, espirituales, valientes, cari\u00f1osas, admirables.<span class=\"Apple-converted-space\">\u00a0 \u00a0<\/span><\/p>\n<p class=\"p1\">Para todas las madres del mundo un afectuoso abrazo y un sonoro \u00a1Feliz D\u00eda de la Madre!<\/p>\n<p class=\"p2\">\n","protected":false},"excerpt":{"rendered":"<p>Por: Luc\u00eda P. de Garc\u00eda Toronto.- Fue la mujer ind\u00edgena la madre de los primeros hispanoamericanos. Muchas veces fue tomada por la fuerza, como bot\u00edn&hellip;<\/p>\n","protected":false},"author":99,"featured_media":518073,"comment_status":"open","ping_status":"open","sticky":false,"template":"","format":"standard","meta":{"footnotes":""},"categories":[21,11362],"tags":[],"class_list":["post-518072","post","type-post","status-publish","format-standard","has-post-thumbnail","hentry","category-canada","category-cronicas"],"_links":{"self":[{"href":"https:\/\/diarioelpopular.com\/index.php\/wp-json\/wp\/v2\/posts\/518072","targetHints":{"allow":["GET"]}}],"collection":[{"href":"https:\/\/diarioelpopular.com\/index.php\/wp-json\/wp\/v2\/posts"}],"about":[{"href":"https:\/\/diarioelpopular.com\/index.php\/wp-json\/wp\/v2\/types\/post"}],"author":[{"embeddable":true,"href":"https:\/\/diarioelpopular.com\/index.php\/wp-json\/wp\/v2\/users\/99"}],"replies":[{"embeddable":true,"href":"https:\/\/diarioelpopular.com\/index.php\/wp-json\/wp\/v2\/comments?post=518072"}],"version-history":[{"count":1,"href":"https:\/\/diarioelpopular.com\/index.php\/wp-json\/wp\/v2\/posts\/518072\/revisions"}],"predecessor-version":[{"id":518074,"href":"https:\/\/diarioelpopular.com\/index.php\/wp-json\/wp\/v2\/posts\/518072\/revisions\/518074"}],"wp:featuredmedia":[{"embeddable":true,"href":"https:\/\/diarioelpopular.com\/index.php\/wp-json\/wp\/v2\/media\/518073"}],"wp:attachment":[{"href":"https:\/\/diarioelpopular.com\/index.php\/wp-json\/wp\/v2\/media?parent=518072"}],"wp:term":[{"taxonomy":"category","embeddable":true,"href":"https:\/\/diarioelpopular.com\/index.php\/wp-json\/wp\/v2\/categories?post=518072"},{"taxonomy":"post_tag","embeddable":true,"href":"https:\/\/diarioelpopular.com\/index.php\/wp-json\/wp\/v2\/tags?post=518072"}],"curies":[{"name":"wp","href":"https:\/\/api.w.org\/{rel}","templated":true}]}}