{"id":518083,"date":"2024-05-08T09:52:53","date_gmt":"2024-05-08T13:52:53","guid":{"rendered":"https:\/\/diarioelpopular.com\/?p=518083"},"modified":"2024-05-08T09:52:53","modified_gmt":"2024-05-08T13:52:53","slug":"policia-de-habla-hispana-acusado-nuevamente-de-violar-las-condiciones-de-libertad-condicional","status":"publish","type":"post","link":"https:\/\/diarioelpopular.com\/index.php\/2024\/05\/08\/policia-de-habla-hispana-acusado-nuevamente-de-violar-las-condiciones-de-libertad-condicional\/","title":{"rendered":"Polic\u00eda de habla hispana acusado nuevamente de violar las condiciones de libertad condicional"},"content":{"rendered":"<p><img loading=\"lazy\" decoding=\"async\" class=\"alignnone size-custom-full-size wp-image-518084\" src=\"https:\/\/diarioelpopular.com\/wp-content\/uploads\/2024\/05\/Screen-Shot-2024-05-08-at-9.51.37-AM-636x479.png\" alt=\"\" width=\"636\" height=\"479\" srcset=\"https:\/\/diarioelpopular.com\/wp-content\/uploads\/2024\/05\/Screen-Shot-2024-05-08-at-9.51.37-AM-636x479.png 636w, https:\/\/diarioelpopular.com\/wp-content\/uploads\/2024\/05\/Screen-Shot-2024-05-08-at-9.51.37-AM-300x226.png 300w, https:\/\/diarioelpopular.com\/wp-content\/uploads\/2024\/05\/Screen-Shot-2024-05-08-at-9.51.37-AM-768x578.png 768w, https:\/\/diarioelpopular.com\/wp-content\/uploads\/2024\/05\/Screen-Shot-2024-05-08-at-9.51.37-AM-97x73.png 97w, https:\/\/diarioelpopular.com\/wp-content\/uploads\/2024\/05\/Screen-Shot-2024-05-08-at-9.51.37-AM.png 1024w\" sizes=\"auto, (max-width: 636px) 100vw, 636px\" \/><\/p>\n<p>&nbsp;<\/p>\n<p>&nbsp;<\/p>\n<ul>\n<li><em><strong>El oficial Juan Romero, de 47 a\u00f1os, est\u00e1 suspendido con goce de sueldo desde que fue detenido el 12 de diciembre de 2023.<\/strong><\/em><\/li>\n<\/ul>\n<p>&nbsp;<\/p>\n<p>El veterano oficial de polic\u00eda de London suspendido de su trabajo mientras enfrenta varios cargos penales ha sido acusado de violar sus condiciones de libertad condicional por segunda vez.<\/p>\n<p>El oficial Juan Romero, de 47 a\u00f1os, ha sido suspendido con sueldo desde que fue arrestado el 12 de diciembre de 2023 y acusado de dos cargos de agresi\u00f3n, agresi\u00f3n con arma, resistencia al arresto y obstrucci\u00f3n a la polic\u00eda.<\/p>\n<p>El oficial de policia por 20 a\u00f1os fue arrestado menos de dos semanas despu\u00e9s y acusado de no cumplir con un compromiso que le prohib\u00eda acercarse a una residencia en el noreste de London, excepto acompa\u00f1ado por la polic\u00eda para recuperar sus pertenencias, seg\u00fan documentos judiciales.<\/p>\n<p>Romero fue arrestado en el norte de la ciudad y acusado de acoso criminal e incumplimiento de una orden de libertad, dijo la polic\u00eda de London, se\u00f1alando que el oficial no estaba trabajando en el momento de los presuntos incidentes.<\/p>\n<p>&#8220;Como este asunto est\u00e1 ante el tribunal, el servicio de polic\u00eda de London no puede proporcionar informaci\u00f3n adicional&#8221;, dijo el sargento en funciones. Sandasha Bough, portavoz de la polic\u00eda.<\/p>\n<p>Romero es uno de los cuatro agentes de polic\u00eda de London suspendidos. Dos de esos agentes, los agentes Nicholas Doering y Eldin Omerovic, ya no reciben sueldo despu\u00e9s de recibir sentencias que inclu\u00edan arresto domiciliario en sus respectivos casos. Ambos agentes est\u00e1n apelando sus condenas.<\/p>\n<p>Seg\u00fan la Ley de Servicios Policiales, la ley que rige la actuaci\u00f3n policial y que fue sustituida el mes pasado por la Ley de Vigilancia y Seguridad Comunitaria, los jefes de polic\u00eda s\u00f3lo pod\u00edan retener el pago a los agentes suspendidos declarados culpables de un delito y sentenciados a prisi\u00f3n. Una sentencia de arresto domiciliario se considera una pena de prisi\u00f3n.<\/p>\n<p>Pero los jefes ahora tienen autoridad para suspender a los oficiales sin paga si est\u00e1n bajo custodia, bajo condiciones de libertad bajo fianza que interferir\u00edan con su trabajo o acusados de un delito grave fuera de servicio.<\/p>\n<p>Un cuarto oficial permanece suspendido con sueldo mientras enfrenta cuatro cargos de agresi\u00f3n, amenazas de causar muerte o da\u00f1os corporales, posesi\u00f3n ilegal de un arma de fuego sin restricciones y enga\u00f1os por menos de $5,000 relacionadas con presuntos incidentes fuera de servicio durante un per\u00edodo de cuatro a\u00f1os. El nombre del miembro del servicio de 46 a\u00f1os y 14 a\u00f1os no fue revelado para proteger la identidad del denunciante.<\/p>\n","protected":false},"excerpt":{"rendered":"<p>&nbsp; &nbsp; El oficial Juan Romero, de 47 a\u00f1os, est\u00e1 suspendido con goce de sueldo desde que fue detenido el 12 de diciembre de 2023.&hellip;<\/p>\n","protected":false},"author":99,"featured_media":518084,"comment_status":"open","ping_status":"open","sticky":false,"template":"","format":"standard","meta":{"footnotes":""},"categories":[21],"tags":[],"class_list":["post-518083","post","type-post","status-publish","format-standard","has-post-thumbnail","hentry","category-canada"],"_links":{"self":[{"href":"https:\/\/diarioelpopular.com\/index.php\/wp-json\/wp\/v2\/posts\/518083","targetHints":{"allow":["GET"]}}],"collection":[{"href":"https:\/\/diarioelpopular.com\/index.php\/wp-json\/wp\/v2\/posts"}],"about":[{"href":"https:\/\/diarioelpopular.com\/index.php\/wp-json\/wp\/v2\/types\/post"}],"author":[{"embeddable":true,"href":"https:\/\/diarioelpopular.com\/index.php\/wp-json\/wp\/v2\/users\/99"}],"replies":[{"embeddable":true,"href":"https:\/\/diarioelpopular.com\/index.php\/wp-json\/wp\/v2\/comments?post=518083"}],"version-history":[{"count":1,"href":"https:\/\/diarioelpopular.com\/index.php\/wp-json\/wp\/v2\/posts\/518083\/revisions"}],"predecessor-version":[{"id":518085,"href":"https:\/\/diarioelpopular.com\/index.php\/wp-json\/wp\/v2\/posts\/518083\/revisions\/518085"}],"wp:featuredmedia":[{"embeddable":true,"href":"https:\/\/diarioelpopular.com\/index.php\/wp-json\/wp\/v2\/media\/518084"}],"wp:attachment":[{"href":"https:\/\/diarioelpopular.com\/index.php\/wp-json\/wp\/v2\/media?parent=518083"}],"wp:term":[{"taxonomy":"category","embeddable":true,"href":"https:\/\/diarioelpopular.com\/index.php\/wp-json\/wp\/v2\/categories?post=518083"},{"taxonomy":"post_tag","embeddable":true,"href":"https:\/\/diarioelpopular.com\/index.php\/wp-json\/wp\/v2\/tags?post=518083"}],"curies":[{"name":"wp","href":"https:\/\/api.w.org\/{rel}","templated":true}]}}