{"id":518118,"date":"2024-05-10T10:03:37","date_gmt":"2024-05-10T14:03:37","guid":{"rendered":"https:\/\/diarioelpopular.com\/?p=518118"},"modified":"2024-05-10T10:03:37","modified_gmt":"2024-05-10T14:03:37","slug":"ontario-clasificada-como-la-provincia-mas-enojada-de-todo-canada-y-a-nadie-le-sorprende","status":"publish","type":"post","link":"https:\/\/diarioelpopular.com\/index.php\/2024\/05\/10\/ontario-clasificada-como-la-provincia-mas-enojada-de-todo-canada-y-a-nadie-le-sorprende\/","title":{"rendered":"Ontario clasificada como la provincia m\u00e1s enojada de todo Canad\u00e1 y a nadie le sorprende"},"content":{"rendered":"<p><img loading=\"lazy\" decoding=\"async\" class=\"alignnone size-custom-full-size wp-image-518119\" src=\"https:\/\/diarioelpopular.com\/wp-content\/uploads\/2024\/05\/Screen-Shot-2024-05-10-at-10.03.09-AM-636x353.png\" alt=\"\" width=\"636\" height=\"353\" srcset=\"https:\/\/diarioelpopular.com\/wp-content\/uploads\/2024\/05\/Screen-Shot-2024-05-10-at-10.03.09-AM-636x353.png 636w, https:\/\/diarioelpopular.com\/wp-content\/uploads\/2024\/05\/Screen-Shot-2024-05-10-at-10.03.09-AM-300x167.png 300w, https:\/\/diarioelpopular.com\/wp-content\/uploads\/2024\/05\/Screen-Shot-2024-05-10-at-10.03.09-AM-768x427.png 768w, https:\/\/diarioelpopular.com\/wp-content\/uploads\/2024\/05\/Screen-Shot-2024-05-10-at-10.03.09-AM-131x73.png 131w, https:\/\/diarioelpopular.com\/wp-content\/uploads\/2024\/05\/Screen-Shot-2024-05-10-at-10.03.09-AM.png 1024w\" sizes=\"auto, (max-width: 636px) 100vw, 636px\" \/><\/p>\n<p>&nbsp;<\/p>\n<p>&nbsp;<\/p>\n<p><em><strong>La gente est\u00e1 m\u00e1s enojada y menos satisfecha con la vida en este pa\u00eds que nunca, especialmente si viven en Ontario, que ahora es oficialmente el hogar de las personas m\u00e1s enfurecidas del pa\u00eds, seg\u00fan nuevos datos.<\/strong><\/em><\/p>\n<p>&nbsp;<\/p>\n<p>&nbsp;<\/p>\n<p>La provincia acaba de ocupar el primer lugar en el \u00faltimo &#8220;\u00cdndice de ira&#8221;, seg\u00fan el cual se encuesta peri\u00f3dicamente a los residentes para conocer su estado de \u00e1nimo y sus opiniones sobre los acontecimientos actuales, la econom\u00eda, el liderazgo pol\u00edtico y m\u00e1s.<\/p>\n<p>Los resultados, que pueden no ser tan sorprendentes dadas las actuales crisis del costo de vida y de la vivienda, entre todo lo que est\u00e1 sucediendo en este momento, mostraron que los residentes se han vuelto cada vez menos contentos con el estado de las cosas.<\/p>\n<p>Otras encuestas recientes, as\u00ed como el sentimiento p\u00fablico en l\u00ednea, desafortunadamente pintan un cuadro similar de c\u00f3mo la gente ha perdido por completo la fe en la provincia \u00faltimamente.<\/p>\n<p>En general, la gente estaba m\u00e1s frustrada por el panorama econ\u00f3mico canadiense (67 por ciento estaba molesto o moderadamente enojado a muy enojado), las \u00faltimas noticias en los medios (63 por ciento) y los cambios que estaban sucediendo en Canad\u00e1 (61 por ciento).<\/p>\n<p>M\u00e1s de la mitad de los encuestados tambi\u00e9n estaban molestos con el actual gobierno federal (60 por ciento) y el gobierno provincial (56 por ciento).<\/p>\n<p>Se encontr\u00f3 que los ciudadanos estaban un nueve por ciento m\u00e1s enojados (molestos, moderadamente enojados o muy enojados) en todos los temas cubiertos por la encuesta que la \u00faltima vez que Pollara realiz\u00f3 la encuesta, que fue a principios de este a\u00f1o.<\/p>\n<p>Y la mayor parte de la ira proviene de Ontario.<\/p>\n<p>Seg\u00fan los hallazgos, el 62 por ciento de las personas en Ontario se consideran espec\u00edficamente molestas o enojadas por los temas de conversaci\u00f3n antes mencionados.<\/p>\n<p>Esto es un siete por ciento m\u00e1s de lo que se midi\u00f3 en enero, y un cuatro por ciento m\u00e1s que las siguientes provincias m\u00e1s afectadas (que fueron Alberta y B.C., ambas con una tasa de insatisfacci\u00f3n del 58 por ciento en lo que respecta a estas cosas).<\/p>\n<p>La firma tambi\u00e9n se\u00f1al\u00f3 que la Generaci\u00f3n X parece ser la m\u00e1s enojada de todos los grupos de edad en Canad\u00e1, mientras que aquellos que se identifican como conservadores son los m\u00e1s indignados de cualquier afiliaci\u00f3n pol\u00edtica.<\/p>\n<p>&#8220;Este \u00edndice de ira muestra el nivel m\u00e1s alto de ira en todo Canad\u00e1 en los casi dos a\u00f1os que hemos estado siguiendo esto. Esto incluye nuevos m\u00e1ximos en lo que respecta a la proporci\u00f3n de canadienses enojados con la econom\u00eda y enojados con los gobiernos provinciales y federales&#8221;. Escribe Pollara.<\/p>\n<p>&#8220;El presupuesto federal tampoco ha hecho nada para disipar el nivel de ira hacia el gobierno federal, ya que m\u00e1s canadienses tienen sentimientos negativos (40 por ciento) en lugar de positivos (18 por ciento) hacia el presupuesto&#8221;.<\/p>\n","protected":false},"excerpt":{"rendered":"<p>&nbsp; &nbsp; La gente est\u00e1 m\u00e1s enojada y menos satisfecha con la vida en este pa\u00eds que nunca, especialmente si viven en Ontario, que ahora&hellip;<\/p>\n","protected":false},"author":99,"featured_media":518119,"comment_status":"open","ping_status":"open","sticky":false,"template":"","format":"standard","meta":{"footnotes":""},"categories":[21],"tags":[],"class_list":["post-518118","post","type-post","status-publish","format-standard","has-post-thumbnail","hentry","category-canada"],"_links":{"self":[{"href":"https:\/\/diarioelpopular.com\/index.php\/wp-json\/wp\/v2\/posts\/518118","targetHints":{"allow":["GET"]}}],"collection":[{"href":"https:\/\/diarioelpopular.com\/index.php\/wp-json\/wp\/v2\/posts"}],"about":[{"href":"https:\/\/diarioelpopular.com\/index.php\/wp-json\/wp\/v2\/types\/post"}],"author":[{"embeddable":true,"href":"https:\/\/diarioelpopular.com\/index.php\/wp-json\/wp\/v2\/users\/99"}],"replies":[{"embeddable":true,"href":"https:\/\/diarioelpopular.com\/index.php\/wp-json\/wp\/v2\/comments?post=518118"}],"version-history":[{"count":1,"href":"https:\/\/diarioelpopular.com\/index.php\/wp-json\/wp\/v2\/posts\/518118\/revisions"}],"predecessor-version":[{"id":518120,"href":"https:\/\/diarioelpopular.com\/index.php\/wp-json\/wp\/v2\/posts\/518118\/revisions\/518120"}],"wp:featuredmedia":[{"embeddable":true,"href":"https:\/\/diarioelpopular.com\/index.php\/wp-json\/wp\/v2\/media\/518119"}],"wp:attachment":[{"href":"https:\/\/diarioelpopular.com\/index.php\/wp-json\/wp\/v2\/media?parent=518118"}],"wp:term":[{"taxonomy":"category","embeddable":true,"href":"https:\/\/diarioelpopular.com\/index.php\/wp-json\/wp\/v2\/categories?post=518118"},{"taxonomy":"post_tag","embeddable":true,"href":"https:\/\/diarioelpopular.com\/index.php\/wp-json\/wp\/v2\/tags?post=518118"}],"curies":[{"name":"wp","href":"https:\/\/api.w.org\/{rel}","templated":true}]}}