{"id":518122,"date":"2024-05-10T10:09:43","date_gmt":"2024-05-10T14:09:43","guid":{"rendered":"https:\/\/diarioelpopular.com\/?p=518122"},"modified":"2024-05-10T10:09:43","modified_gmt":"2024-05-10T14:09:43","slug":"canada-obtendra-recortes-temporales-de-visas-ottawa-las-provincias-deciden","status":"publish","type":"post","link":"https:\/\/diarioelpopular.com\/index.php\/2024\/05\/10\/canada-obtendra-recortes-temporales-de-visas-ottawa-las-provincias-deciden\/","title":{"rendered":"\u00bfCanad\u00e1 obtendr\u00e1 recortes temporales de visas? Ottawa, las provincias deciden"},"content":{"rendered":"<p><img loading=\"lazy\" decoding=\"async\" class=\"alignnone size-custom-full-size wp-image-518123\" src=\"https:\/\/diarioelpopular.com\/wp-content\/uploads\/2024\/05\/Screen-Shot-2024-05-10-at-10.09.02-AM.png\" alt=\"\" width=\"552\" height=\"400\" srcset=\"https:\/\/diarioelpopular.com\/wp-content\/uploads\/2024\/05\/Screen-Shot-2024-05-10-at-10.09.02-AM.png 552w, https:\/\/diarioelpopular.com\/wp-content\/uploads\/2024\/05\/Screen-Shot-2024-05-10-at-10.09.02-AM-300x217.png 300w, https:\/\/diarioelpopular.com\/wp-content\/uploads\/2024\/05\/Screen-Shot-2024-05-10-at-10.09.02-AM-101x73.png 101w\" sizes=\"auto, (max-width: 552px) 100vw, 552px\" \/><\/p>\n<p>&nbsp;<\/p>\n<p>&nbsp;<\/p>\n<p><em><strong>Los ministros federales y provinciales se reunen este viernes en Montreal para discutir c\u00f3mo reducir el n\u00famero de residentes temporales en Canad\u00e1<\/strong><\/em><\/p>\n<p>Se espera que el Ministro de Inmigraci\u00f3n, Marc Miller, se re\u00fana personalmente con sus hom\u00f3logos provinciales y territoriales por primera vez desde que anunci\u00f3 un plan sin precedentes para establecer l\u00edmites al n\u00famero de nuevos residentes temporales.<\/p>\n<p>El objetivo es frenar el crecimiento desbocado de Canad\u00e1 reduciendo el n\u00famero de residentes temporales, del 6,2 por ciento de la poblaci\u00f3n de Canad\u00e1 en 2023, al cinco por ciento en los pr\u00f3ximos tres a\u00f1os.<\/p>\n<p>Los nuevos objetivos se desarrollar\u00e1n durante el verano, despu\u00e9s de que las provincias y territorios hayan tenido la oportunidad de opinar, pero el economista laboral Mikal Skuterud dijo que no deber\u00edan considerarse de forma aislada.<\/p>\n<p>&#8220;No se puede hacer eso, es parte de todo el sistema&#8221;, dijo Skuterud, economista de la Universidad de Waterloo.<\/p>\n<p>Fue uno de los primeros en advertir al gobierno que moderara el aumento masivo de personas que emigran a Canad\u00e1 de forma temporal para trabajar o estudiar.<\/p>\n<p>Miller anunci\u00f3 planes para reducir el n\u00famero de estudiantes internacionales poniendo un l\u00edmite de dos a\u00f1os a las nuevas admisiones en enero.<\/p>\n<p>El gobierno tambi\u00e9n est\u00e1 intentando acelerar el tiempo que lleva procesar las solicitudes de asilo y, en el reciente presupuesto federal, incluy\u00f3 medidas legislativas dise\u00f1adas para acelerar el proceso de deportaci\u00f3n cuando esas solicitudes son denegadas.<\/p>\n<p>La \u00faltima y m\u00e1s grande categor\u00eda que a\u00fan debe abordarse es la de los titulares de permisos de trabajo temporales. Miller ha dicho que es una fuerza laboral a la que el mercado laboral se ha vuelto adicto en los \u00faltimos a\u00f1os.<\/p>\n<p>En 2018, hab\u00eda 337.460 titulares de visas de trabajo temporal. Para 2022, ese n\u00famero aument\u00f3 a 605.851.<\/p>\n<p>Cr\u00e9ditos de Skuterud que aumentan debido a cambios en los criterios para residentes permanentes, que fueron dise\u00f1ados para llenar vac\u00edos laborales espec\u00edficos. Esos cambios han creado un incentivo para que los trabajadores menos calificados vengan a Canad\u00e1 con la esperanza de obtener la residencia permanente.<\/p>\n<p>\u201cEso es lo que est\u00e1 atrayendo a un gran n\u00famero de personas a venir y est\u00e1 creando este problema en la poblaci\u00f3n (de residentes no permanentes)\u201d, dijo. Sugiere que el problema podr\u00eda revertirse creando un camino m\u00e1s predecible hacia la residencia permanente para los reci\u00e9n llegados.<\/p>\n<p>Un foco importante para los ministros ser\u00e1 negociar c\u00f3mo asignar menos visas temporales, de las que los empleadores han llegado a depender.<\/p>\n<p>Pase lo que pase, ajustar el rumbo traer\u00e1 algunas complicaciones.<\/p>\n<p>En Manitoba, por ejemplo, los anuncios hechos desde Ottawa sobre la reducci\u00f3n de la inmigraci\u00f3n temporal se han topado con un aumento abrumador de solicitudes para el programa provincial de candidatos para la residencia permanente.<\/p>\n<p>A principios de esta semana, Miller acept\u00f3 la solicitud de Manitoba de extender los permisos federales de trabajo para unos 6.700 reci\u00e9n llegados cuyas visas expirar\u00edan a finales de a\u00f1o, para darles tiempo de solicitar permanecer en Canad\u00e1 de forma permanente.<\/p>\n<p>El nuevo objetivo de visas temporales tambi\u00e9n desacelerar\u00e1 significativamente el crecimiento demogr\u00e1fico. Si bien eso podr\u00eda aliviar cierta presi\u00f3n sobre los costos y la disponibilidad de la vivienda, tambi\u00e9n podr\u00eda resultar en escasez de trabajadores, dijo Andrew Grantham, director ejecutivo de CIBC Economics, en un informe publicado el mes pasado.<\/p>\n<p>\u201cLas restricciones al crecimiento demogr\u00e1fico podr\u00edan dar lugar a que las empresas tengan que ofrecer salarios m\u00e1s altos para alentar a las personas a permanecer o reincorporarse a la fuerza laboral. Podr\u00edamos perder algunas empresas que simplemente no son rentables si no pueden recurrir a trabajadores extranjeros con salarios bajos\u201d, dijo Grantham.<\/p>\n<p>Se espera que las necesidades laborales de cada provincia sean un factor importante en las discusiones del viernes. Los nuevos objetivos para visas temporales se publicar\u00e1n en oto\u00f1o.<\/p>\n","protected":false},"excerpt":{"rendered":"<p>&nbsp; &nbsp; Los ministros federales y provinciales se reunen este viernes en Montreal para discutir c\u00f3mo reducir el n\u00famero de residentes temporales en Canad\u00e1 Se&hellip;<\/p>\n","protected":false},"author":99,"featured_media":518123,"comment_status":"open","ping_status":"open","sticky":false,"template":"","format":"standard","meta":{"footnotes":""},"categories":[21,11191],"tags":[],"class_list":["post-518122","post","type-post","status-publish","format-standard","has-post-thumbnail","hentry","category-canada","category-top-news"],"_links":{"self":[{"href":"https:\/\/diarioelpopular.com\/index.php\/wp-json\/wp\/v2\/posts\/518122","targetHints":{"allow":["GET"]}}],"collection":[{"href":"https:\/\/diarioelpopular.com\/index.php\/wp-json\/wp\/v2\/posts"}],"about":[{"href":"https:\/\/diarioelpopular.com\/index.php\/wp-json\/wp\/v2\/types\/post"}],"author":[{"embeddable":true,"href":"https:\/\/diarioelpopular.com\/index.php\/wp-json\/wp\/v2\/users\/99"}],"replies":[{"embeddable":true,"href":"https:\/\/diarioelpopular.com\/index.php\/wp-json\/wp\/v2\/comments?post=518122"}],"version-history":[{"count":1,"href":"https:\/\/diarioelpopular.com\/index.php\/wp-json\/wp\/v2\/posts\/518122\/revisions"}],"predecessor-version":[{"id":518124,"href":"https:\/\/diarioelpopular.com\/index.php\/wp-json\/wp\/v2\/posts\/518122\/revisions\/518124"}],"wp:featuredmedia":[{"embeddable":true,"href":"https:\/\/diarioelpopular.com\/index.php\/wp-json\/wp\/v2\/media\/518123"}],"wp:attachment":[{"href":"https:\/\/diarioelpopular.com\/index.php\/wp-json\/wp\/v2\/media?parent=518122"}],"wp:term":[{"taxonomy":"category","embeddable":true,"href":"https:\/\/diarioelpopular.com\/index.php\/wp-json\/wp\/v2\/categories?post=518122"},{"taxonomy":"post_tag","embeddable":true,"href":"https:\/\/diarioelpopular.com\/index.php\/wp-json\/wp\/v2\/tags?post=518122"}],"curies":[{"name":"wp","href":"https:\/\/api.w.org\/{rel}","templated":true}]}}