{"id":518193,"date":"2024-05-14T10:28:27","date_gmt":"2024-05-14T14:28:27","guid":{"rendered":"https:\/\/diarioelpopular.com\/?p=518193"},"modified":"2024-05-14T10:28:27","modified_gmt":"2024-05-14T14:28:27","slug":"cronicas-reina-victoria","status":"publish","type":"post","link":"https:\/\/diarioelpopular.com\/index.php\/2024\/05\/14\/cronicas-reina-victoria\/","title":{"rendered":"CR\u00d3NICAS. Reina Victoria"},"content":{"rendered":"<p><img loading=\"lazy\" decoding=\"async\" class=\"alignnone size-custom-full-size wp-image-518194\" src=\"https:\/\/diarioelpopular.com\/wp-content\/uploads\/2024\/05\/Screen-Shot-2024-05-14-at-10.27.59-AM-636x340.png\" alt=\"\" width=\"636\" height=\"340\" srcset=\"https:\/\/diarioelpopular.com\/wp-content\/uploads\/2024\/05\/Screen-Shot-2024-05-14-at-10.27.59-AM-636x340.png 636w, https:\/\/diarioelpopular.com\/wp-content\/uploads\/2024\/05\/Screen-Shot-2024-05-14-at-10.27.59-AM-300x160.png 300w, https:\/\/diarioelpopular.com\/wp-content\/uploads\/2024\/05\/Screen-Shot-2024-05-14-at-10.27.59-AM-768x411.png 768w, https:\/\/diarioelpopular.com\/wp-content\/uploads\/2024\/05\/Screen-Shot-2024-05-14-at-10.27.59-AM-136x73.png 136w, https:\/\/diarioelpopular.com\/wp-content\/uploads\/2024\/05\/Screen-Shot-2024-05-14-at-10.27.59-AM.png 1002w\" sizes=\"auto, (max-width: 636px) 100vw, 636px\" \/><\/p>\n<p>&nbsp;<\/p>\n<p class=\"p1\"><em><strong>Por: Luc\u00eda P. de Garc\u00eda<\/strong><\/em><\/p>\n<p class=\"p1\"><em><strong>Toronto.-<\/strong><\/em> El pr\u00f3ximo lunes 20 Canad\u00e1 celebrar\u00e1 el Victoria Day, conforme la tradici\u00f3n de efectuarlo el lunes previo al \u00faltimo fin de semana de mayo. El festejo honra el cumplea\u00f1os de la Reina Victoria del Reino Unido de Gran Breta\u00f1a e Irlanda, quien naciera el 24 de mayo de 1819 en Londres y falleciera el 22 de enero de 1901, luego de haber sido monarca del Reino Unido durante 63 a\u00f1os y emperatriz de la India durante 24. La reina marc\u00f3 la historia en forma especial porque gobern\u00f3 el Imperio sin perder popularidad, entre cambios industriales, pol\u00edticos, sociales y revolucionarios en Europa, y en nuestro pa\u00eds, al firmar el Acta de Norteam\u00e9rica que permiti\u00f3 a Canad\u00e1 nacer como Federaci\u00f3n con gobierno independiente el 1 de julio de 1867.<\/p>\n<p class=\"p1\">Como otros soberanos europeos Alexandrina Victoria perteneci\u00f3 a la casa real alemana de Hannover, era nieta de Jorge III nacido en Gran Breta\u00f1a, y sobrina de Guillermo IV, quien no tuvo descendencia. Su padre falleci\u00f3 cuando ella ten\u00eda un a\u00f1o de edad. Su madre la educ\u00f3 con estrictez y limitaciones econ\u00f3micas ya que su padre hab\u00eda adquirido muchas deudas. Creci\u00f3 triste, sola, junto a sus 132 mu\u00f1ecas. Hablaba y escrib\u00eda fluidamente alem\u00e1n, italiano, lat\u00edn, ingl\u00e9s, franc\u00e9s. Tras el fallecimiento de su t\u00edo y con m\u00faltiples primos ileg\u00edtimos imposibilitados de heredarlo por ese motivo, ella tuvo que asumir el trono a sus 18 a\u00f1os, en 1837. Decidida a hacer un reinado constitucional eficiente y digno, se alej\u00f3 de la influencia de su madre y del amante de aquella para buscar la gu\u00eda del Primer Ministro Lord Melbourne. Inteligente, de mente abierta y pensamiento pol\u00edtico de centroizquierda, favoreci\u00f3 al partido Whig, Partido Liberal. Al contar con su asignaci\u00f3n econ\u00f3mica personal cancel\u00f3 las deudas de su progenitor y con patriotismo empez\u00f3 a aprender el arte de gobernar. El pueblo vio con agrado esos primeros pasos en el poder.<span class=\"Apple-converted-space\">\u00a0<\/span><\/p>\n<p class=\"p1\">Tres a\u00f1os despu\u00e9s se cas\u00f3 con su primo Alberto, de la Casa de Sajonia-Coburgo-Gotha que luego cambiar\u00eda su apellido al de Windsor. De la misma edad, simpatizaban desde ni\u00f1os, por lo que nadie se sorprendi\u00f3 que Victoria le pidiera en matrimonio seg\u00fan exig\u00eda entonces el protocolo y que \u00e9l la aceptara ocupando el papel de pr\u00edncipe consorte. Tuvieron 9 hijos, cuatro hombres y cinco mujeres. Por primera vez Victoria se sinti\u00f3 feliz, los dos lo fueron, am\u00e1ndose intensamente y proponi\u00e9ndose ser ejemplo de decoro, afecto, del deber familiar y de entrega al servicio del Imperio. Ella era la soberana absoluta, Alberto su secretario privado, ministro permanente, quien le le\u00eda los documentos de Estado, quien era su consejero.<span class=\"Apple-converted-space\">\u00a0<\/span><\/p>\n<p class=\"p1\">En 1851 se celebr\u00f3 la Gran Exposici\u00f3n en el Crystal Palace, ideado y construido para el evento por el Pr\u00edncipe Alberto. M\u00e1s de 6 millones de personas la visitaron, maravill\u00e1ndose ante las m\u00e1quinas inventadas y los miles de objetos exhibidos que demostraban los avances cient\u00edficos, industriales, sociales y econ\u00f3micos de todo el mundo. Fue un rotundo \u00e9xito.<\/p>\n<p class=\"p1\">Hacia 1853, cuando Victoria ten\u00eda 34 a\u00f1os de edad, Gran Breta\u00f1a se uni\u00f3 con Francia y el Imperio Otomano para derrotar a Rusia. Pese a que no apoyaba la guerra, la reina visitaba a los heridos e instaur\u00f3 la m\u00e1xima condecoraci\u00f3n al valor en el frente, la Cruz Victoria.<span class=\"Apple-converted-space\">\u00a0<\/span><\/p>\n<p class=\"p1\">Las guerras continuaron a lo largo del siglo conquistando para la corona brit\u00e1nica territorios tan peque\u00f1os como Barbados, Gibraltar, Hong Kong, tan grandes como Canad\u00e1, Australia, India, y la mitad de un continente: \u00c1frica. Los s\u00fabditos del Imperio sumaban un quinto de la poblaci\u00f3n mundial. La guerra se manten\u00eda a s\u00ed misma con la extracci\u00f3n de recursos y riquezas de los pueblos conquistados. La colonizaci\u00f3n fue implacable, brutal.<span class=\"Apple-converted-space\">\u00a0<\/span><\/p>\n<p class=\"p1\">Tambi\u00e9n hubo bajas brit\u00e1nicas. Casi se perdi\u00f3 India, tras recuperarla, Victoria fue nombrada Emperatriz de la India en 1877. Dos a\u00f1os despu\u00e9s el ej\u00e9rcito brit\u00e1nico fue destruido en Sud\u00e1frica. Ocho a\u00f1os m\u00e1s tarde sufri\u00f3 otra derrota en Sud\u00e1n. En el siglo XX empez\u00f3 la era de las independencias, unas sangrientas, otras mediante acuerdos pac\u00edficos como Canad\u00e1.<span class=\"Apple-converted-space\">\u00a0<\/span><\/p>\n<p class=\"p1\">Durante su vida Victoria experiment\u00f3 siete atentados graves y algunos ataques como la de un loco que con un palo le dej\u00f3 la cara amoratada. La pareja real tuvo grandes contrariedades debido al comportamiento desordenado del hijo mayor \u201cBertie\u201d. La mayor tragedia ocurri\u00f3 en 1861: el fallecimiento del Pr\u00edncipe Alberto a los 42 a\u00f1os de edad, posiblemente de tifoidea, c\u00e1ncer de est\u00f3mago o efectos de una fuerte lluvia que le sorprendi\u00f3 empeorando su condici\u00f3n. Victoria nunca super\u00f3 la p\u00e9rdida. En cierta forma ella tambi\u00e9n muri\u00f3, \u201c\u00c9l era mi vida\u201d dijo. Ni siquiera asisti\u00f3 al funeral, se retir\u00f3 de la vida p\u00fablica y gobern\u00f3 por correspondencia. Algo de \u00e1nimo le brind\u00f3 la construcci\u00f3n de varios edificios en memoria de Alberto, siendo el m\u00e1s importante el Royal Albert Hall, inaugurado en Londres en 1871. Acrecentaron su dolor las muertes de tres de sus hijos, la princesa Alicia, el pr\u00edncipe Alfredo y el hijo menor Leopoldo.<span class=\"Apple-converted-space\">\u00a0<\/span><\/p>\n<p class=\"p1\">Vestida siempre de negro y recluida en su palacio, fue el centro de rumores que la relacionaban con uno de sus sirvientes, los acallaron su lealtad a la corona, su dignidad, su honestidad, su gran generosidad, su fortaleza admirable. Para reponer su \u00e1nimo viaj\u00f3 a la Costa Azul de Francia, su presencia convirti\u00f3 al lugar en el descanso m\u00e1s popular de Europa. <span class=\"Apple-converted-space\">\u00a0<\/span><\/p>\n<p class=\"p1\">La luz el\u00e9ctrica, la radio, el uso de gas, el metro de Londres, los carros a motor, los trenes facilitaron la vida y permitieron el desplazamiento de la poblaci\u00f3n del campo a las ciudades. La gente aprendi\u00f3 a leer y a escribir en escuelas gratuitas, lo que facilit\u00f3 una mayor participaci\u00f3n ciudadana en la vida pol\u00edtica. Los jubileos de oro y de diamante fueron apote\u00f3sicos, desbordantes de ovaci\u00f3n y cari\u00f1o del pueblo hacia la monarca. La emocionaron, tambi\u00e9n a sus 31 nietos, varios de los cuales se convertir\u00edan en soberanos de diferentes reinos europeos.<\/p>\n<p class=\"p1\">Durante sus \u00faltimos a\u00f1os la Reina Victoria sufri\u00f3 de reumatismo, una apoplej\u00eda acab\u00f3 con su vida cuando ten\u00eda 82 a\u00f1os de edad mientras descansaba en su casa de vacaciones Osborne Haus, en la Isla de Wight. Seg\u00fan sus deseos, fue enterrada junto a su esposo en el Mausoleo real de Frogmore, en el Parque de Windsor. Entre varios objetos de valor sentimental estaban su velo de novia y un molde de la mano del pr\u00edncipe Alberto. La era victoriana termin\u00f3 coloc\u00e1ndola a ella como ejemplo de sabidur\u00eda gubernamental y con un prestigio tan alto que le vali\u00f3 ser llamada \u201cMatriarca de Europa\u201d. Canad\u00e1 conmemorar\u00e1 su recuerdo como siempre con desfiles, bandas de m\u00fasica, bailes, fuegos artificiales, alegr\u00eda, el nuestro es un Estado Federal con un Parlamento de representaci\u00f3n democr\u00e1tica bajo el marco de una monarqu\u00eda constitucional.<span class=\"Apple-converted-space\">\u00a0<\/span><\/p>\n","protected":false},"excerpt":{"rendered":"<p>&nbsp; Por: Luc\u00eda P. de Garc\u00eda Toronto.- El pr\u00f3ximo lunes 20 Canad\u00e1 celebrar\u00e1 el Victoria Day, conforme la tradici\u00f3n de efectuarlo el lunes previo al&hellip;<\/p>\n","protected":false},"author":99,"featured_media":518194,"comment_status":"open","ping_status":"open","sticky":false,"template":"","format":"standard","meta":{"footnotes":""},"categories":[21,11362],"tags":[],"class_list":["post-518193","post","type-post","status-publish","format-standard","has-post-thumbnail","hentry","category-canada","category-cronicas"],"_links":{"self":[{"href":"https:\/\/diarioelpopular.com\/index.php\/wp-json\/wp\/v2\/posts\/518193","targetHints":{"allow":["GET"]}}],"collection":[{"href":"https:\/\/diarioelpopular.com\/index.php\/wp-json\/wp\/v2\/posts"}],"about":[{"href":"https:\/\/diarioelpopular.com\/index.php\/wp-json\/wp\/v2\/types\/post"}],"author":[{"embeddable":true,"href":"https:\/\/diarioelpopular.com\/index.php\/wp-json\/wp\/v2\/users\/99"}],"replies":[{"embeddable":true,"href":"https:\/\/diarioelpopular.com\/index.php\/wp-json\/wp\/v2\/comments?post=518193"}],"version-history":[{"count":1,"href":"https:\/\/diarioelpopular.com\/index.php\/wp-json\/wp\/v2\/posts\/518193\/revisions"}],"predecessor-version":[{"id":518195,"href":"https:\/\/diarioelpopular.com\/index.php\/wp-json\/wp\/v2\/posts\/518193\/revisions\/518195"}],"wp:featuredmedia":[{"embeddable":true,"href":"https:\/\/diarioelpopular.com\/index.php\/wp-json\/wp\/v2\/media\/518194"}],"wp:attachment":[{"href":"https:\/\/diarioelpopular.com\/index.php\/wp-json\/wp\/v2\/media?parent=518193"}],"wp:term":[{"taxonomy":"category","embeddable":true,"href":"https:\/\/diarioelpopular.com\/index.php\/wp-json\/wp\/v2\/categories?post=518193"},{"taxonomy":"post_tag","embeddable":true,"href":"https:\/\/diarioelpopular.com\/index.php\/wp-json\/wp\/v2\/tags?post=518193"}],"curies":[{"name":"wp","href":"https:\/\/api.w.org\/{rel}","templated":true}]}}