{"id":518201,"date":"2024-05-15T09:00:29","date_gmt":"2024-05-15T13:00:29","guid":{"rendered":"https:\/\/diarioelpopular.com\/?p=518201"},"modified":"2024-05-15T09:00:29","modified_gmt":"2024-05-15T13:00:29","slug":"nueva-subvariante-de-covid-19-dominante-en-canada","status":"publish","type":"post","link":"https:\/\/diarioelpopular.com\/index.php\/2024\/05\/15\/nueva-subvariante-de-covid-19-dominante-en-canada\/","title":{"rendered":"Nueva subvariante de COVID-19 dominante en Canad\u00e1"},"content":{"rendered":"<p><img loading=\"lazy\" decoding=\"async\" class=\"alignnone size-custom-full-size wp-image-518202\" src=\"https:\/\/diarioelpopular.com\/wp-content\/uploads\/2024\/05\/Screen-Shot-2024-05-15-at-8.59.58-AM-636x387.png\" alt=\"\" width=\"636\" height=\"387\" srcset=\"https:\/\/diarioelpopular.com\/wp-content\/uploads\/2024\/05\/Screen-Shot-2024-05-15-at-8.59.58-AM-636x387.png 636w, https:\/\/diarioelpopular.com\/wp-content\/uploads\/2024\/05\/Screen-Shot-2024-05-15-at-8.59.58-AM-300x183.png 300w, https:\/\/diarioelpopular.com\/wp-content\/uploads\/2024\/05\/Screen-Shot-2024-05-15-at-8.59.58-AM-768x468.png 768w, https:\/\/diarioelpopular.com\/wp-content\/uploads\/2024\/05\/Screen-Shot-2024-05-15-at-8.59.58-AM-120x73.png 120w, https:\/\/diarioelpopular.com\/wp-content\/uploads\/2024\/05\/Screen-Shot-2024-05-15-at-8.59.58-AM.png 1024w\" sizes=\"auto, (max-width: 636px) 100vw, 636px\" \/><\/p>\n<p>&nbsp;<\/p>\n<p>&nbsp;<\/p>\n<ul>\n<li><strong><em>Una nueva subvariante de COVID-19 es dominante en Canad\u00e1 y representa poco m\u00e1s del 30 por ciento de los casos en el pa\u00eds, pero los expertos en enfermedades infecciosas dicen que no hay se\u00f1ales de que se convierta en un verano &#8220;aterrador&#8221;.<\/em><\/strong><\/li>\n<\/ul>\n<p>&nbsp;<\/p>\n<p><em><strong>OTTAWA.-<\/strong> <\/em>La nueva subvariante, KP.2, en realidad no es nueva, es una \u201csopa\u201d de mutaciones que se han acumulado, explic\u00f3 el Dr. Tyson Graber, cient\u00edfico asociado del Instituto de Investigaci\u00f3n CHEO en Ottawa.<\/p>\n<p>Omicron, la variante del maremoto que se extendi\u00f3 a finales de 2022, es el \u201cpadre\u201d de KP.2, que eventualmente desplazar\u00e1 a JN.1, la variante Omicron dominante hasta este momento.<\/p>\n<p>&#8220;Cuando se analiza el impacto de cada ola en la era Omicron, el impacto se ha reducido progresivamente&#8221;, dijo el Dr. Isaac Bogoch, m\u00e9dico y cient\u00edfico de enfermedades infecciosas de la Red de Salud Universitaria de Toronto.<\/p>\n<p>\u201cObviamente es pronto y tenemos que ser humildes. \u00bfPero hay alg\u00fan s\u00edntoma nuevo asociado con esto? No es que lo sepamos. \u00bfEsperamos que esto provoque una ola masiva de COVID? Probablemente no. \u00bfCausar\u00e1 algo de COVID? Absolutamente\u201d, dijo Bogoch.<\/p>\n<p>En las redes sociales, para desd\u00e9n de algunos miembros de la comunidad cient\u00edfica, KP.2 tambi\u00e9n recibe el nombre de variante FLiRT, una abreviatura de letras que significan mutaciones en la prote\u00edna de pico.<\/p>\n<p>Si bien la mayor\u00eda de los sistemas de datos que alguna vez rastrearon diligentemente la propagaci\u00f3n diaria de COVID-19 han sido desmantelados, los datos nacionales de aguas residuales indican que KP.2 super\u00f3 a JN.1 como la variante m\u00e1s com\u00fan en Canad\u00e1 al 28 de abril. KP.2 tambi\u00e9n representa casi el 30 por ciento de los casos de COVID-19, seg\u00fan muestra el \u00faltimo Centro para la Prevenci\u00f3n y Enfermedades.<\/p>\n<p>En Ontario, la JN.1 sigue siendo la variante m\u00e1s com\u00fan con poco m\u00e1s del 19 por ciento, pero la KP.2 parece estar poni\u00e9ndose al d\u00eda y representa casi el 11 por ciento de los casos.<\/p>\n<p>A pesar del crecimiento, dijo Graber, &#8220;no hay evidencia clara en este momento, ni razones para creer que tendr\u00e1 un impacto general grave&#8221;.<\/p>\n<p>En otras palabras, \u201cno es aterrador\u201d, a\u00f1adi\u00f3.<\/p>\n","protected":false},"excerpt":{"rendered":"<p>&nbsp; &nbsp; Una nueva subvariante de COVID-19 es dominante en Canad\u00e1 y representa poco m\u00e1s del 30 por ciento de los casos en el pa\u00eds,&hellip;<\/p>\n","protected":false},"author":99,"featured_media":518202,"comment_status":"open","ping_status":"open","sticky":false,"template":"","format":"standard","meta":{"footnotes":""},"categories":[21,11191],"tags":[],"class_list":["post-518201","post","type-post","status-publish","format-standard","has-post-thumbnail","hentry","category-canada","category-top-news"],"_links":{"self":[{"href":"https:\/\/diarioelpopular.com\/index.php\/wp-json\/wp\/v2\/posts\/518201","targetHints":{"allow":["GET"]}}],"collection":[{"href":"https:\/\/diarioelpopular.com\/index.php\/wp-json\/wp\/v2\/posts"}],"about":[{"href":"https:\/\/diarioelpopular.com\/index.php\/wp-json\/wp\/v2\/types\/post"}],"author":[{"embeddable":true,"href":"https:\/\/diarioelpopular.com\/index.php\/wp-json\/wp\/v2\/users\/99"}],"replies":[{"embeddable":true,"href":"https:\/\/diarioelpopular.com\/index.php\/wp-json\/wp\/v2\/comments?post=518201"}],"version-history":[{"count":1,"href":"https:\/\/diarioelpopular.com\/index.php\/wp-json\/wp\/v2\/posts\/518201\/revisions"}],"predecessor-version":[{"id":518203,"href":"https:\/\/diarioelpopular.com\/index.php\/wp-json\/wp\/v2\/posts\/518201\/revisions\/518203"}],"wp:featuredmedia":[{"embeddable":true,"href":"https:\/\/diarioelpopular.com\/index.php\/wp-json\/wp\/v2\/media\/518202"}],"wp:attachment":[{"href":"https:\/\/diarioelpopular.com\/index.php\/wp-json\/wp\/v2\/media?parent=518201"}],"wp:term":[{"taxonomy":"category","embeddable":true,"href":"https:\/\/diarioelpopular.com\/index.php\/wp-json\/wp\/v2\/categories?post=518201"},{"taxonomy":"post_tag","embeddable":true,"href":"https:\/\/diarioelpopular.com\/index.php\/wp-json\/wp\/v2\/tags?post=518201"}],"curies":[{"name":"wp","href":"https:\/\/api.w.org\/{rel}","templated":true}]}}