{"id":518212,"date":"2024-05-15T09:30:53","date_gmt":"2024-05-15T13:30:53","guid":{"rendered":"https:\/\/diarioelpopular.com\/?p=518212"},"modified":"2024-05-15T09:30:53","modified_gmt":"2024-05-15T13:30:53","slug":"america-latina-y-el-caribe-genero-el-62-de-su-electricidad-con-renovables-en-2023","status":"publish","type":"post","link":"https:\/\/diarioelpopular.com\/index.php\/2024\/05\/15\/america-latina-y-el-caribe-genero-el-62-de-su-electricidad-con-renovables-en-2023\/","title":{"rendered":"Am\u00e9rica Latina y el Caribe gener\u00f3 el 62% de su electricidad con renovables en 2023"},"content":{"rendered":"<p><img loading=\"lazy\" decoding=\"async\" class=\"alignnone size-custom-big-size wp-image-518213\" src=\"https:\/\/diarioelpopular.com\/wp-content\/uploads\/2024\/05\/Screen-Shot-2024-05-15-at-9.29.50-AM-1200x653.png\" alt=\"\" width=\"1200\" height=\"653\" srcset=\"https:\/\/diarioelpopular.com\/wp-content\/uploads\/2024\/05\/Screen-Shot-2024-05-15-at-9.29.50-AM-1200x653.png 1200w, https:\/\/diarioelpopular.com\/wp-content\/uploads\/2024\/05\/Screen-Shot-2024-05-15-at-9.29.50-AM-300x163.png 300w, https:\/\/diarioelpopular.com\/wp-content\/uploads\/2024\/05\/Screen-Shot-2024-05-15-at-9.29.50-AM-768x418.png 768w, https:\/\/diarioelpopular.com\/wp-content\/uploads\/2024\/05\/Screen-Shot-2024-05-15-at-9.29.50-AM-636x346.png 636w, https:\/\/diarioelpopular.com\/wp-content\/uploads\/2024\/05\/Screen-Shot-2024-05-15-at-9.29.50-AM-134x73.png 134w, https:\/\/diarioelpopular.com\/wp-content\/uploads\/2024\/05\/Screen-Shot-2024-05-15-at-9.29.50-AM.png 1024w\" sizes=\"auto, (max-width: 1200px) 100vw, 1200px\" \/><\/p>\n<h5><em>Paneles solares absorben la luz en el desierto de Atacama, cerca de Calama, Chile, en agosto de 2022.\u00a0 \u00a0 \u00a0 \u00a0 \u00a0 \u00a0 \u00a0 \u00a0 \u00a0 \u00a0\u00a0<span class=\"a_m_m\">JOHN MOORE (GETTY IMAGES)<\/span><\/em><\/h5>\n<p>&nbsp;<\/p>\n<p>&nbsp;<\/p>\n<h4 class=\"a_st\"><em>&#8211; Aunque la mayor\u00eda sigue viniendo de las hidroel\u00e9ctricas, Chile y Brasil han logrado destacarse a nivel mundial por su impulso a la solar y e\u00f3lica, seg\u00fan un informe. Ecuador, Colombia y Guatemala est\u00e1n rezagados<\/em><\/h4>\n<p>&nbsp;<\/p>\n<p class=\"\">Am\u00e9rica Latina y el Caribe est\u00e1 a la cabeza en\u00a0<a href=\"https:\/\/elpais.com\/america-futura\/2024-04-25\/brasil-y-colombia-referentes-mundiales-en-energias-renovables.html\" data-link-track-dtm=\"\" data-mrf-link=\"https:\/\/elpais.com\/america-futura\/2024-04-25\/brasil-y-colombia-referentes-mundiales-en-energias-renovables.html\">energ\u00edas renovables<\/a>: en 2023, la regi\u00f3n gener\u00f3 el 62% de su electricidad a partir de ellas, m\u00e1s del doble que el promedio mundial, que apenas alcanza el 30%, seg\u00fan el quinto informe<i>\u00a0<\/i><a href=\"https:\/\/ember-climate.org\/insights\/research\/global-electricity-review-2024\/\" target=\"_blank\" rel=\"noopener\" data-link-track-dtm=\"\" data-mrf-link=\"https:\/\/ember-climate.org\/insights\/research\/global-electricity-review-2024\/\"><i>Global Electricity Review<\/i><\/a><i>\u00a0<\/i>del grupo de an\u00e1lisis de datos Ember, que trabaj\u00f3 con informaci\u00f3n de 80 pa\u00edses que representan el 92% de la electricidad generada a nivel mundial.<\/p>\n<p class=\"\">La base de la buena posici\u00f3n latinoamericana en cuanto a las\u00a0<a href=\"https:\/\/elpais.com\/america-futura\/2024-03-14\/como-acelerar-la-transicion-energetica-en-america-latina.html\" data-link-track-dtm=\"\" data-mrf-link=\"https:\/\/elpais.com\/america-futura\/2024-03-14\/como-acelerar-la-transicion-energetica-en-america-latina.html\">renovables<\/a>, sin embargo, siguen siendo las hidroel\u00e9ctricas. Seg\u00fan explic\u00f3 Dave Jones, uno de los autores del reporte y director del programa global Insights de\u00a0<i>Ember\u00a0<\/i>a Am\u00e9rica Futura, el 43% corresponde a hidroel\u00e9ctricas, un 8% a e\u00f3licas y un 6% a energ\u00eda solar. Pero este aumento de e\u00f3lica y solar, que suma un 14%, tambi\u00e9n representa un 3% m\u00e1s de lo que hab\u00eda en 2015. \u201cLo que encontramos es que Am\u00e9rica Latina y el Caribe b\u00e1sicamente mantuvo su posici\u00f3n como l\u00edder en energ\u00edas renovables siempre con el legado que le ha dejado la hidroel\u00e9ctrica\u201d, aclara. \u201cPero tambi\u00e9n hay un impulso para la solar y la e\u00f3lica\u201d.<\/p>\n<p class=\"\">Aunque en el informe no desagregan la informaci\u00f3n por pa\u00eds, los datos que recolect\u00f3\u00a0<i>Ember\u00a0<\/i>y que corresponden a informaci\u00f3n estatal o de los Gobiernos, tambi\u00e9n da pistas de c\u00f3mo la regi\u00f3n no va creciendo de manera paralela. Mientras que la electricidad basada en el aire y el sol en pa\u00edses como Uruguay, Chile y Brasil ha crecido por encima del promedio regional, con 39%, 32% y 21%, respectivamente, hay otros que, pese a sus ventajas, se quedaron en la cola. Es el caso de Ecuador (0,7%),\u00a0<a href=\"https:\/\/elpais.com\/america-futura\/2023-05-14\/el-viento-de-la-transicion-energetica-lleva-disputas-a-la-guajira-colombiana.html\" data-link-track-dtm=\"\" data-mrf-link=\"https:\/\/elpais.com\/america-futura\/2023-05-14\/el-viento-de-la-transicion-energetica-lleva-disputas-a-la-guajira-colombiana.html\">Colombia\u00a0<\/a>(1,4%), Guatemala (4,4%) y Per\u00fa (5,3%).<\/p>\n<p class=\"\">\u201cEn el informe, quisimos destacar lo r\u00e1pida que est\u00e1 siendo la transici\u00f3n en Chile y Brasil, porque han progresado bastante en los \u00faltimos a\u00f1os\u201d, comenta Jones. \u201cEn Brasil, concretamente, hemos encontrado que, durante la \u00faltima d\u00e9cada, su demanda de electricidad ha ido en aumento, pero se ha garantizado a trav\u00e9s de renovables como e\u00f3lica y solar\u201d.<\/p>\n<h3 class=\"\">Brasil, el segundo pa\u00eds del mundo donde m\u00e1s crece la e\u00f3lica<\/h3>\n<p class=\"\">Brasil se convirti\u00f3 en el segundo pa\u00eds, despu\u00e9s de China, con el mayor aumento de electricidad e\u00f3lica durante 2023, a\u00f1o en el que alcanz\u00f3 el 13%, muy por encima del 3,7% que ten\u00eda para 2015. Adem\u00e1s, en cuanto a la energ\u00eda solar, el informe tambi\u00e9n advierte que pas\u00f3 de ser 0,01% a 7,3% entre 2015 y 2023. \u201cBrasil fue uno de los primeros pa\u00edses en adoptar la electricidad e\u00f3lica y solar en la regi\u00f3n. Despu\u00e9s de la crisis de electricidad de 2001, en la que se vio c\u00f3mo las sequ\u00edas restring\u00edan gravemente la disponibilidad de la hidroelectricidad, el pa\u00eds introdujo el Programa de Incentivo a Fuentes Alternativas de Energ\u00eda (Proinfa) para promover otras fuentes renovables como la electricidad e\u00f3lica y la solar\u201d, dice el documento. \u201cEsto incluy\u00f3 subastas para los proyectos de electricidad e\u00f3lica y solar que comenzaron a mediados de la d\u00e9cada de 2000 y que permitieron contratos a precio fijo e incitaron la inversi\u00f3n y el crecimiento en el sector de las energ\u00edas renovables\u201d.<\/p>\n<p>&nbsp;<\/p>\n<h5 class=\"a_m a_m-h \"><span class=\"_db a_m_w _pr lb_btn\"><img loading=\"lazy\" decoding=\"async\" class=\"_re lazyload a_m-h\" src=\"https:\/\/imagenes.elpais.com\/resizer\/v2\/CY5C6FJMFJHPFGLVRDSFPO7WFU.jpeg?auth=ce0c631fa0ca2eb1e73fa7cea32a848d860a1f445e555c5cfb1328af18656194&amp;width=414\" sizes=\"auto, (min-width:1199px) 1155px,(min-width:1001px) calc(100vw - 44px),(min-width:768px) 767px, 100vw\" srcset=\"https:\/\/imagenes.elpais.com\/resizer\/v2\/CY5C6FJMFJHPFGLVRDSFPO7WFU.jpeg?auth=ce0c631fa0ca2eb1e73fa7cea32a848d860a1f445e555c5cfb1328af18656194&amp;width=414 414w,https:\/\/imagenes.elpais.com\/resizer\/v2\/CY5C6FJMFJHPFGLVRDSFPO7WFU.jpeg?auth=ce0c631fa0ca2eb1e73fa7cea32a848d860a1f445e555c5cfb1328af18656194&amp;width=828 640w,https:\/\/imagenes.elpais.com\/resizer\/v2\/CY5C6FJMFJHPFGLVRDSFPO7WFU.jpeg?auth=ce0c631fa0ca2eb1e73fa7cea32a848d860a1f445e555c5cfb1328af18656194&amp;width=980 1000w,https:\/\/imagenes.elpais.com\/resizer\/v2\/CY5C6FJMFJHPFGLVRDSFPO7WFU.jpeg?auth=ce0c631fa0ca2eb1e73fa7cea32a848d860a1f445e555c5cfb1328af18656194&amp;width=1960 1960w\" alt=\"Molinos de viento en la Bah\u00eda de San Antonio, en Pernambuco, Brasil.\" width=\"414\" height=\"275\" \/><\/span><em>Molinos de viento en la Bah\u00eda de San Antonio, en Pernambuco, Brasil.<br \/>\n<span class=\"a_m_m\">AGB PHOTO LIBRARY (GETTY IMAGES)<\/p>\n<p><\/span><\/em><\/h5>\n<p class=\"\"><a href=\"https:\/\/elpais.com\/economia\/2023-04-18\/el-bum-de-las-renovables-en-chile-encalla-en-la-red-electrica.html\" target=\"_blank\" rel=\"noopener\" data-link-track-dtm=\"\" data-mrf-link=\"https:\/\/elpais.com\/economia\/2023-04-18\/el-bum-de-las-renovables-en-chile-encalla-en-la-red-electrica.html\">Chile<\/a>, por su parte, destaca como el pa\u00eds que tuvo la participaci\u00f3n m\u00e1s grande de generaci\u00f3n solar en su matriz el\u00e9ctrica, con un total del 20% &#8211; aunque la clasificaci\u00f3n excluye a pa\u00edses que tienen menos de 5 teravatios por hora de generaci\u00f3n de electricidad solar -. Le siguen Grecia (19%), Hungr\u00eda (18%) y Pa\u00edses Bajos (17%). Entre 2015 y 2023, la electricidad solar de Chile pas\u00f3 a representar solo el 1,9% de la matriz el\u00e9ctrica para convertirse, en 2023, en 20% del total.<\/p>\n<p class=\"\">Para Jones, Am\u00e9rica Latina y el Caribe tiene una ventaja clara: el complemento que la solar es para las hidroel\u00e9ctricas. \u201cCuando los pa\u00edses no obtienen las lluvias que esperan, como en momentos de sequ\u00eda, es cuando a la electricidad solar se le puede sacar m\u00e1s provecho. Se trata de una especie de beneficio natural, de flexibilidad, que no tienen otros pa\u00edses del mundo\u201d, dice. El reto, a\u00f1ade, est\u00e1 en las pol\u00edticas. \u201cCuando comparas lo que sucede con M\u00e9xico, que no termina de impulsar la solar a su mejor nivel, con lo que hace Brasil, es clara la importancia que tienen las pol\u00edticas para poder permitir esa r\u00e1pida construcci\u00f3n de e\u00f3licas y solar\u201d.<\/p>\n<p class=\"\"><a href=\"https:\/\/elpais.com\/mexico\/2023-12-06\/la-cop28-expone-las-contradicciones-energeticas-y-climaticas-de-mexico.html\" data-link-track-dtm=\"\" data-mrf-link=\"https:\/\/elpais.com\/mexico\/2023-12-06\/la-cop28-expone-las-contradicciones-energeticas-y-climaticas-de-mexico.html\">M\u00e9xico<\/a>, seg\u00fan el informe, fue el \u00fanico pa\u00eds del G20 con un gran incremento en las emisiones que contribuyen al cambio clim\u00e1tico desde el sector el\u00e9ctrico. Adem\u00e1s, hace parte de los cuatro pa\u00edses que representaron el 95% del incremento de la generaci\u00f3n de electricidad con carb\u00f3n durante 2023, junto con China, India y Vietnam. M\u00e9xico, al igual que estos pa\u00edses, sufri\u00f3 intentas sequ\u00edas, llevando paralelamente a una ca\u00edda del 42% de la generaci\u00f3n hidroel\u00e9ctrica y aumentando la generaci\u00f3n de carb\u00f3n.<\/p>\n<p class=\"\">El resumen, a nivel regi\u00f3n sigue siendo bueno, aunque no suficiente. \u201cEn general, Am\u00e9rica Latina y el Caribe ha evitado caer en el carb\u00f3n como s\u00ed ha pasado en otras partes del mundo, especialmente en Asia\u201d, asegura Jones. Ahora el desaf\u00edo es lograr que, a medida que crece la demanda el\u00e9ctrica, las matrices de la regi\u00f3n sigan creciendo de la mano con las renovables. Invirtiendo en ellas. \u201cEso evitar\u00eda una nueva dependencia e incremento en importar gas\u201d, explica el experto, como dando una pista de cu\u00e1les son los pr\u00f3ximos laberintos que se vienen para Am\u00e9rica Latina y el Caribe.<\/p>\n","protected":false},"excerpt":{"rendered":"<p>Paneles solares absorben la luz en el desierto de Atacama, cerca de Calama, Chile, en agosto de 2022.\u00a0 \u00a0 \u00a0 \u00a0 \u00a0 \u00a0 \u00a0 \u00a0&hellip;<\/p>\n","protected":false},"author":99,"featured_media":518213,"comment_status":"open","ping_status":"open","sticky":false,"template":"","format":"standard","meta":{"footnotes":""},"categories":[23],"tags":[],"class_list":["post-518212","post","type-post","status-publish","format-standard","has-post-thumbnail","hentry","category-latinoamerica"],"_links":{"self":[{"href":"https:\/\/diarioelpopular.com\/index.php\/wp-json\/wp\/v2\/posts\/518212","targetHints":{"allow":["GET"]}}],"collection":[{"href":"https:\/\/diarioelpopular.com\/index.php\/wp-json\/wp\/v2\/posts"}],"about":[{"href":"https:\/\/diarioelpopular.com\/index.php\/wp-json\/wp\/v2\/types\/post"}],"author":[{"embeddable":true,"href":"https:\/\/diarioelpopular.com\/index.php\/wp-json\/wp\/v2\/users\/99"}],"replies":[{"embeddable":true,"href":"https:\/\/diarioelpopular.com\/index.php\/wp-json\/wp\/v2\/comments?post=518212"}],"version-history":[{"count":1,"href":"https:\/\/diarioelpopular.com\/index.php\/wp-json\/wp\/v2\/posts\/518212\/revisions"}],"predecessor-version":[{"id":518214,"href":"https:\/\/diarioelpopular.com\/index.php\/wp-json\/wp\/v2\/posts\/518212\/revisions\/518214"}],"wp:featuredmedia":[{"embeddable":true,"href":"https:\/\/diarioelpopular.com\/index.php\/wp-json\/wp\/v2\/media\/518213"}],"wp:attachment":[{"href":"https:\/\/diarioelpopular.com\/index.php\/wp-json\/wp\/v2\/media?parent=518212"}],"wp:term":[{"taxonomy":"category","embeddable":true,"href":"https:\/\/diarioelpopular.com\/index.php\/wp-json\/wp\/v2\/categories?post=518212"},{"taxonomy":"post_tag","embeddable":true,"href":"https:\/\/diarioelpopular.com\/index.php\/wp-json\/wp\/v2\/tags?post=518212"}],"curies":[{"name":"wp","href":"https:\/\/api.w.org\/{rel}","templated":true}]}}