{"id":518224,"date":"2024-05-16T09:51:05","date_gmt":"2024-05-16T13:51:05","guid":{"rendered":"https:\/\/diarioelpopular.com\/?p=518224"},"modified":"2024-05-16T09:51:05","modified_gmt":"2024-05-16T13:51:05","slug":"el-intrigante-regreso-del-desfile-de-victoria-s-secret-tras-cinco-anos-en-suspenso","status":"publish","type":"post","link":"https:\/\/diarioelpopular.com\/index.php\/2024\/05\/16\/el-intrigante-regreso-del-desfile-de-victoria-s-secret-tras-cinco-anos-en-suspenso\/","title":{"rendered":"El intrigante regreso del desfile de Victoria\u2019s Secret tras cinco a\u00f1os en suspenso"},"content":{"rendered":"<p><img loading=\"lazy\" decoding=\"async\" class=\"alignnone size-custom-big-size wp-image-518226\" src=\"https:\/\/diarioelpopular.com\/wp-content\/uploads\/2024\/05\/Screen-Shot-2024-05-16-at-9.50.11-AM-1200x888.png\" alt=\"\" width=\"1200\" height=\"888\" srcset=\"https:\/\/diarioelpopular.com\/wp-content\/uploads\/2024\/05\/Screen-Shot-2024-05-16-at-9.50.11-AM-1200x888.png 1200w, https:\/\/diarioelpopular.com\/wp-content\/uploads\/2024\/05\/Screen-Shot-2024-05-16-at-9.50.11-AM-300x222.png 300w, https:\/\/diarioelpopular.com\/wp-content\/uploads\/2024\/05\/Screen-Shot-2024-05-16-at-9.50.11-AM-768x568.png 768w, https:\/\/diarioelpopular.com\/wp-content\/uploads\/2024\/05\/Screen-Shot-2024-05-16-at-9.50.11-AM-636x470.png 636w, https:\/\/diarioelpopular.com\/wp-content\/uploads\/2024\/05\/Screen-Shot-2024-05-16-at-9.50.11-AM-99x73.png 99w, https:\/\/diarioelpopular.com\/wp-content\/uploads\/2024\/05\/Screen-Shot-2024-05-16-at-9.50.11-AM.png 1024w\" sizes=\"auto, (max-width: 1200px) 100vw, 1200px\" \/><\/p>\n<h5><em>Karolina Kurkova, Tyra Banks, Heidi Klum, Gisele Bundchen y Adriana Lima en un desfile de Victoria&#8217;s Secret\u00a0<span class=\"a_m_m\">JASON NEVADER<\/span><\/em><\/h5>\n<p>&nbsp;<\/p>\n<p>&nbsp;<\/p>\n<h4 class=\"a_st\"><em>&#8211; Despu\u00e9s de su enorme crisis de reputaci\u00f3n y varias acusaciones de supuesto acoso, la firma de lencer\u00eda ha decidido volver a organizar su famoso show. Esta vez, dicen, de una forma m\u00e1s realista.<\/em><\/h4>\n<p>&nbsp;<\/p>\n<p class=\"\">\u201cHemos le\u00eddo los comentarios y los hemos escuchado. El desfile de Victoria\u2019s Secret vuelve\u201d, escrib\u00eda la marca de lencer\u00eda hace unas horas en su Instagram, que acumula nada menos que 76 millones de seguidores. \u201cEl desfile reflejar\u00e1 lo que somos hoy, adem\u00e1s de todo lo que ya conoc\u00e9is y ador\u00e1is (glamur, alas, m\u00fasica y m\u00e1s)\u201d, contin\u00faan.<\/p>\n<p class=\"\">El famoso desfile, que se televisaba desde 2001 y lleg\u00f3 a poner frente a la pantalla a m\u00e1s de diez millones de personas en todo el mundo, fue cancelado en 2019; el motivo \u2018oficial\u2019 que esgrimi\u00f3 L Brands, entonces due\u00f1o de la ense\u00f1a fue que Victoria\u2019s Secret \u201cten\u00eda que evolucionar hacia otros formatos\u201d. La no oficial: que la audiencia hab\u00eda ca\u00eddo en picado y que la marca empezaba a verse envuelta en esc\u00e1ndalos.<\/p>\n<p class=\"\">En 2018, Ed Rezak, su director de marketing,\u00a0<a href=\"https:\/\/www.vogue.com\/article\/victorias-secret-ed-razek-monica-mitro-interview\" target=\"_blank\" rel=\"noopener\" data-link-track-dtm=\"\" data-mrf-link=\"https:\/\/www.vogue.com\/article\/victorias-secret-ed-razek-monica-mitro-interview\">declaraba en la edici\u00f3n americana de Vogue<\/a>\u00a0que no consideraba la inclusi\u00f3n de modelos trans en la pasarela \u201cporque este desfile es pura fantas\u00eda\u201d. Tampoco a modelos de tallas grandes porque \u201cnadie ten\u00eda ning\u00fan tipo de inter\u00e9s en ello\u201d.<\/p>\n<p class=\"\">En 2020,\u00a0<a href=\"https:\/\/tw.fashionnetwork.com\/news\/Ny-times-investigation-uncovers-sexual-harassment-bullying-among-victoria-s-secret-s-highest-ranks,1182469.html\" target=\"_blank\" rel=\"noopener\" data-link-track-dtm=\"\" data-mrf-link=\"https:\/\/tw.fashionnetwork.com\/news\/Ny-times-investigation-uncovers-sexual-harassment-bullying-among-victoria-s-secret-s-highest-ranks,1182469.html\">una investigaci\u00f3n del\u00a0<i>New York Times<\/i><\/a>\u00a0confirmaba algunas de las sospechas que planeaban sobre la cultura empresarial de la marca: m\u00e1s de treinta personas, modelos y empleados, acusaron a Razek y al due\u00f1o de L Brands, Leslie Wexner, de acoso y explotaci\u00f3n. Toda la leyenda en torno a sus famosos \u00e1ngeles, es decir, sus periodos de ayuno y sus excesivas rutinas deportivas, su expl\u00edcita cosificaci\u00f3n y el entorno t\u00f3xico de la empresa quedaron expuestos en el documenta<i>l \u2018Victoria\u2019s Secret: \u00e1ngeles y demonios\u2019\u00a0<\/i>(2022), en el que tambi\u00e9n se muestra la amistad de Wexner con Jeffrey Epstein. Un a\u00f1o antes, Wexner dejaba su puesto como presidente de L Brands y vend\u00eda una participaci\u00f3n mayoritaria de Victoria\u2019s Secret a la empresa de capital riesgo Sycamore Partners.<\/p>\n<p>&nbsp;<\/p>\n<div id=\"sum_instagram\" class=\"a_em _df\" data-oembed-type=\"instagram\"><iframe id=\"instagram-embed-1\" class=\"instagram-media instagram-media-rendered\" src=\"https:\/\/www.instagram.com\/p\/C6bg9EnuS5h\/embed\/captioned\/?cr=1&amp;v=14&amp;wp=1052&amp;rd=https%3A%2F%2Felpais.com&amp;rp=%2Fsmoda%2Fmoda%2F2024-05-16%2Fel-intrigante-regreso-del-desfile-de-victorias-secret-tras-cinco-anos-en-suspenso.html#%7B%22ci%22%3A1%2C%22os%22%3A1254.4000000003725%7D\" height=\"972\" frameborder=\"0\" scrolling=\"no\" allowfullscreen=\"allowfullscreen\" data-instgrm-payload-id=\"instagram-media-payload-1\" data-mce-fragment=\"1\"><\/iframe><\/div>\n<p class=\"\">Desde entonces, la marca ha intentado lavar su imagen para ser m\u00e1s inclusiva. Las ventas llevaban a\u00f1os cayendo en picado y su gran competidora, Fenty, la ense\u00f1a de lencer\u00eda de Rihanna que tambi\u00e9n programa desfiles televisados, se convirti\u00f3 en un \u00e9xito gracias a su pol\u00edtica de modelos de razas, tallas e identidades diversas.<\/p>\n<p class=\"\">El pasado a\u00f1o Victoria\u2019s Secret presentaba un largometraje grabado durante una fiesta en Nueva York al que acudieron las celebridades habituales (Naomi, Gigi Hadid o Doja Cat, entre otras), pero tambi\u00e9n escritoras, modelos trans activistas del body positive: \u201cUna mezcolanza de buenas intenciones, enorme inversi\u00f3n, un a\u00f1o y medio de trabajo y m\u00faltiples partes que sin duda presentar\u00e1n nuevos talentos a un p\u00fablico que de otro modo nunca habr\u00eda o\u00eddo hablar de ellos.\u201d, contaba Vanessa Friedman en The New York Times.<\/p>\n<p><img loading=\"lazy\" decoding=\"async\" class=\"alignnone size-custom-full-size wp-image-518225\" src=\"https:\/\/diarioelpopular.com\/wp-content\/uploads\/2024\/05\/Screen-Shot-2024-05-16-at-9.49.19-AM-636x796.png\" alt=\"\" width=\"636\" height=\"796\" srcset=\"https:\/\/diarioelpopular.com\/wp-content\/uploads\/2024\/05\/Screen-Shot-2024-05-16-at-9.49.19-AM-636x796.png 636w, https:\/\/diarioelpopular.com\/wp-content\/uploads\/2024\/05\/Screen-Shot-2024-05-16-at-9.49.19-AM-240x300.png 240w, https:\/\/diarioelpopular.com\/wp-content\/uploads\/2024\/05\/Screen-Shot-2024-05-16-at-9.49.19-AM-768x961.png 768w, https:\/\/diarioelpopular.com\/wp-content\/uploads\/2024\/05\/Screen-Shot-2024-05-16-at-9.49.19-AM-58x73.png 58w, https:\/\/diarioelpopular.com\/wp-content\/uploads\/2024\/05\/Screen-Shot-2024-05-16-at-9.49.19-AM.png 819w\" sizes=\"auto, (max-width: 636px) 100vw, 636px\" \/><\/p>\n<p class=\"\">Su Intagram ahora mezcla a mujeres de tallas y razas diversas con im\u00e1genes de Gigi Hadid, Emily Ratajkowsky o Kendall Jenner, que han vuelto como embajadoras. Sus dise\u00f1os ya no son tan abiertamente sexuales, y est\u00e1n m\u00e1s centrados en la funcionalidad. Ahora queda por ver si su desfile, previsto para este oto\u00f1o, sabe reflejar de verdad los nuevos tiempos y, lo que es m\u00e1s importante, sabe volver a enganchar a la audiencia.<\/p>\n","protected":false},"excerpt":{"rendered":"<p>Karolina Kurkova, Tyra Banks, Heidi Klum, Gisele Bundchen y Adriana Lima en un desfile de Victoria&#8217;s Secret\u00a0JASON NEVADER &nbsp; &nbsp; &#8211; Despu\u00e9s de su enorme&hellip;<\/p>\n","protected":false},"author":99,"featured_media":518226,"comment_status":"open","ping_status":"open","sticky":false,"template":"","format":"standard","meta":{"footnotes":""},"categories":[24],"tags":[],"class_list":["post-518224","post","type-post","status-publish","format-standard","has-post-thumbnail","hentry","category-mundo"],"_links":{"self":[{"href":"https:\/\/diarioelpopular.com\/index.php\/wp-json\/wp\/v2\/posts\/518224","targetHints":{"allow":["GET"]}}],"collection":[{"href":"https:\/\/diarioelpopular.com\/index.php\/wp-json\/wp\/v2\/posts"}],"about":[{"href":"https:\/\/diarioelpopular.com\/index.php\/wp-json\/wp\/v2\/types\/post"}],"author":[{"embeddable":true,"href":"https:\/\/diarioelpopular.com\/index.php\/wp-json\/wp\/v2\/users\/99"}],"replies":[{"embeddable":true,"href":"https:\/\/diarioelpopular.com\/index.php\/wp-json\/wp\/v2\/comments?post=518224"}],"version-history":[{"count":1,"href":"https:\/\/diarioelpopular.com\/index.php\/wp-json\/wp\/v2\/posts\/518224\/revisions"}],"predecessor-version":[{"id":518227,"href":"https:\/\/diarioelpopular.com\/index.php\/wp-json\/wp\/v2\/posts\/518224\/revisions\/518227"}],"wp:featuredmedia":[{"embeddable":true,"href":"https:\/\/diarioelpopular.com\/index.php\/wp-json\/wp\/v2\/media\/518226"}],"wp:attachment":[{"href":"https:\/\/diarioelpopular.com\/index.php\/wp-json\/wp\/v2\/media?parent=518224"}],"wp:term":[{"taxonomy":"category","embeddable":true,"href":"https:\/\/diarioelpopular.com\/index.php\/wp-json\/wp\/v2\/categories?post=518224"},{"taxonomy":"post_tag","embeddable":true,"href":"https:\/\/diarioelpopular.com\/index.php\/wp-json\/wp\/v2\/tags?post=518224"}],"curies":[{"name":"wp","href":"https:\/\/api.w.org\/{rel}","templated":true}]}}