{"id":518257,"date":"2024-05-17T10:47:31","date_gmt":"2024-05-17T14:47:31","guid":{"rendered":"https:\/\/diarioelpopular.com\/?p=518257"},"modified":"2024-05-17T10:47:31","modified_gmt":"2024-05-17T14:47:31","slug":"solicitan-a-la-asamblea-legislativa-de-ontario-implementar-la-educacion-obligatoria-en-derechos-humanos","status":"publish","type":"post","link":"https:\/\/diarioelpopular.com\/index.php\/2024\/05\/17\/solicitan-a-la-asamblea-legislativa-de-ontario-implementar-la-educacion-obligatoria-en-derechos-humanos\/","title":{"rendered":"SOLICITAN A LA ASAMBLEA LEGISLATIVA DE ONTARIO IMPLEMENTAR LA EDUCACI\u00d3N OBLIGATORIA EN DERECHOS HUMANOS"},"content":{"rendered":"<p><img loading=\"lazy\" decoding=\"async\" class=\"alignnone size-custom-full-size wp-image-518258\" src=\"https:\/\/diarioelpopular.com\/wp-content\/uploads\/2024\/05\/Group-wave-better-photo-front-Queens-Park-entrance-636x477.jpg\" alt=\"\" width=\"636\" height=\"477\" srcset=\"https:\/\/diarioelpopular.com\/wp-content\/uploads\/2024\/05\/Group-wave-better-photo-front-Queens-Park-entrance-636x477.jpg 636w, https:\/\/diarioelpopular.com\/wp-content\/uploads\/2024\/05\/Group-wave-better-photo-front-Queens-Park-entrance-300x225.jpg 300w, https:\/\/diarioelpopular.com\/wp-content\/uploads\/2024\/05\/Group-wave-better-photo-front-Queens-Park-entrance-768x576.jpg 768w, https:\/\/diarioelpopular.com\/wp-content\/uploads\/2024\/05\/Group-wave-better-photo-front-Queens-Park-entrance-1990x1493.jpg 1990w, https:\/\/diarioelpopular.com\/wp-content\/uploads\/2024\/05\/Group-wave-better-photo-front-Queens-Park-entrance-1200x900.jpg 1200w, https:\/\/diarioelpopular.com\/wp-content\/uploads\/2024\/05\/Group-wave-better-photo-front-Queens-Park-entrance-97x73.jpg 97w, https:\/\/diarioelpopular.com\/wp-content\/uploads\/2024\/05\/Group-wave-better-photo-front-Queens-Park-entrance.jpg 1024w\" sizes=\"auto, (max-width: 636px) 100vw, 636px\" \/><\/p>\n<h5><em>Voluntarios de J\u00f3venes por los Derechos Humanos, estudiantes de secundaria y primaria junto con sus maestros y el Director de YHR Canad\u00e1, saludando frente al Edificio Legislativo de Ontario antes de ingresar a la Galer\u00eda para presenciar la presentaci\u00f3n de 2,252 firmas de peticiones de derechos humanos que solicitan la implementaci\u00f3n de derechos humanos obligatorios. educaci\u00f3n en derechos, espec\u00edficamente, la Declaraci\u00f3n Universal de Derechos Humanos de las Naciones Unidas, que este a\u00f1o cumpli\u00f3 75 a\u00f1os.<\/em><\/h5>\n<p><em><strong>&#8211; Esta semana, la Asamblea Legislativa de Ontario recibi\u00f3 un total de 2.252 firmas de petici\u00f3n recolectadas por J\u00f3venes por los Derechos Humanos de Ontario, solicitando que el gobierno implemente educaci\u00f3n obligatoria en derechos humanos a trav\u00e9s de campa\u00f1as, eventos, amplia publicaci\u00f3n y difusi\u00f3n de la Declaraci\u00f3n Universal de Derechos Humanos de las Naciones Unidas con el prop\u00f3sito de crear una base para la justicia y la paz donde las libertades fundamentales de las personas sean protegidas y respetadas.<\/strong><\/em><\/p>\n<p>La directora de Juventud por los Derechos Humanos de Canad\u00e1, Nicole Crellin, cree que esta es la primera vez que se presenta una solicitud de este tipo en la Asamblea Legislativa de Ontario.<\/p>\n<p>El prop\u00f3sito declarado de la ONU es llevar la paz a todas las naciones del mundo. Despu\u00e9s de la Segunda Guerra Mundial, la Comisi\u00f3n de Derechos Humanos de la ONU encabezada por Eleanor Roosevelt, esposa del presidente estadounidense Franklin D. Roosevelt, encarg\u00f3 a un grupo de personas, entre ellas el canadiense John Peters Humphrey, que enumeraran los derechos b\u00e1sicos que todo ser humano en el mundo deber\u00eda tener. tiene derecho a tener. Hoy en d\u00eda hay 192 estados miembros de la ONU, todos los cuales han firmado un acuerdo con la DUDH.<\/p>\n<p>La Sra. Crellin afirm\u00f3: \u201cMuy pocas personas conocen los 30 derechos humanos fundamentales adoptados por las Naciones Unidas en 1948. El prop\u00f3sito de Unidos por los Derechos Humanos y su componente juvenil, J\u00f3venes por los Derechos Humanos, es educar a otros sobre estos derechos y inspirarlos a convertirse en defensores de la tolerancia y la paz\u201d.<\/p>\n<p>Unidos por los Derechos Humanos y Juventud por los Derechos Humanos brindan recursos y actividades educativos sobre derechos humanos que informan, ayudan y unen a personas, educadores, organizaciones y organismos gubernamentales en la difusi\u00f3n y adopci\u00f3n de la DUDH en todos los niveles de la sociedad. Tambi\u00e9n ofrecen un curso gratuito de derechos humanos en l\u00ednea donde se proporciona un certificado de finalizaci\u00f3n al finalizar.<\/p>\n","protected":false},"excerpt":{"rendered":"<p>Voluntarios de J\u00f3venes por los Derechos Humanos, estudiantes de secundaria y primaria junto con sus maestros y el Director de YHR Canad\u00e1, saludando frente al&hellip;<\/p>\n","protected":false},"author":99,"featured_media":518258,"comment_status":"open","ping_status":"open","sticky":false,"template":"","format":"standard","meta":{"footnotes":""},"categories":[21],"tags":[],"class_list":["post-518257","post","type-post","status-publish","format-standard","has-post-thumbnail","hentry","category-canada"],"_links":{"self":[{"href":"https:\/\/diarioelpopular.com\/index.php\/wp-json\/wp\/v2\/posts\/518257","targetHints":{"allow":["GET"]}}],"collection":[{"href":"https:\/\/diarioelpopular.com\/index.php\/wp-json\/wp\/v2\/posts"}],"about":[{"href":"https:\/\/diarioelpopular.com\/index.php\/wp-json\/wp\/v2\/types\/post"}],"author":[{"embeddable":true,"href":"https:\/\/diarioelpopular.com\/index.php\/wp-json\/wp\/v2\/users\/99"}],"replies":[{"embeddable":true,"href":"https:\/\/diarioelpopular.com\/index.php\/wp-json\/wp\/v2\/comments?post=518257"}],"version-history":[{"count":1,"href":"https:\/\/diarioelpopular.com\/index.php\/wp-json\/wp\/v2\/posts\/518257\/revisions"}],"predecessor-version":[{"id":518259,"href":"https:\/\/diarioelpopular.com\/index.php\/wp-json\/wp\/v2\/posts\/518257\/revisions\/518259"}],"wp:featuredmedia":[{"embeddable":true,"href":"https:\/\/diarioelpopular.com\/index.php\/wp-json\/wp\/v2\/media\/518258"}],"wp:attachment":[{"href":"https:\/\/diarioelpopular.com\/index.php\/wp-json\/wp\/v2\/media?parent=518257"}],"wp:term":[{"taxonomy":"category","embeddable":true,"href":"https:\/\/diarioelpopular.com\/index.php\/wp-json\/wp\/v2\/categories?post=518257"},{"taxonomy":"post_tag","embeddable":true,"href":"https:\/\/diarioelpopular.com\/index.php\/wp-json\/wp\/v2\/tags?post=518257"}],"curies":[{"name":"wp","href":"https:\/\/api.w.org\/{rel}","templated":true}]}}