{"id":518284,"date":"2024-05-21T09:52:40","date_gmt":"2024-05-21T13:52:40","guid":{"rendered":"https:\/\/diarioelpopular.com\/?p=518284"},"modified":"2024-05-21T09:52:40","modified_gmt":"2024-05-21T13:52:40","slug":"cronicas-los-polos-se-derriten","status":"publish","type":"post","link":"https:\/\/diarioelpopular.com\/index.php\/2024\/05\/21\/cronicas-los-polos-se-derriten\/","title":{"rendered":"CR\u00d3NICAS: Los Polos se Derriten"},"content":{"rendered":"<p><img loading=\"lazy\" decoding=\"async\" class=\"alignnone size-custom-full-size wp-image-518285\" src=\"https:\/\/diarioelpopular.com\/wp-content\/uploads\/2024\/05\/Screen-Shot-2024-05-21-at-9.52.10-AM-636x355.png\" alt=\"\" width=\"636\" height=\"355\" srcset=\"https:\/\/diarioelpopular.com\/wp-content\/uploads\/2024\/05\/Screen-Shot-2024-05-21-at-9.52.10-AM-636x355.png 636w, https:\/\/diarioelpopular.com\/wp-content\/uploads\/2024\/05\/Screen-Shot-2024-05-21-at-9.52.10-AM-300x168.png 300w, https:\/\/diarioelpopular.com\/wp-content\/uploads\/2024\/05\/Screen-Shot-2024-05-21-at-9.52.10-AM-768x429.png 768w, https:\/\/diarioelpopular.com\/wp-content\/uploads\/2024\/05\/Screen-Shot-2024-05-21-at-9.52.10-AM-131x73.png 131w, https:\/\/diarioelpopular.com\/wp-content\/uploads\/2024\/05\/Screen-Shot-2024-05-21-at-9.52.10-AM.png 1024w\" sizes=\"auto, (max-width: 636px) 100vw, 636px\" \/><\/p>\n<p>&nbsp;<\/p>\n<p class=\"p1\"><em><strong>Por: Luc\u00eda P. de Garc\u00eda<\/strong><\/em><\/p>\n<p class=\"p1\"><em><strong>Toronto.-<\/strong><\/em> Los Polos se derriten, s\u00ed. La causa es el cambio clim\u00e1tico. En el \u00c1rtico se manifiesta en el derretimiento del permafrost. En la Ant\u00e1rtida se evidencia en el desprendimiento de gigantescas masas de hielo debido a la presencia de r\u00edos atmosf\u00e9ricos y su vapor cada vez m\u00e1s abrigado.<span class=\"Apple-converted-space\">\u00a0<\/span><\/p>\n<p class=\"p1\">Se llama permafrost a la capa de subsuelo que junto a la tierra, arena y rocas guarda material org\u00e1nico procedente de restos de plantas o animales, y con ellos tambi\u00e9n sus emisiones de carbono y de metano. Estos elementos se amalgaman cual cemento. Unos, los llamados recientes, se forman a partir de los dos a\u00f1os de estar bajo pocos cent\u00edmetros del suelo. Otros, los m\u00e1s antiguos, tienen miles de a\u00f1os de estar tapados por gruesas capas de hielo y nieve, posiblemente hasta 1.500 metros bajo la superficie terrestre.<span class=\"Apple-converted-space\">\u00a0<\/span><\/p>\n<p class=\"p1\">Se calcula que existen cerca de 1,5 billones de toneladas de carbono y de metano almacenadas no solamente en los Polos sino tambi\u00e9n en las Monta\u00f1as Rocosas, los Andes, los Alpes, la meseta del Tibet. Donde m\u00e1s abunda es en el \u00c1rtico, en los territorios de Canad\u00e1, Estados Unidos, Nueva Zelanda, Dinamarca, Rusia. En la Ant\u00e1rtida, donde hay menos tierra, los cient\u00edficos piensan que tambi\u00e9n existe permafrost, pero es dif\u00edcil acceder a \u00e9l ya que la capa de hielo es m\u00e1s gruesa debido a que hay m\u00e1s oc\u00e9ano. En todo caso, el permafrost nunca ha constituido un peligro para la humanidad porque ha estado cubierto.<span class=\"Apple-converted-space\">\u00a0<\/span><\/p>\n<p class=\"p1\">No obstante hoy, al calentarse el planeta el permafrost se derrite permitiendo la salida de sus gases contaminantes hacia la atm\u00f3sfera, a una velocidad nunca antes experimentada. Estos gases incrementan la temperatura de la Tierra, lo que a su vez genera m\u00e1s deshielo, un \u201cbucle de retroalimentaci\u00f3n\u201d seg\u00fan el t\u00e9rmino de los cient\u00edficos, quienes alertan que en base a im\u00e1genes satelitales se detecta \u201cun descongelamiento extenso de permafrost cerca de la superficie\u201d. Esto indica cu\u00e1n cercano est\u00e1 el d\u00eda de un envenenamiento del aire que respiramos. <span class=\"Apple-converted-space\">\u00a0<\/span><\/p>\n<p class=\"p1\">Con referencia a los r\u00edos atmosf\u00e9ricos, \u00e9stos se forman con el vapor de agua originada principalmente en los tr\u00f3picos, la misma que asciende hacia la atm\u00f3sfera donde forma nubes. Existen 5 r\u00edos atmosf\u00e9ricos de miles de kil\u00f3metros de longitud y cientos de metros de ancho, su caudal es mayor que el de los r\u00edos m\u00e1s grandes del mundo, el Amazonas, el Nilo, el Yangts\u00e9. Estos r\u00edos son muy importantes en el ciclo de agua global. Dependiendo de su trayectoria, su encuentro con monta\u00f1as, la alta o la baja presi\u00f3n atmosf\u00e9rica, a medida que el aire se eleva, enfr\u00eda y condensa riegan tanto el hemisferio norte como el hemisferio sur por varios d\u00edas o semanas, aliviando en su curso cambiante las sequ\u00edas con sus lluvias, o afectando la cotidianidad con fuertes nevadas, inundaciones, tormentas, ciclones.<span class=\"Apple-converted-space\">\u00a0<\/span><\/p>\n<p class=\"p1\">Cuando en 1977 se descubri\u00f3 que en los Polos se hab\u00edan abierto huecos en la capa de ozono que protege a nuestro planeta de los rayos ultravioleta (UV) que emite el sol, se crey\u00f3 que el calor solar ingresaba con facilidad por esos huecos produciendo deshielos. Luego de que los cient\u00edficos identificaran que los gases clorofluorocarbonados de refrigerantes y de las latas de aerosol eran los culpables de la p\u00e9rdida de ozono, en 1985 y 1987 se firmaron el Convenio de Viena y el Protocolo de Montreal respectivamente, comprometiendo al mundo a no producir tales substancias. Es el \u00fanico acuerdo ambiental que los gobiernos han cumplido. Los exitosos resultados est\u00e1n a la vista: el hueco de ozono del \u00c1rtico que era el m\u00e1s peque\u00f1o y hoy est\u00e1 casi recuperado, se cerrar\u00e1 completamente alrededor de 2035. El inmenso hueco de la Ant\u00e1rtica avanza en su proceso de cierre, el mismo que culminar\u00e1 en 2060. <span class=\"Apple-converted-space\">\u00a0<\/span><\/p>\n<p class=\"p1\">Si bien no se descarta que los huecos de ozono hayan influido en el derretimiento del hielo polar, los estudios efectuados en estos a\u00f1os han identificado que los r\u00edos atmosf\u00e9ricos provocan que las grandes masas de hielo polar adelgacen, se debiliten y se desprendan en grandes plataformas que al convertirse en agua derretida aumentan el nivel del oc\u00e9ano. Para confirmar su teor\u00eda se\u00f1alan que en la Ant\u00e1rtida, el aumento de la temperatura en nuestro planeta durante los \u00faltimos a\u00f1os coincide con los mayores derretimientos de hielo que ocurren en esa zona.<span class=\"Apple-converted-space\">\u00a0 \u00a0<\/span><\/p>\n<p class=\"p1\">Los r\u00edos atmosf\u00e9ricos reparten por los cielos del mundo hasta el 90% de la humedad, alimentando las fuentes de agua dulce, las aguas subterr\u00e1neas, arroyos, r\u00edos, lagos, las capas de nieve. Ellos demuestran la sabidur\u00eda y la perfecci\u00f3n de la Naturaleza. Esa sabidur\u00eda y esa perfecci\u00f3n tambi\u00e9n lo evidencia el permafrost, que oculta lo nocivo de aquella descomposici\u00f3n org\u00e1nica y la consecuente emisi\u00f3n de gases en las profundas entra\u00f1as del planeta, protegiendo as\u00ed la vida de los seres humanos.<\/p>\n<p class=\"p1\">Lastimosamente somos los propios seres humanos los que hemos abusado de la generosidad de nuestra Tierra. Ya no son las selvas o los bosques o los mares o los r\u00edos los que nos dan sus se\u00f1ales de advertencia, ahora son los Polos que al derretirse nos dan su alarma. Nuestra Madre Tierra ya no da m\u00e1s, es imperativo ayudarle a sanar. Los simples habitantes debemos aplicar con m\u00e1s rigurosidad las normas expedidas por la ONU hace algunos a\u00f1os: Reducir, Reutilizar, Reciclar. Las t\u00e9cnicas m\u00e1s complicadas deben asumir los gobiernos, a ellos hay que presionarlos para que act\u00faen con urgencia, determinaci\u00f3n y en conjunto, como lo hicieron para recuperar el ozono de los Polos. De ello depende nuestra sobrevivencia como especie inteligente, responsable, espiritual.<span class=\"Apple-converted-space\">\u00a0<\/span><\/p>\n","protected":false},"excerpt":{"rendered":"<p>&nbsp; Por: Luc\u00eda P. de Garc\u00eda Toronto.- Los Polos se derriten, s\u00ed. La causa es el cambio clim\u00e1tico. En el \u00c1rtico se manifiesta en el&hellip;<\/p>\n","protected":false},"author":99,"featured_media":518285,"comment_status":"open","ping_status":"open","sticky":false,"template":"","format":"standard","meta":{"footnotes":""},"categories":[21,11362],"tags":[],"class_list":["post-518284","post","type-post","status-publish","format-standard","has-post-thumbnail","hentry","category-canada","category-cronicas"],"_links":{"self":[{"href":"https:\/\/diarioelpopular.com\/index.php\/wp-json\/wp\/v2\/posts\/518284","targetHints":{"allow":["GET"]}}],"collection":[{"href":"https:\/\/diarioelpopular.com\/index.php\/wp-json\/wp\/v2\/posts"}],"about":[{"href":"https:\/\/diarioelpopular.com\/index.php\/wp-json\/wp\/v2\/types\/post"}],"author":[{"embeddable":true,"href":"https:\/\/diarioelpopular.com\/index.php\/wp-json\/wp\/v2\/users\/99"}],"replies":[{"embeddable":true,"href":"https:\/\/diarioelpopular.com\/index.php\/wp-json\/wp\/v2\/comments?post=518284"}],"version-history":[{"count":1,"href":"https:\/\/diarioelpopular.com\/index.php\/wp-json\/wp\/v2\/posts\/518284\/revisions"}],"predecessor-version":[{"id":518286,"href":"https:\/\/diarioelpopular.com\/index.php\/wp-json\/wp\/v2\/posts\/518284\/revisions\/518286"}],"wp:featuredmedia":[{"embeddable":true,"href":"https:\/\/diarioelpopular.com\/index.php\/wp-json\/wp\/v2\/media\/518285"}],"wp:attachment":[{"href":"https:\/\/diarioelpopular.com\/index.php\/wp-json\/wp\/v2\/media?parent=518284"}],"wp:term":[{"taxonomy":"category","embeddable":true,"href":"https:\/\/diarioelpopular.com\/index.php\/wp-json\/wp\/v2\/categories?post=518284"},{"taxonomy":"post_tag","embeddable":true,"href":"https:\/\/diarioelpopular.com\/index.php\/wp-json\/wp\/v2\/tags?post=518284"}],"curies":[{"name":"wp","href":"https:\/\/api.w.org\/{rel}","templated":true}]}}