{"id":518412,"date":"2024-05-29T09:53:29","date_gmt":"2024-05-29T13:53:29","guid":{"rendered":"https:\/\/diarioelpopular.com\/?p=518412"},"modified":"2024-05-29T09:53:29","modified_gmt":"2024-05-29T13:53:29","slug":"ya-hay-demasiado-mariconeo-el-polemico-comentario-sobre-los-seminaristas-homosexuales-por-el-que-el-papa-se-disculpo","status":"publish","type":"post","link":"https:\/\/diarioelpopular.com\/index.php\/2024\/05\/29\/ya-hay-demasiado-mariconeo-el-polemico-comentario-sobre-los-seminaristas-homosexuales-por-el-que-el-papa-se-disculpo\/","title":{"rendered":"&#8220;Ya hay demasiado mariconeo&#8221;: el pol\u00e9mico comentario sobre los seminaristas homosexuales por el que el Papa se disculp\u00f3"},"content":{"rendered":"<p><img loading=\"lazy\" decoding=\"async\" class=\"alignnone size-custom-full-size wp-image-518413\" src=\"https:\/\/diarioelpopular.com\/wp-content\/uploads\/2024\/05\/Screen-Shot-2024-05-29-at-9.52.45-AM-636x338.png\" alt=\"\" width=\"636\" height=\"338\" srcset=\"https:\/\/diarioelpopular.com\/wp-content\/uploads\/2024\/05\/Screen-Shot-2024-05-29-at-9.52.45-AM-636x338.png 636w, https:\/\/diarioelpopular.com\/wp-content\/uploads\/2024\/05\/Screen-Shot-2024-05-29-at-9.52.45-AM-300x160.png 300w, https:\/\/diarioelpopular.com\/wp-content\/uploads\/2024\/05\/Screen-Shot-2024-05-29-at-9.52.45-AM-768x409.png 768w, https:\/\/diarioelpopular.com\/wp-content\/uploads\/2024\/05\/Screen-Shot-2024-05-29-at-9.52.45-AM-137x73.png 137w, https:\/\/diarioelpopular.com\/wp-content\/uploads\/2024\/05\/Screen-Shot-2024-05-29-at-9.52.45-AM.png 1024w\" sizes=\"auto, (max-width: 636px) 100vw, 636px\" \/><\/p>\n<h5><em>Las palabras del Papa en una reuni\u00f3n privada causaron revuelo.<\/em><\/h5>\n<p>&nbsp;<\/p>\n<p>&nbsp;<\/p>\n<div class=\"bbc-19j92fr ebmt73l0\" dir=\"ltr\">\n<ul>\n<li class=\"bbc-hhl7in e17g058b0\" dir=\"ltr\"><em><b>El papa Francisco se disculp\u00f3 este martes tras revelarse que utiliz\u00f3 una expresi\u00f3n despectiva para referirse a los hombres homosexuales.<\/b><\/em><\/li>\n<\/ul>\n<\/div>\n<div class=\"bbc-19j92fr ebmt73l0\" dir=\"ltr\">\n<p dir=\"ltr\">\n<p class=\"bbc-hhl7in e17g058b0\" dir=\"ltr\">El Vaticano aleg\u00f3 en un comunicado que el pont\u00edfice no quiso ofender a nadie y pidi\u00f3 disculpas a aquellos que se hayan sentido &#8220;heridos por el uso de una palabra&#8221;.<\/p>\n<\/div>\n<div class=\"bbc-19j92fr ebmt73l0\" dir=\"ltr\">\n<p class=\"bbc-hhl7in e17g058b0\" dir=\"ltr\">Francisco habr\u00eda dicho en la Conferencia Episcopal Italiana que a los hombres homosexuales no se les deber\u00eda permitir ingresar a seminarios para el sacerdocio y puntualiz\u00f3 que all\u00ed ya hab\u00eda un aire\u00a0de\u00a0<i class=\"bbc-h1y5j7 eih42320\">frociaggine<\/i>, que podr\u00eda ser traducido como &#8220;mariconeo&#8221; o &#8220;mariconer\u00eda&#8221;.<\/p>\n<\/div>\n<div class=\"bbc-19j92fr ebmt73l0\" dir=\"ltr\">\n<p class=\"bbc-hhl7in e17g058b0\" dir=\"ltr\">Aunque fue una reuni\u00f3n privada, su contenido se difundi\u00f3 ampliamente.<\/p>\n<\/div>\n<section class=\"bbc-geybui\" role=\"region\" aria-label=\"Publicidad 2\" aria-hidden=\"true\" data-e2e=\"advertisement\"><\/section>\n<div class=\"bbc-19j92fr ebmt73l0\" dir=\"ltr\">\n<p class=\"bbc-hhl7in e17g058b0\" dir=\"ltr\">&#8220;El papa Francisco est\u00e1 al tanto de los art\u00edculos que han aparecido recientemente sobre una conversaci\u00f3n que tuvo con los obispos&#8230; a puerta cerrada&#8221;, declar\u00f3 Matteo Bruni, el director de la Santa Sede, \u00f3rgano rector de la Iglesia cat\u00f3lica, al que cita el comunicado.<\/p>\n<\/div>\n<div class=\"bbc-1n4f7vm ebmt73l0\" dir=\"ltr\"><\/div>\n<div class=\"bbc-19j92fr ebmt73l0\" dir=\"ltr\">\n<p class=\"bbc-hhl7in e17g058b0\" dir=\"ltr\">Los comentarios del Papa se publicaron por primera vez en el sitio web del portal italiano\u00a0<i class=\"bbc-h1y5j7 eih42320\">Dagospia<\/i>\u00a0y despu\u00e9s los confirmaron otros medios del pa\u00eds europeo.<\/p>\n<\/div>\n<div class=\"bbc-19j92fr ebmt73l0\" dir=\"ltr\">\n<p class=\"bbc-hhl7in e17g058b0\" dir=\"ltr\">Los t\u00e9rminos en los que supuestamente se expres\u00f3 han causado una fuerte pol\u00e9mica, en particular porque Francisco se ha mostrado p\u00fablicamente en favor de respetar a los homosexuales.<\/p>\n<\/div>\n<div class=\"bbc-19j92fr ebmt73l0\" dir=\"ltr\">\n<p class=\"bbc-hhl7in e17g058b0\" dir=\"ltr\">Bruni expres\u00f3: &#8220;Como \u00e9l [el Papa] ha declarado en m\u00e1s de una ocasi\u00f3n: &#8216;\u00a1En la Iglesia hay lugar para todos, para todos! Nadie es in\u00fatil ni superfluo,\u00a0hay lugar para todos, tal como somos'&#8221;.<\/p>\n<\/div>\n<div class=\"bbc-19j92fr ebmt73l0\" dir=\"ltr\">\n<p class=\"bbc-hhl7in e17g058b0\" dir=\"ltr\">Los progresistas partidarios del Papa han argumentado durante mucho tiempo que, aunque no ha cambiado demasiado la situaci\u00f3n de los derechos de los homosexuales en el catolicismo, s\u00ed lo ha hecho el tono y la actitud de la Iglesia.<\/p>\n<\/div>\n<div class=\"bbc-19j92fr ebmt73l0\" dir=\"ltr\">\n<p class=\"bbc-hhl7in e17g058b0\" dir=\"ltr\">Cuando se le pregunt\u00f3 acerca de los homosexuales al principio de su papado, su respuesta cop\u00f3 titulares: &#8220;\u00bfQui\u00e9n soy yo para juzgar?&#8221;.<\/p>\n<\/div>\n<div class=\"bbc-19j92fr ebmt73l0\" dir=\"ltr\">\n<p class=\"bbc-hhl7in e17g058b0\" dir=\"ltr\">M\u00e1s recientemente, el pont\u00edfice caus\u00f3 malestar entre los tradicionalistas cat\u00f3licos al afirmar que los sacerdotes deber\u00edan poder\u00a0bendecir a las parejas del mismo sexo\u00a0en algunas circunstancias, y ha comentado con frecuencia que los homosexuales son bienvenidos en la Iglesia.<\/p>\n<\/div>\n<div class=\"bbc-19j92fr ebmt73l0\" dir=\"ltr\">\n<p class=\"bbc-hhl7in e17g058b0\" dir=\"ltr\">Los defensores del Papa tambi\u00e9n han alegado que a veces comete\u00a0errores en las expresiones coloquiales en italiano\u00a0y sugieren que no apreci\u00f3 el nivel de ofensa que implicaba la expresi\u00f3n, pese a que creci\u00f3 en un hogar de habla italiana en Argentina.<\/p>\n<\/div>\n<div class=\"bbc-19j92fr ebmt73l0\" dir=\"ltr\">\n<p class=\"bbc-hhl7in e17g058b0\" dir=\"ltr\">&#8220;El Papa nunca tuvo intenci\u00f3n de ofender o utilizar un lenguaje homof\u00f3bico, y pide disculpas a todos los que se sintieron ofendidos, heridos, por el uso de una palabra&#8221;, sentenci\u00f3 Bruni.<\/p>\n<\/div>\n","protected":false},"excerpt":{"rendered":"<p>Las palabras del Papa en una reuni\u00f3n privada causaron revuelo. &nbsp; &nbsp; El papa Francisco se disculp\u00f3 este martes tras revelarse que utiliz\u00f3 una expresi\u00f3n&hellip;<\/p>\n","protected":false},"author":99,"featured_media":518413,"comment_status":"open","ping_status":"open","sticky":false,"template":"","format":"standard","meta":{"footnotes":""},"categories":[24],"tags":[],"class_list":["post-518412","post","type-post","status-publish","format-standard","has-post-thumbnail","hentry","category-mundo"],"_links":{"self":[{"href":"https:\/\/diarioelpopular.com\/index.php\/wp-json\/wp\/v2\/posts\/518412","targetHints":{"allow":["GET"]}}],"collection":[{"href":"https:\/\/diarioelpopular.com\/index.php\/wp-json\/wp\/v2\/posts"}],"about":[{"href":"https:\/\/diarioelpopular.com\/index.php\/wp-json\/wp\/v2\/types\/post"}],"author":[{"embeddable":true,"href":"https:\/\/diarioelpopular.com\/index.php\/wp-json\/wp\/v2\/users\/99"}],"replies":[{"embeddable":true,"href":"https:\/\/diarioelpopular.com\/index.php\/wp-json\/wp\/v2\/comments?post=518412"}],"version-history":[{"count":1,"href":"https:\/\/diarioelpopular.com\/index.php\/wp-json\/wp\/v2\/posts\/518412\/revisions"}],"predecessor-version":[{"id":518414,"href":"https:\/\/diarioelpopular.com\/index.php\/wp-json\/wp\/v2\/posts\/518412\/revisions\/518414"}],"wp:featuredmedia":[{"embeddable":true,"href":"https:\/\/diarioelpopular.com\/index.php\/wp-json\/wp\/v2\/media\/518413"}],"wp:attachment":[{"href":"https:\/\/diarioelpopular.com\/index.php\/wp-json\/wp\/v2\/media?parent=518412"}],"wp:term":[{"taxonomy":"category","embeddable":true,"href":"https:\/\/diarioelpopular.com\/index.php\/wp-json\/wp\/v2\/categories?post=518412"},{"taxonomy":"post_tag","embeddable":true,"href":"https:\/\/diarioelpopular.com\/index.php\/wp-json\/wp\/v2\/tags?post=518412"}],"curies":[{"name":"wp","href":"https:\/\/api.w.org\/{rel}","templated":true}]}}