{"id":518426,"date":"2024-05-30T09:55:33","date_gmt":"2024-05-30T13:55:33","guid":{"rendered":"https:\/\/diarioelpopular.com\/?p=518426"},"modified":"2024-05-30T09:55:33","modified_gmt":"2024-05-30T13:55:33","slug":"si-tiene-uno-de-estos-hehiculos-preparese-a-pagar-un-37-por-ciento-mas-por-el-seguro","status":"publish","type":"post","link":"https:\/\/diarioelpopular.com\/index.php\/2024\/05\/30\/si-tiene-uno-de-estos-hehiculos-preparese-a-pagar-un-37-por-ciento-mas-por-el-seguro\/","title":{"rendered":"Si tiene uno de estos heh\u00edculos, prep\u00e1rese a pagar un 37 por ciento m\u00e1s por el seguro"},"content":{"rendered":"<p><img loading=\"lazy\" decoding=\"async\" class=\"alignnone size-custom-full-size wp-image-518427\" src=\"https:\/\/diarioelpopular.com\/wp-content\/uploads\/2024\/05\/Screen-Shot-2024-05-30-at-9.55.01-AM-636x462.png\" alt=\"\" width=\"636\" height=\"462\" srcset=\"https:\/\/diarioelpopular.com\/wp-content\/uploads\/2024\/05\/Screen-Shot-2024-05-30-at-9.55.01-AM-636x462.png 636w, https:\/\/diarioelpopular.com\/wp-content\/uploads\/2024\/05\/Screen-Shot-2024-05-30-at-9.55.01-AM-300x218.png 300w, https:\/\/diarioelpopular.com\/wp-content\/uploads\/2024\/05\/Screen-Shot-2024-05-30-at-9.55.01-AM-768x557.png 768w, https:\/\/diarioelpopular.com\/wp-content\/uploads\/2024\/05\/Screen-Shot-2024-05-30-at-9.55.01-AM-101x73.png 101w, https:\/\/diarioelpopular.com\/wp-content\/uploads\/2024\/05\/Screen-Shot-2024-05-30-at-9.55.01-AM.png 1024w\" sizes=\"auto, (max-width: 636px) 100vw, 636px\" \/><\/p>\n<p>&nbsp;<\/p>\n<p>&nbsp;<\/p>\n<ul>\n<li><em><strong>La alarmante crisis de robo de autom\u00f3viles en Canad\u00e1 est\u00e1 afectando a millones de personas, incluso a aquellos cuyos autom\u00f3viles no son robados.<\/strong><\/em><\/li>\n<\/ul>\n<p>&nbsp;<\/p>\n<p><em><strong>OTTAWA.-<\/strong><\/em> Seg\u00fan la Oficina de Seguros de Canad\u00e1 (IBC), en 2023 las compa\u00f1\u00edas de seguros se vieron afectadas por m\u00e1s de 1.500 millones de d\u00f3lares en reclamaciones para reemplazar veh\u00edculos robados, lo que marca el segundo a\u00f1o consecutivo en que las reclamaciones por robo de autom\u00f3viles superaron la marca de los 1.000 millones de d\u00f3lares. La cifra de 2023 supone un aumento del 254 por ciento con respecto a los casi 440 millones de d\u00f3lares reclamados en 2018.<\/p>\n<p>Para compensar las p\u00e9rdidas, las compa\u00f1\u00edas de seguros est\u00e1n aumentando el precio de las primas para los clientes, en particular aquellos que conducen los veh\u00edculos m\u00e1s com\u00fanmente robados.<\/p>\n<p>Daniel Ivans es experto en seguros de RATESDOTCA. En una declaraci\u00f3n a CTVNews.ca, dijo que la medida de las aseguradoras es un resultado predecible que recae sobre todos los conductores.<\/p>\n<p>&#8220;Las altas tasas de robo de autom\u00f3viles contin\u00faan elevando los precios de las primas a medida que las aseguradoras intentan equilibrar los costos de siniestros sin precedentes&#8221;, dijo Ivans. &#8220;Para los conductores de veh\u00edculos com\u00fanmente robados, es a\u00fan m\u00e1s importante comparar precios de seguros de autom\u00f3viles, ya que los precios pueden variar ampliamente de una aseguradora a otra, dependiendo de los costos de las reclamaciones y de c\u00f3mo calculan el riesgo&#8221;.<\/p>\n<p><em><strong>\u00bfQu\u00e9 veh\u00edculos?<\/strong><\/em><br \/>\nLos conductores de un Honda Accord, CR-V o Civic, un Ford F-150, un Toyota Highlander o un RAV4 enfrentan un aumento del 37 o m\u00e1s por ciento sobre el costo promedio de la prima integral, seg\u00fan datos de RATESDOTCA.<\/p>\n<p>En anuncios de financiaci\u00f3n separados en febrero pasado, el gobierno federal dijo que destinar\u00eda casi 43 millones de d\u00f3lares a combatir el aumento de los robos de autom\u00f3viles. El Ministro de Seguridad P\u00fablica, Dominic LeBlanc, dijo que ayudar a la polic\u00eda local desempe\u00f1a un &#8220;papel crucial&#8221; en la lucha contra la mafia del robo de autom\u00f3viles.<\/p>\n<p>Liam McGuinty, vicepresidente de estrategia de IBC, dice que estas cifras indican que la crisis est\u00e1 pasando factura al bienestar de los ciudadanos de bien y est\u00e1 imponiendo una pesada carga a las fuerzas del orden.<\/p>\n<p>&#8220;La crisis de robo de autom\u00f3viles en Canad\u00e1 est\u00e1 ejerciendo presi\u00f3n sobre las primas de seguro de los conductores&#8221;, dijo McGuinty en un comunicado de prensa. &#8220;A medida que el robo de autom\u00f3viles contin\u00faa aumentando, tambi\u00e9n lo hacen los costos asociados. El robo de autom\u00f3viles no es un delito sin v\u00edctimas&#8221;.<\/p>\n<p><em><strong>\u00bfD\u00f3nde est\u00e1n los robos?<\/strong><\/em><br \/>\nLa mayor\u00eda de los robos de autom\u00f3viles ocurren en Ontario. Solo en 2022, la provincia represent\u00f3 casi 700 millones de d\u00f3lares de los mil millones de d\u00f3lares en reclamaciones por robo, casi un 300 por ciento m\u00e1s que en 2018, seg\u00fan el IBC. Al a\u00f1o siguiente, Ontario se convirti\u00f3 en la primera provincia en alcanzar la marca de mil millones de d\u00f3lares en costos de reclamaciones por robo de autom\u00f3viles.<\/p>\n<p>En mayo de 2023, el gobierno de Ontario anunci\u00f3 que proporcionar\u00eda 51 millones de d\u00f3lares para ayudar a la polic\u00eda a desmantelar lo que describi\u00f3 como &#8220;redes de crimen organizado&#8221; que orquestan los robos.<\/p>\n<p>En todo Ontario, hubo un aumento del 72 por ciento en el robo de autom\u00f3viles de 2014 a 2021 y un aumento del 14 por ciento en 2022, seg\u00fan la provincia.<\/p>\n","protected":false},"excerpt":{"rendered":"<p>&nbsp; &nbsp; La alarmante crisis de robo de autom\u00f3viles en Canad\u00e1 est\u00e1 afectando a millones de personas, incluso a aquellos cuyos autom\u00f3viles no son robados.&hellip;<\/p>\n","protected":false},"author":99,"featured_media":518427,"comment_status":"open","ping_status":"open","sticky":false,"template":"","format":"standard","meta":{"footnotes":""},"categories":[21],"tags":[],"class_list":["post-518426","post","type-post","status-publish","format-standard","has-post-thumbnail","hentry","category-canada"],"_links":{"self":[{"href":"https:\/\/diarioelpopular.com\/index.php\/wp-json\/wp\/v2\/posts\/518426","targetHints":{"allow":["GET"]}}],"collection":[{"href":"https:\/\/diarioelpopular.com\/index.php\/wp-json\/wp\/v2\/posts"}],"about":[{"href":"https:\/\/diarioelpopular.com\/index.php\/wp-json\/wp\/v2\/types\/post"}],"author":[{"embeddable":true,"href":"https:\/\/diarioelpopular.com\/index.php\/wp-json\/wp\/v2\/users\/99"}],"replies":[{"embeddable":true,"href":"https:\/\/diarioelpopular.com\/index.php\/wp-json\/wp\/v2\/comments?post=518426"}],"version-history":[{"count":1,"href":"https:\/\/diarioelpopular.com\/index.php\/wp-json\/wp\/v2\/posts\/518426\/revisions"}],"predecessor-version":[{"id":518428,"href":"https:\/\/diarioelpopular.com\/index.php\/wp-json\/wp\/v2\/posts\/518426\/revisions\/518428"}],"wp:featuredmedia":[{"embeddable":true,"href":"https:\/\/diarioelpopular.com\/index.php\/wp-json\/wp\/v2\/media\/518427"}],"wp:attachment":[{"href":"https:\/\/diarioelpopular.com\/index.php\/wp-json\/wp\/v2\/media?parent=518426"}],"wp:term":[{"taxonomy":"category","embeddable":true,"href":"https:\/\/diarioelpopular.com\/index.php\/wp-json\/wp\/v2\/categories?post=518426"},{"taxonomy":"post_tag","embeddable":true,"href":"https:\/\/diarioelpopular.com\/index.php\/wp-json\/wp\/v2\/tags?post=518426"}],"curies":[{"name":"wp","href":"https:\/\/api.w.org\/{rel}","templated":true}]}}