{"id":518444,"date":"2024-05-31T09:51:11","date_gmt":"2024-05-31T13:51:11","guid":{"rendered":"https:\/\/diarioelpopular.com\/?p=518444"},"modified":"2024-05-31T09:51:11","modified_gmt":"2024-05-31T13:51:11","slug":"premier-ford-culpa-a-ciertos-inmigrantes-del-tiroteo-en-una-escuela-judia","status":"publish","type":"post","link":"https:\/\/diarioelpopular.com\/index.php\/2024\/05\/31\/premier-ford-culpa-a-ciertos-inmigrantes-del-tiroteo-en-una-escuela-judia\/","title":{"rendered":"Premier Ford culpa a ciertos inmigrantes del tiroteo en una escuela jud\u00eda"},"content":{"rendered":"<p><img loading=\"lazy\" decoding=\"async\" class=\"alignnone size-custom-full-size wp-image-518445\" src=\"https:\/\/diarioelpopular.com\/wp-content\/uploads\/2024\/05\/Screen-Shot-2024-05-31-at-9.50.46-AM-636x464.png\" alt=\"\" width=\"636\" height=\"464\" srcset=\"https:\/\/diarioelpopular.com\/wp-content\/uploads\/2024\/05\/Screen-Shot-2024-05-31-at-9.50.46-AM-636x464.png 636w, https:\/\/diarioelpopular.com\/wp-content\/uploads\/2024\/05\/Screen-Shot-2024-05-31-at-9.50.46-AM-300x219.png 300w, https:\/\/diarioelpopular.com\/wp-content\/uploads\/2024\/05\/Screen-Shot-2024-05-31-at-9.50.46-AM-768x560.png 768w, https:\/\/diarioelpopular.com\/wp-content\/uploads\/2024\/05\/Screen-Shot-2024-05-31-at-9.50.46-AM-100x73.png 100w, https:\/\/diarioelpopular.com\/wp-content\/uploads\/2024\/05\/Screen-Shot-2024-05-31-at-9.50.46-AM.png 1024w\" sizes=\"auto, (max-width: 636px) 100vw, 636px\" \/><\/p>\n<p>&nbsp;<\/p>\n<p><em><strong>Comentarios destinados a &#8216;enfatizar que hay m\u00e1s cosas que nos unen que las que nos dividen&#8217;: premier<\/strong><\/em><\/p>\n<p>&nbsp;<\/p>\n<p>El premier de Ontario, Doug Ford, sugiri\u00f3 este jueves que determinados inmigrantes fueron responsables del tiroteo en una escuela primaria para ni\u00f1as jud\u00edas en North York el fin de semana pasado, a pesar de que la polic\u00eda dijo que ten\u00eda poca informaci\u00f3n sobre los sospechosos.<\/p>\n<p>Hablando junto al primer ministro Justin Trudeau en un anuncio no relacionado en Toronto, ambos l\u00edderes condenaron el tiroteo en la escuela Bais Chaya Mushka en las primeras horas de la ma\u00f1ana del pasado s\u00e1bado.<\/p>\n<p>&#8220;\u00bfQu\u00e9 lun\u00e1tico anda disparando en escuelas? Eso es simplemente inaceptable&#8221;, dijo Ford.<\/p>\n<p>&#8220;Estos tipos necesitan ser atrapados, castigados, encarcelados. Y tengo tolerancia cero para esto en cualquier lugar de Ontario&#8221;, continu\u00f3.<\/p>\n<p>Cuando un periodista le pregunt\u00f3 c\u00f3mo sus gobiernos est\u00e1n defendiendo a las comunidades jud\u00edas en medio de un aumento de los cr\u00edmenes de odio antisemitas, Ford dio a entender que determinados grupos de inmigrantes estaban detr\u00e1s del tiroteo.<\/p>\n<p>&#8220;No importa de qu\u00e9 raza, de qu\u00e9 credo, de qu\u00e9 religi\u00f3n sean, yo dir\u00eda exactamente lo mismo si fuera otra comunidad tambi\u00e9n. Ya esto es suficiente. Est\u00e1n trayendo sus problemas de todas partes del mundo, tray\u00e9ndolos a Ontario y perseguir a otros canadienses&#8221;, dijo.<\/p>\n<p>&#8220;Eso es inaceptable. Tengo una sugerencia: antes de que planees mudarte a Canad\u00e1, no vengas si vas a aterrorizar vecindarios como este. Es as\u00ed de simple. \u00bfQuieres ser residente de Ontario? Te llevas bien con todos&#8221;. &#8220;, continu\u00f3 Ford.<\/p>\n<p>Ford continu\u00f3 diciendo que la diversidad es el &#8220;punto de venta n\u00famero uno de Ontario en todo el mundo&#8221; y que aqu\u00ed se han establecido personas de 110 nacionalidades diferentes.<\/p>\n<p>&#8220;\u00bfY adivinen qu\u00e9? El noventa y nueve por ciento de la gente se lleva bien. Hay guerras en todo el mundo, pero todav\u00eda nos llevamos bien&#8221;, dijo.<\/p>\n<p><em><strong>L\u00edderes y defensores de la oposici\u00f3n piden disculpas<\/strong><\/em><br \/>\nTal cual era de esperarse, los comentarios de Ford provocaron cr\u00edticas, incluso de la l\u00edder de la oposici\u00f3n del NDP, Marit Stiles, quien dijo en X, antes Twitter, que estaba &#8220;horrorizada por los comentarios racistas del premier&#8221; y lo inst\u00f3 a disculparse. Por el contrario muchos opinan que sus palabras han hecho eco en la realidad de la situaci\u00f3n que se vive.<\/p>\n<p>&#8220;Combatir el odio con odio nunca ha funcionado. Luchar contra el antisemitismo con xenofobia no mantendr\u00e1 seguras a las comunidades&#8221;, afirm\u00f3.<\/p>\n<p>El l\u00edder del Partido Verde, Mike Schreiner, calific\u00f3 de peligrosos los comentarios de Ford.<\/p>\n<p>&#8220;Est\u00e1 inflamando el sentimiento antiinmigrante sin ninguna prueba que respalde las afirmaciones que hace hoy&#8221;, dijo Schreiner. &#8220;Eso es completamente irresponsable. Est\u00e1 por debajo de la dignidad de un premier y creo que deber\u00eda disculparse&#8221;.<\/p>\n<p>&#8220;Los comentarios de Doug Ford son una verg\u00fcenza&#8221;, dijo la presidenta de la OFL, Laura Walton, en un comunicado de prensa.<\/p>\n<p>&#8220;A ra\u00edz de la tr\u00e1gica violencia vivida por Bais Chaya Mushka el s\u00e1bado, necesitamos l\u00edderes que construyan unidad, no divisi\u00f3n&#8221;.<\/p>\n<p>Syed Hussan, director ejecutivo del grupo de defensa The Migrant Workers Alliance, dijo a CBC Toronto que los comentarios de Ford son &#8220;una forma de avivar las llamas del racismo y la divisi\u00f3n&#8221;, particularmente antes de cualquier elecci\u00f3n federal o provincial.<\/p>\n<p>&#8220;Creo que esto no es de ninguna manera un comentario improvisado&#8221;, dijo.<\/p>\n<p>&#8220;Est\u00e1 diciendo que todos somos colectivamente responsables de esto. Y el efecto en cadena, por supuesto, ser\u00e1 un aumento de los ataques y abusos en nuestras comunidades&#8221;.<\/p>\n<p>Tras las cr\u00edticas, Ford dijo en X: &#8220;Ontario es el mejor lugar del mundo debido a nuestra diversidad.<\/p>\n<p>&#8220;Mis comentarios de hoy quisieron enfatizar que hay m\u00e1s cosas que nos unen que las que nos dividen&#8221;, dijo. &#8220;Si bien siempre habr\u00e1 lugar para el desacuerdo, los actos violentos dirigidos a religiones o etnias espec\u00edficas no reflejan qui\u00e9nes somos ni los valores que representan nuestra provincia&#8221;.<\/p>\n<p><em><strong>La polic\u00eda de Toronto investiga<\/strong><\/em><br \/>\nEl tiroteo del pasado s\u00e1bado provoc\u00f3 una fuerte condena de pol\u00edticos y l\u00edderes comunitarios. El lunes se llev\u00f3 a cabo una manifestaci\u00f3n de apoyo frente a la escuela.<\/p>\n<p>El grupo de trabajo sobre armas y pandillas de la polic\u00eda de Toronto y la unidad de delitos de odio est\u00e1n investigando el tiroteo. Sin embargo, los investigadores no han identificado p\u00fablicamente a ning\u00fan sospechoso.<\/p>\n<p>En un comunicado el jueves, la polic\u00eda de Toronto dijo que la investigaci\u00f3n est\u00e1 en curso y no se han realizado arrestos.<\/p>\n<p>&#8220;Con respecto al estatus migratorio, esta no es informaci\u00f3n que rastreamos ni revelamos el estatus migratorio de sospechosos o v\u00edctimas&#8221;, dijo un portavoz.<\/p>\n<p>CBC Toronto contact\u00f3 a la oficina de Ford para preguntar si el premier ten\u00eda m\u00e1s informaci\u00f3n sobre el tiroteo o si le gustar\u00eda aclarar sus comentarios, y recibi\u00f3 una breve respuesta por correo electr\u00f3nico.<\/p>\n<p>&#8220;El premier fue claro: si est\u00e1s en Ontario, tenemos tolerancia cero para este tipo de comportamiento. Estas acciones no reflejan los valores canadienses&#8221;, dijo Caitlin Clark, directora de comunicaciones de Ford.<\/p>\n<p>A principios de esta semana, la polic\u00eda dijo que un video de seguridad mostraba un veh\u00edculo de color oscuro detenido frente a la escuela y dos sospechosos abrieron fuego.<\/p>\n<p>Las estad\u00edsticas m\u00e1s recientes de la polic\u00eda de Toronto, publicadas en marzo, mostraron que la ciudad ha experimentado un fuerte aumento en los delitos de odio denunciados desde el inicio de la guerra entre Israel y Hamas. En ese momento, el jefe de polic\u00eda de Toronto, Myron Demkiw, dijo que el 56 por ciento de todos los delitos de odio denunciados en 2024 eran de naturaleza antisemtica.<\/p>\n<p><em><strong>Los comentarios son prematuros, dice el cr\u00edtico<\/strong><\/em><br \/>\nEsta no es la primera vez que Ford interviene en un caso antes de que todos los hechos hayan salido a la luz.<\/p>\n<p>En 2021, el oficial de polic\u00eda de Toronto Jeffrey Northrup muri\u00f3 despu\u00e9s de ser atropellado en un estacionamiento subterr\u00e1neo y los investigadores acusaron a Umar Zameer de asesinato en primer grado por su muerte.<\/p>\n<p>Zameer, que en ese momento estaba con su esposa embarazada y su hijo de dos a\u00f1os, testific\u00f3 en el juicio que no sab\u00eda que Northrup y su pareja, ambos vestidos de civil, eran agentes de polic\u00eda. Zameer testific\u00f3 que trat\u00f3 de escapar de la manera m\u00e1s segura posible de lo que cre\u00eda que era un ataque a su familia despu\u00e9s de que dos extra\u00f1os corrieron hacia su autom\u00f3vil y lo golpearon.<\/p>\n<p>Ford arremeti\u00f3 despu\u00e9s de que a Zameer se le concediera la libertad bajo fianza al principio del caso. El premier dijo en las redes sociales que la decisi\u00f3n de la libertad bajo fianza era &#8220;completamente inaceptable&#8221;. Ford inicialmente describi\u00f3 a Zameer como &#8220;la persona responsable de este crimen atroz&#8221;, pero luego lo cambi\u00f3 por &#8220;la persona acusada&#8221;.<\/p>\n<p>En abril, un jurado declar\u00f3 inocente a Zameer.<\/p>\n<p>Tras el veredicto, Ford dijo que no ten\u00eda toda la informaci\u00f3n en el momento en que hizo esas declaraciones.<\/p>\n<p>El l\u00edder parlamentario del Partido Liberal de Ontario, John Fraser, dijo que el premier debe evitar opinar sobre casos en los que se sabe poco.<\/p>\n<p>&#8220;No ha aprendido nada desde sus comentarios sobre Umar Zameer, y cu\u00e1nto afect\u00f3 a ese hombre y a esa familia&#8221;, dijo Fraser.<\/p>\n<p>&#8220;Es trabajo de un premier mantener la calma y ser la voz de la raz\u00f3n y lo que realmente deber\u00eda decir es &#8216;vamos a hacer todo lo posible para proteger a cualquier comunidad que se vea afectada por el odio de otros'&#8221;.<\/p>\n","protected":false},"excerpt":{"rendered":"<p>&nbsp; Comentarios destinados a &#8216;enfatizar que hay m\u00e1s cosas que nos unen que las que nos dividen&#8217;: premier &nbsp; El premier de Ontario, Doug Ford,&hellip;<\/p>\n","protected":false},"author":99,"featured_media":518445,"comment_status":"open","ping_status":"open","sticky":false,"template":"","format":"standard","meta":{"footnotes":""},"categories":[21],"tags":[],"class_list":["post-518444","post","type-post","status-publish","format-standard","has-post-thumbnail","hentry","category-canada"],"_links":{"self":[{"href":"https:\/\/diarioelpopular.com\/index.php\/wp-json\/wp\/v2\/posts\/518444","targetHints":{"allow":["GET"]}}],"collection":[{"href":"https:\/\/diarioelpopular.com\/index.php\/wp-json\/wp\/v2\/posts"}],"about":[{"href":"https:\/\/diarioelpopular.com\/index.php\/wp-json\/wp\/v2\/types\/post"}],"author":[{"embeddable":true,"href":"https:\/\/diarioelpopular.com\/index.php\/wp-json\/wp\/v2\/users\/99"}],"replies":[{"embeddable":true,"href":"https:\/\/diarioelpopular.com\/index.php\/wp-json\/wp\/v2\/comments?post=518444"}],"version-history":[{"count":1,"href":"https:\/\/diarioelpopular.com\/index.php\/wp-json\/wp\/v2\/posts\/518444\/revisions"}],"predecessor-version":[{"id":518446,"href":"https:\/\/diarioelpopular.com\/index.php\/wp-json\/wp\/v2\/posts\/518444\/revisions\/518446"}],"wp:featuredmedia":[{"embeddable":true,"href":"https:\/\/diarioelpopular.com\/index.php\/wp-json\/wp\/v2\/media\/518445"}],"wp:attachment":[{"href":"https:\/\/diarioelpopular.com\/index.php\/wp-json\/wp\/v2\/media?parent=518444"}],"wp:term":[{"taxonomy":"category","embeddable":true,"href":"https:\/\/diarioelpopular.com\/index.php\/wp-json\/wp\/v2\/categories?post=518444"},{"taxonomy":"post_tag","embeddable":true,"href":"https:\/\/diarioelpopular.com\/index.php\/wp-json\/wp\/v2\/tags?post=518444"}],"curies":[{"name":"wp","href":"https:\/\/api.w.org\/{rel}","templated":true}]}}