{"id":518477,"date":"2024-06-01T09:04:00","date_gmt":"2024-06-01T13:04:00","guid":{"rendered":"https:\/\/diarioelpopular.com\/?p=518477"},"modified":"2024-06-01T09:04:15","modified_gmt":"2024-06-01T13:04:15","slug":"518477","status":"publish","type":"post","link":"https:\/\/diarioelpopular.com\/index.php\/2024\/06\/01\/518477\/","title":{"rendered":"Medio bill\u00f3n para eliminar el retraso de los mexicanos solicitantes de asilo"},"content":{"rendered":"<p><img loading=\"lazy\" decoding=\"async\" class=\"alignnone size-custom-full-size wp-image-518478\" src=\"https:\/\/diarioelpopular.com\/wp-content\/uploads\/2024\/06\/Screen-Shot-2024-06-01-at-9.03.15-AM-636x442.png\" alt=\"\" width=\"636\" height=\"442\" srcset=\"https:\/\/diarioelpopular.com\/wp-content\/uploads\/2024\/06\/Screen-Shot-2024-06-01-at-9.03.15-AM-636x442.png 636w, https:\/\/diarioelpopular.com\/wp-content\/uploads\/2024\/06\/Screen-Shot-2024-06-01-at-9.03.15-AM-300x209.png 300w, https:\/\/diarioelpopular.com\/wp-content\/uploads\/2024\/06\/Screen-Shot-2024-06-01-at-9.03.15-AM-768x534.png 768w, https:\/\/diarioelpopular.com\/wp-content\/uploads\/2024\/06\/Screen-Shot-2024-06-01-at-9.03.15-AM-80x55.png 80w, https:\/\/diarioelpopular.com\/wp-content\/uploads\/2024\/06\/Screen-Shot-2024-06-01-at-9.03.15-AM-105x73.png 105w, https:\/\/diarioelpopular.com\/wp-content\/uploads\/2024\/06\/Screen-Shot-2024-06-01-at-9.03.15-AM.png 966w\" sizes=\"auto, (max-width: 636px) 100vw, 636px\" \/><\/p>\n<p>&nbsp;<\/p>\n<p>&nbsp;<\/p>\n<ul>\n<li><em><strong>Eliminar el retraso de los ciudadanos mexicanos que han solicitado asilo en Canad\u00e1 durante los \u00faltimos cinco a\u00f1os le costar\u00e1 a los contribuyentes aproximadamente 500 millones de d\u00f3lares, seg\u00fan un informe del funcionario de presupuesto parlamentario<\/strong><\/em><\/li>\n<\/ul>\n<p>&nbsp;<\/p>\n<p><em><strong>OTTAWA.-<\/strong><\/em> Es un precio que el ministro de Inmigraci\u00f3n, Marc Miller, dice que Canad\u00e1 \u201cprobablemente no deber\u00eda haber tenido que asumir en principio\u201d.<\/p>\n<p>La PBO examin\u00f3 el costo de procesar las solicitudes de asilo presentadas por personas que llegaron a Canad\u00e1 utilizando un documento f\u00e1cil de obtener, conocido como Autorizaci\u00f3n Electr\u00f3nica de Viaje (eTa), a diferencia de una visa tradicional.<\/p>\n<p>\u201cLa solicitud de eTA requiere una tarifa de $7 y se completa en l\u00ednea, y la mayor\u00eda de las solicitudes se aprueban en minutos\u201d, se lee en el informe.<\/p>\n<p>La PBO estima que el gobierno federal est\u00e1 gastando 455 millones de d\u00f3lares en procesar estas reclamaciones. El costo promedio es de $16,500, pero oscilaba entre $9,055 y $40,814.<\/p>\n<p>\u201cUn gran n\u00famero de esos costos est\u00e1n asociados con M\u00e9xico [solicitudes de asilo]\u201d, dijo Miller.<br \/>\nEn febrero pasado, el gobierno federal reintrodujo el requisito de visa para los nacionales mexicanos.<\/p>\n<p>Las solicitudes de asilo de ese pa\u00eds se salieron de control y alcanzaron un nivel r\u00e9cord el a\u00f1o pasado, pero m\u00e1s del 60 por ciento fueron rechazadas o retiradas.<\/p>\n<p>&#8220;Lo que encontramos con los demandantes mexicanos es que una gran parte no ten\u00eda derecho a ello, y ese es un cargo en el sistema que posiblemente no deber\u00edamos haber tenido que asumir en primer lugar&#8221;, dijo Miller a los periodistas en una conferencia de prensa en Montr\u00e9al.<\/p>\n<p><em><strong>&#8220;La reimposici\u00f3n de la visa fue algo bueno&#8221;<\/strong><\/em><\/p>\n<p>El an\u00e1lisis de la PBO s\u00f3lo se realiz\u00f3 hasta principios de este a\u00f1o. Durante los primeros dos meses del a\u00f1o, los ciudadanos mexicanos todav\u00eda pod\u00edan ingresar a Canad\u00e1 con una eTA.<\/p>\n<p>\u201cLos solicitantes de asilo que llegan a Canad\u00e1 con una Autorizaci\u00f3n Electr\u00f3nica de Viaje (eTA) son el grupo de m\u00e1s r\u00e1pido crecimiento en comparaci\u00f3n con los solicitantes con otros tipos de autorizaciones para ingresar a Canad\u00e1 (como visas)\u201d, dice el informe de la PBO.<\/p>\n<p>A\u00f1ade que el restablecimiento del requisito de visa probablemente reducir\u00e1 los costos.<\/p>\n<p>\u201cDado que los solicitantes de asilo cuyo pa\u00eds de presunto procesamiento es M\u00e9xico representan la mayor parte de las solicitudes de asilo recientes, esto podr\u00eda afectar significativamente los tiempos de procesamiento futuros, as\u00ed como el retraso, y por lo tanto afectar el costo por solicitante\u201d.<\/p>\n<p>En 2016, el primer ministro Justin Trudeau elimin\u00f3 el requisito de visa para los ciudadanos mexicanos que vienen a Canad\u00e1.<\/p>\n<p>Chris Alexander, quien fue ministro de Inmigraci\u00f3n durante el gobierno de Stephen Harper, dijo que eso fue un gran error en una entrevista con Global News el mes pasado.<\/p>\n<p>\u201cEl asesoramiento profesional del departamento estaba en contra. Los criterios que hab\u00edamos establecido como pa\u00eds para eliminar los requisitos de visa estaban en contra\u201d, dijo Alexander.<\/p>\n<p>La PBO solo revis\u00f3 el flujo eTA, que representa el 17 por ciento de las solicitudes de asilo.<\/p>\n<p>El n\u00famero total de solicitudes de asilo ha aumentado desde 2016 y alcanz\u00f3 un r\u00e9cord de 144.860 el a\u00f1o pasado.<\/p>\n<p>La Junta de Inmigraci\u00f3n y Refugiados, que maneja los casos, ha visto un aumento del 75 por ciento en las solicitudes durante los primeros cuatro meses de 2024, en comparaci\u00f3n con el mismo per\u00edodo del a\u00f1o pasado.<\/p>\n<p>&#8220;Estoy enormemente preocupado por esto&#8221;, dijo el abogado de inmigraci\u00f3n y refugiados Robert Israel Blanshay. \u201cEstoy ansioso por leer algo de la Junta de Inmigraci\u00f3n y Refugiados sobre c\u00f3mo planean absorber este salto\u201d.<\/p>\n<p>Los liberales han reservado casi 750 millones de d\u00f3lares para tratar de eliminar el retraso.<\/p>\n<p>\u201cPodr\u00eda haber un flujo acelerado para usar. Y creo que la Junta de Inmigraci\u00f3n y Refugiados est\u00e1 buscando formas de hacerlo\u201d, dijo Blanshay.<\/p>\n<p>&#8220;Pero no estoy tan seguro de qu\u00e9 tan cerca est\u00e1n de una soluci\u00f3n&#8221;.<\/p>\n","protected":false},"excerpt":{"rendered":"<p>&nbsp; &nbsp; Eliminar el retraso de los ciudadanos mexicanos que han solicitado asilo en Canad\u00e1 durante los \u00faltimos cinco a\u00f1os le costar\u00e1 a los contribuyentes&hellip;<\/p>\n","protected":false},"author":99,"featured_media":518478,"comment_status":"open","ping_status":"open","sticky":false,"template":"","format":"standard","meta":{"footnotes":""},"categories":[21,11191],"tags":[],"class_list":["post-518477","post","type-post","status-publish","format-standard","has-post-thumbnail","hentry","category-canada","category-top-news"],"_links":{"self":[{"href":"https:\/\/diarioelpopular.com\/index.php\/wp-json\/wp\/v2\/posts\/518477","targetHints":{"allow":["GET"]}}],"collection":[{"href":"https:\/\/diarioelpopular.com\/index.php\/wp-json\/wp\/v2\/posts"}],"about":[{"href":"https:\/\/diarioelpopular.com\/index.php\/wp-json\/wp\/v2\/types\/post"}],"author":[{"embeddable":true,"href":"https:\/\/diarioelpopular.com\/index.php\/wp-json\/wp\/v2\/users\/99"}],"replies":[{"embeddable":true,"href":"https:\/\/diarioelpopular.com\/index.php\/wp-json\/wp\/v2\/comments?post=518477"}],"version-history":[{"count":2,"href":"https:\/\/diarioelpopular.com\/index.php\/wp-json\/wp\/v2\/posts\/518477\/revisions"}],"predecessor-version":[{"id":518480,"href":"https:\/\/diarioelpopular.com\/index.php\/wp-json\/wp\/v2\/posts\/518477\/revisions\/518480"}],"wp:featuredmedia":[{"embeddable":true,"href":"https:\/\/diarioelpopular.com\/index.php\/wp-json\/wp\/v2\/media\/518478"}],"wp:attachment":[{"href":"https:\/\/diarioelpopular.com\/index.php\/wp-json\/wp\/v2\/media?parent=518477"}],"wp:term":[{"taxonomy":"category","embeddable":true,"href":"https:\/\/diarioelpopular.com\/index.php\/wp-json\/wp\/v2\/categories?post=518477"},{"taxonomy":"post_tag","embeddable":true,"href":"https:\/\/diarioelpopular.com\/index.php\/wp-json\/wp\/v2\/tags?post=518477"}],"curies":[{"name":"wp","href":"https:\/\/api.w.org\/{rel}","templated":true}]}}