{"id":518521,"date":"2024-06-04T09:22:02","date_gmt":"2024-06-04T13:22:02","guid":{"rendered":"https:\/\/diarioelpopular.com\/?p=518521"},"modified":"2024-06-04T09:22:02","modified_gmt":"2024-06-04T13:22:02","slug":"cronicas-alice-munro","status":"publish","type":"post","link":"https:\/\/diarioelpopular.com\/index.php\/2024\/06\/04\/cronicas-alice-munro\/","title":{"rendered":"CR\u00d3NICAS. Alice Munro"},"content":{"rendered":"<p><img loading=\"lazy\" decoding=\"async\" class=\"alignnone size-custom-full-size wp-image-518522\" src=\"https:\/\/diarioelpopular.com\/wp-content\/uploads\/2024\/06\/Screen-Shot-2024-06-04-at-9.21.07-AM-636x464.png\" alt=\"\" width=\"636\" height=\"464\" srcset=\"https:\/\/diarioelpopular.com\/wp-content\/uploads\/2024\/06\/Screen-Shot-2024-06-04-at-9.21.07-AM-636x464.png 636w, https:\/\/diarioelpopular.com\/wp-content\/uploads\/2024\/06\/Screen-Shot-2024-06-04-at-9.21.07-AM-300x219.png 300w, https:\/\/diarioelpopular.com\/wp-content\/uploads\/2024\/06\/Screen-Shot-2024-06-04-at-9.21.07-AM-768x561.png 768w, https:\/\/diarioelpopular.com\/wp-content\/uploads\/2024\/06\/Screen-Shot-2024-06-04-at-9.21.07-AM-100x73.png 100w, https:\/\/diarioelpopular.com\/wp-content\/uploads\/2024\/06\/Screen-Shot-2024-06-04-at-9.21.07-AM.png 1024w\" sizes=\"auto, (max-width: 636px) 100vw, 636px\" \/><\/p>\n<p>&nbsp;<\/p>\n<p class=\"p1\"><em><strong>Por: Luc\u00eda P. de Garc\u00eda<\/strong><\/em><\/p>\n<p class=\"p1\"><em><strong>Toronto.-<\/strong><\/em> Conocida mundialmente como la \u201cCh\u00e9jov canadiense\u201d por su don de escribir cuentos,<span class=\"Apple-converted-space\">\u00a0 <\/span>Alice Munro falleci\u00f3 hace casi un mes luego de una vida prol\u00edfera, durante la cual present\u00f3 a sus lectores con sencillez y claridad historias contradictorias de moral, sexualidad femenina, emociones, sentimientos. Su obra se ubica en el Realismo Psicosocial moderno, con personajes que emergen de su vida rural en la provincia de Ontario y de la influencia citadina de Vancouver y Victoria, British Columbia. Ella resaltar\u00eda orgullosa que en esencia \u201cera ama de casa, as\u00ed que aprend\u00ed a escribir en los ratos libres\u201d.<\/p>\n<p class=\"p1\">Alice Ann Lainlaw naci\u00f3 en Wingham, Ontario, el 10 de julio de 1931, como hija mayor de Robert y Alice Laidlaw, granjero y maestra de escuela respectivamente. Creci\u00f3 bajo las limitaciones de la \u00e9poca de La Gran Depresi\u00f3n, en medio de costumbres y tradiciones profundamente arraigadas en su familia presbiteriana. Sus primeros cuentos los escribi\u00f3 durante su adolescencia. Guapa, delgada, trabaj\u00f3 como camarera, selectora de tabaco y empleada de biblioteca en tanto una beca le permit\u00eda estudiar periodismo en la Universidad de Western Ontario. All\u00ed conoci\u00f3 a Michael Munro, se casaron en 1951 y fueron a vivir en Vancouver donde tuvieron cuatro hijas, una de ellas falleci\u00f3 al poco de nacer. Alice contar\u00eda que durante la crianza de sus hijas y la ejecuci\u00f3n de las tareas rutinarias del hogar almacen\u00f3 en su mente cada uno de sus cuentos.<\/p>\n<p class=\"p1\">En 1963 la familia se traslad\u00f3 a Victoria, donde con su esposo regent\u00f3 la librer\u00eda Munro\u00b4s Books.<span class=\"Apple-converted-space\">\u00a0 <\/span>Tras su divorcio regres\u00f3 a Ontario. En su antigua universidad permaneci\u00f3 un a\u00f1o como escritora residente. En 1976 contrajo segundas nupcias con el ge\u00f3grafo y ge\u00f3logo Gerald Freming, quien, como editor de una revista estudiantil hab\u00eda sido el primero en leer sus cuentos y autocalificarse de su admirador. Alice conserv\u00f3 el apellido Munro. Conforme a su gusto por los encantadores pueblos peque\u00f1os, la pareja se instal\u00f3 en Clinton, cerca de Wingham. Disfrutaban de salir al campo, \u00e9l para realizar su trabajo, ella para acompa\u00f1arlo y trasladar los hermosos paisajes a sus escritos. A ella le encantaba ir ocasionalmente a Toronto para \u201crecorrer vidrieras\u201d. Gerald muri\u00f3 en 2013. Tras el triste evento ella no volvi\u00f3 a escribir.<\/p>\n<p class=\"p1\">Alice se dio a conocer como literata a los 19 a\u00f1os de edad tras publicar su primer cuento, Las Dimensiones de una Sombra, en la revista citada. Desde 1961 empez\u00f3 a vender su obra a la Radio P\u00fablica Canadiense. En 1968 lanz\u00f3 su primer libro de relatos, Danza de las Sombras Felices, su \u00e9xito le vali\u00f3 el Premio de Literatura del Gobernador General. Lo volvi\u00f3 a recibir diez a\u00f1os despu\u00e9s por \u00bfQui\u00e9n te Crees que Eres? Dos veces alcanz\u00f3 el Premio al Libro Canadiense m\u00e1s Vendido, en 1971 por Vidas de Chicas y Mujeres, en 1986 por El Progreso del Amor. En 1994 el New York Times nomin\u00f3 entre los mejores libros del a\u00f1o a Amistad de Juventud y Secreto a Voces. En 2009 recibi\u00f3 uno de los galardones m\u00e1s prestigiosos de la lengua inglesa, el Premio Booker Internacional. En 2011 fue finalista del Premio Pr\u00edncipe de Asturias de las Letras.<span class=\"Apple-converted-space\">\u00a0<\/span><\/p>\n<p class=\"p1\">Aquel mismo a\u00f1o Alice Munro dej\u00f3 a su antigua editora para asociarse con el publicista, editor y escritor Douglas Gibson. Al libro de memorias de aqu\u00e9l, ella escribi\u00f3 la introducci\u00f3n. Douglas la represent\u00f3 en varias ocasiones en las que ella no pudo presentarse ante el p\u00fablico.<span class=\"Apple-converted-space\">\u00a0<\/span><\/p>\n<p class=\"p1\">Emocionando a Canad\u00e1, Alice Munro recibi\u00f3 el Premio Nobel de Literatura en 2013. Fue la primera mujer canadiense en obtenerlo, la decimotercera del mundo en recibirlo y el \u00faltimo Nobel entregado hasta el presente a una cuentista pura. Alice no pudo viajar a Suecia para asistir a la ceremonia, la represent\u00f3 su hija Jenny.<\/p>\n<p class=\"p1\">Desde hace casi una d\u00e9cada acompa\u00f1aban a Alice los personajes de sus cuentos. Unos eran reales, como sus ancestros escoceses que emigraron a Canad\u00e1 y a quienes describe en los libros titulados La Vista desde Castle Rock, publicado en 2006, y Demasiada Felicidad, publicado en 2009. Otros personajes salieron de la fantas\u00eda de su mente deteriorada. Con todos ellos se mud\u00f3 a una residencia para ancianos, y con todos ellos parti\u00f3 tranquila y feliz hacia la eternidad el 13 de mayo de 2024. <span class=\"Apple-converted-space\">\u00a0<\/span><\/p>\n","protected":false},"excerpt":{"rendered":"<p>&nbsp; Por: Luc\u00eda P. de Garc\u00eda Toronto.- Conocida mundialmente como la \u201cCh\u00e9jov canadiense\u201d por su don de escribir cuentos,\u00a0 Alice Munro falleci\u00f3 hace casi un&hellip;<\/p>\n","protected":false},"author":99,"featured_media":518522,"comment_status":"open","ping_status":"open","sticky":false,"template":"","format":"standard","meta":{"footnotes":""},"categories":[21,11362],"tags":[],"class_list":["post-518521","post","type-post","status-publish","format-standard","has-post-thumbnail","hentry","category-canada","category-cronicas"],"_links":{"self":[{"href":"https:\/\/diarioelpopular.com\/index.php\/wp-json\/wp\/v2\/posts\/518521","targetHints":{"allow":["GET"]}}],"collection":[{"href":"https:\/\/diarioelpopular.com\/index.php\/wp-json\/wp\/v2\/posts"}],"about":[{"href":"https:\/\/diarioelpopular.com\/index.php\/wp-json\/wp\/v2\/types\/post"}],"author":[{"embeddable":true,"href":"https:\/\/diarioelpopular.com\/index.php\/wp-json\/wp\/v2\/users\/99"}],"replies":[{"embeddable":true,"href":"https:\/\/diarioelpopular.com\/index.php\/wp-json\/wp\/v2\/comments?post=518521"}],"version-history":[{"count":1,"href":"https:\/\/diarioelpopular.com\/index.php\/wp-json\/wp\/v2\/posts\/518521\/revisions"}],"predecessor-version":[{"id":518523,"href":"https:\/\/diarioelpopular.com\/index.php\/wp-json\/wp\/v2\/posts\/518521\/revisions\/518523"}],"wp:featuredmedia":[{"embeddable":true,"href":"https:\/\/diarioelpopular.com\/index.php\/wp-json\/wp\/v2\/media\/518522"}],"wp:attachment":[{"href":"https:\/\/diarioelpopular.com\/index.php\/wp-json\/wp\/v2\/media?parent=518521"}],"wp:term":[{"taxonomy":"category","embeddable":true,"href":"https:\/\/diarioelpopular.com\/index.php\/wp-json\/wp\/v2\/categories?post=518521"},{"taxonomy":"post_tag","embeddable":true,"href":"https:\/\/diarioelpopular.com\/index.php\/wp-json\/wp\/v2\/tags?post=518521"}],"curies":[{"name":"wp","href":"https:\/\/api.w.org\/{rel}","templated":true}]}}