{"id":518524,"date":"2024-06-04T09:29:39","date_gmt":"2024-06-04T13:29:39","guid":{"rendered":"https:\/\/diarioelpopular.com\/?p=518524"},"modified":"2024-06-04T09:29:39","modified_gmt":"2024-06-04T13:29:39","slug":"se-avecina-para-este-viernes-la-huelga-de-la-ttc","status":"publish","type":"post","link":"https:\/\/diarioelpopular.com\/index.php\/2024\/06\/04\/se-avecina-para-este-viernes-la-huelga-de-la-ttc\/","title":{"rendered":"Se avecina para este viernes la huelga de la TTC"},"content":{"rendered":"<p><img loading=\"lazy\" decoding=\"async\" class=\"alignnone size-custom-full-size wp-image-518525\" src=\"https:\/\/diarioelpopular.com\/wp-content\/uploads\/2024\/06\/Screen-Shot-2024-06-04-at-9.29.10-AM-636x389.png\" alt=\"\" width=\"636\" height=\"389\" srcset=\"https:\/\/diarioelpopular.com\/wp-content\/uploads\/2024\/06\/Screen-Shot-2024-06-04-at-9.29.10-AM-636x389.png 636w, https:\/\/diarioelpopular.com\/wp-content\/uploads\/2024\/06\/Screen-Shot-2024-06-04-at-9.29.10-AM-300x183.png 300w, https:\/\/diarioelpopular.com\/wp-content\/uploads\/2024\/06\/Screen-Shot-2024-06-04-at-9.29.10-AM-768x469.png 768w, https:\/\/diarioelpopular.com\/wp-content\/uploads\/2024\/06\/Screen-Shot-2024-06-04-at-9.29.10-AM-119x73.png 119w, https:\/\/diarioelpopular.com\/wp-content\/uploads\/2024\/06\/Screen-Shot-2024-06-04-at-9.29.10-AM.png 1024w\" sizes=\"auto, (max-width: 636px) 100vw, 636px\" \/><\/p>\n<p>&nbsp;<\/p>\n<ul>\n<li><em><strong>Las negociaciones a\u00fan est\u00e1n en curso entre la TTC y el Sindicato Amalgamado de Tr\u00e1nsito 113, ya que esperan evitar una huelga ante la inminente fecha l\u00edmite para llegar a un acuerdo.<\/strong><\/em><\/li>\n<\/ul>\n<p>&nbsp;<\/p>\n<p><em><strong>TORONTO.-<\/strong><\/em>Los trabajadores votaron a favor de una huelga despu\u00e9s de que expirara su contrato el 31 de marzo. La fecha l\u00edmite para llegar a un acuerdo es el 7 de junio.<\/p>\n<p>Marvin Alfred, presidente de ATU local113, dijo que esperan que haya una oportunidad de evitar una huelga, pero los avances son lentos.<\/p>\n<p>&#8220;El progreso es limitado; lamentablemente, algunas de nuestras cuestiones fundamentales no se est\u00e1n abordando adecuadamente&#8221;, afirm\u00f3 Alfred.<\/p>\n<p>Alfred dijo que la seguridad laboral es un importante obst\u00e1culo.<\/p>\n<p>&#8220;Es muy importante que el sistema se mantenga, y de hecho estamos negociando para proteger a la TTC de s\u00ed mismo, cuando hay agencias transfronterizas y otras que intentan proporcionar tr\u00e1nsito, va en contra de los intereses de los pasajeros de Toronto&#8221;.<\/p>\n<p>Otros temas sobre la mesa son los beneficios y los salarios. &#8220;No estamos ni cerca de llegar a un acuerdo&#8221;, dijo Alfred.<\/p>\n<p>Seg\u00fan el informe del director ejecutivo de 2023 de la agencia de tr\u00e1nsito, la TTC emplea a m\u00e1s de 16.000 personas, de las cuales 12.000 est\u00e1n representadas por la ATU 113.<\/p>\n<p>La TTC dijo que son optimistas sobre que se pueda llegar a un acuerdo, ya que su objetivo principal es llegar a un acuerdo.<\/p>\n<p>Agregando que \u201ccomo se dijo la semana pasada y como fue el caso en 2008, si hay un retiro laboral total, no habr\u00e1 servicio de la TTC\u201d.<\/p>\n<p>La Ciudad tambi\u00e9n ha informado que &#8220;no ser\u00eda apropiado adelantarse a las negociaciones ya que las negociaciones entre la TTC y ATU 113 est\u00e1n en curso&#8221;.<\/p>\n<p>La \u00faltima vez que la TTC se declar\u00f3 en huelga fue en abril de 2008. Dur\u00f3 menos de 48 horas, despu\u00e9s de que el gobierno provincial vigente en ese momento legislara el regreso obligatorio de los empleados al trabajo.<\/p>\n<p>En 2011, una ley provincial consider\u00f3 que el personal de la TTC era esencial, lo que significa que no se les permit\u00eda hacer huelga. Sin embargo, los tribunales anularon esa ley el a\u00f1o pasado, dictaminando que violaba los derechos de los estatutos de los trabajadores.<\/p>\n<p>En cuanto a otras agencias que est\u00e1n planeando una posible huelga de la TTC, Metrolinx dijo que tienen planes de contingencia en caso de cualquier interrupci\u00f3n del servicio.<\/p>\n<p>Los trenes GO y UP Express seguir\u00e1n funcionando con normalidad y las estaciones permanecer\u00e1n abiertas.<\/p>\n","protected":false},"excerpt":{"rendered":"<p>&nbsp; Las negociaciones a\u00fan est\u00e1n en curso entre la TTC y el Sindicato Amalgamado de Tr\u00e1nsito 113, ya que esperan evitar una huelga ante la&hellip;<\/p>\n","protected":false},"author":99,"featured_media":518525,"comment_status":"open","ping_status":"open","sticky":false,"template":"","format":"standard","meta":{"footnotes":""},"categories":[21],"tags":[],"class_list":["post-518524","post","type-post","status-publish","format-standard","has-post-thumbnail","hentry","category-canada"],"_links":{"self":[{"href":"https:\/\/diarioelpopular.com\/index.php\/wp-json\/wp\/v2\/posts\/518524","targetHints":{"allow":["GET"]}}],"collection":[{"href":"https:\/\/diarioelpopular.com\/index.php\/wp-json\/wp\/v2\/posts"}],"about":[{"href":"https:\/\/diarioelpopular.com\/index.php\/wp-json\/wp\/v2\/types\/post"}],"author":[{"embeddable":true,"href":"https:\/\/diarioelpopular.com\/index.php\/wp-json\/wp\/v2\/users\/99"}],"replies":[{"embeddable":true,"href":"https:\/\/diarioelpopular.com\/index.php\/wp-json\/wp\/v2\/comments?post=518524"}],"version-history":[{"count":1,"href":"https:\/\/diarioelpopular.com\/index.php\/wp-json\/wp\/v2\/posts\/518524\/revisions"}],"predecessor-version":[{"id":518526,"href":"https:\/\/diarioelpopular.com\/index.php\/wp-json\/wp\/v2\/posts\/518524\/revisions\/518526"}],"wp:featuredmedia":[{"embeddable":true,"href":"https:\/\/diarioelpopular.com\/index.php\/wp-json\/wp\/v2\/media\/518525"}],"wp:attachment":[{"href":"https:\/\/diarioelpopular.com\/index.php\/wp-json\/wp\/v2\/media?parent=518524"}],"wp:term":[{"taxonomy":"category","embeddable":true,"href":"https:\/\/diarioelpopular.com\/index.php\/wp-json\/wp\/v2\/categories?post=518524"},{"taxonomy":"post_tag","embeddable":true,"href":"https:\/\/diarioelpopular.com\/index.php\/wp-json\/wp\/v2\/tags?post=518524"}],"curies":[{"name":"wp","href":"https:\/\/api.w.org\/{rel}","templated":true}]}}