{"id":518527,"date":"2024-06-04T09:38:00","date_gmt":"2024-06-04T13:38:00","guid":{"rendered":"https:\/\/diarioelpopular.com\/?p=518527"},"modified":"2024-06-04T09:38:00","modified_gmt":"2024-06-04T13:38:00","slug":"debido-al-analisis-secreto-del-impuesto-al-carbono-del-gobierno-liberal-prohibe-a-sus-parlamentario-hablar-del-tema","status":"publish","type":"post","link":"https:\/\/diarioelpopular.com\/index.php\/2024\/06\/04\/debido-al-analisis-secreto-del-impuesto-al-carbono-del-gobierno-liberal-prohibe-a-sus-parlamentario-hablar-del-tema\/","title":{"rendered":"Debido al an\u00e1lisis secreto del impuesto al carbono del gobierno liberal, prohibe a sus parlamentario hablar del tema"},"content":{"rendered":"<p><img loading=\"lazy\" decoding=\"async\" class=\"alignnone size-custom-full-size wp-image-518528\" src=\"https:\/\/diarioelpopular.com\/wp-content\/uploads\/2024\/06\/Screen-Shot-2024-06-04-at-9.36.56-AM-636x467.png\" alt=\"\" width=\"636\" height=\"467\" srcset=\"https:\/\/diarioelpopular.com\/wp-content\/uploads\/2024\/06\/Screen-Shot-2024-06-04-at-9.36.56-AM-636x467.png 636w, https:\/\/diarioelpopular.com\/wp-content\/uploads\/2024\/06\/Screen-Shot-2024-06-04-at-9.36.56-AM-300x220.png 300w, https:\/\/diarioelpopular.com\/wp-content\/uploads\/2024\/06\/Screen-Shot-2024-06-04-at-9.36.56-AM-768x564.png 768w, https:\/\/diarioelpopular.com\/wp-content\/uploads\/2024\/06\/Screen-Shot-2024-06-04-at-9.36.56-AM-99x73.png 99w, https:\/\/diarioelpopular.com\/wp-content\/uploads\/2024\/06\/Screen-Shot-2024-06-04-at-9.36.56-AM.png 1024w\" sizes=\"auto, (max-width: 636px) 100vw, 636px\" \/><\/p>\n<p>&nbsp;<\/p>\n<p>&nbsp;<\/p>\n<ul>\n<li><em><strong>Yves Giroux dijo al comit\u00e9 de finanzas que \u00e9l y su personal hab\u00edan visto el an\u00e1lisis de impacto del gobierno, pero &#8220;nos han prohibido expl\u00edcitamente que no lo revelemos ni hagamos referencia a \u00e9l&#8221;.<\/strong><\/em><\/li>\n<\/ul>\n<p>&nbsp;<\/p>\n<p><em><strong>OTTAWA.-<\/strong><\/em>\u00a0 El gobierno federal tiene un an\u00e1lisis econ\u00f3mico secreto del impacto del impuesto al carbono que confirma las conclusiones anteriores del funcionario parlamentario de presupuesto, y el organismo de control del presupuesto dijo que su oficina ha estado bajo una orden de silencio para no hablar sobre el tema.<\/p>\n<p>El organismo de control presupuestario, Yves Giroux, hizo la sorprendente revelaci\u00f3n cuando compareci\u00f3 como testigo en el comit\u00e9 de finanzas de la C\u00e1mara de los Comunes, mientras enfrenta feroces cr\u00edticas de los parlamentarios liberales por no revelar de manera proactiva un error de modelado cometido por su oficina sobre los impactos econ\u00f3micos del impuesto al carbono.<\/p>\n<p>Giroux dijo al comit\u00e9 que \u00e9l y su personal hab\u00edan visto el an\u00e1lisis de impacto del gobierno, pero &#8220;nos han dicho expl\u00edcitamente que no lo revelemos ni hagamos referencia a \u00e9l&#8221;.<\/p>\n<p>El diputado conservador Marty Morantz pregunt\u00f3 a Giroux si el gobierno \u201cpuso una mordaza\u201d a la PBO para que no hablara sobre su an\u00e1lisis econ\u00f3mico. \u201cEso es lo que tengo entendido\u201d, dijo Giroux.<\/p>\n<p>La PBO public\u00f3 discretamente una nota el 17 de abril en su sitio web para especificar que los informes de 2022 y 2023 sobre sus impactos fiscales y econ\u00f3micos del sistema federal de fijaci\u00f3n de precios del carbono inclu\u00edan no solo el precio del carbono para el consumidor sino tambi\u00e9n el precio industrial.<\/p>\n<p>Esos informes encontraron que la mayor\u00eda de los hogares canadienses perder\u00edan m\u00e1s dinero bajo el r\u00e9gimen federal del que recibir\u00edan en reembolsos si se tuvieran en cuenta los impactos econ\u00f3micos del impuesto al carbono. Los conservadores han citado ampliamente las conclusiones en los \u00faltimos dos a\u00f1os para atacar el impuesto al carbono, mientras que los liberales han criticado duramente las conclusiones de la PBO.<\/p>\n<p>Sin embargo, la nota no se descubri\u00f3 hasta la semana pasada, lo que provoc\u00f3 cr\u00edticas, especialmente por parte de los liberales, que afirman que los datos son incorrectos y deber\u00edan modificarse. Algunos comentaristas de los medios incluso sugirieron que Giroux deber\u00eda dimitir por este error.<\/p>\n<p>Hablando el lunes, Giroux dijo que estaba \u201crealmente arrepentido por este error de modelado y por no proporcionar una notificaci\u00f3n m\u00e1s destacada a los parlamentarios\u201d.<\/p>\n<p>La PBO prometi\u00f3 publicar un informe nuevo y actualizado para el oto\u00f1o. Giroux ha dicho que no espera que el an\u00e1lisis actualizado se desv\u00ede significativamente de los resultados anteriores, ya que la mayor parte de los precios industriales est\u00e1n exentos de los precios del carbono.<\/p>\n<p>\u201cEste an\u00e1lisis es desafiante y complejo e involucra m\u00faltiples modelos, programas y bases de datos. Publicaremos un an\u00e1lisis actualizado cuando tengamos plena confianza en nuestros resultados\u201d, afirm\u00f3.<\/p>\n<p>Ryan Turnbull, diputado liberal y secretario parlamentario de la ministra de Finanzas Chrystia Freeland, escribi\u00f3 a Giroux la semana pasada para decirle que deber\u00eda haber hecho todo lo posible para notificar al p\u00fablico el error y explicar c\u00f3mo pudo haber alterado los resultados.<\/p>\n<p>Giroux prometi\u00f3 ser m\u00e1s comunicativo si surgiera un problema similar en el futuro.<\/p>\n<p>Turnbull cuestion\u00f3 a Giroux en el comit\u00e9 acerca de que era poco probable que los resultados cambiaran y le pregunt\u00f3 a Giroux c\u00f3mo puede estar tan seguro cuando el trabajo no se ha completado.<\/p>\n<p>Giroux dijo que las cifras de su oficina han estado disponibles desde 2022, mientras que el gobierno no ha publicado nada propio en ese per\u00edodo sobre el impacto econ\u00f3mico del impuesto al carbono.<\/p>\n<p>&#8220;El gobierno tiene estas cifras sobre el impacto econ\u00f3mico de la fijaci\u00f3n del precio del carbono&#8221;, le dijo a Turnbull. \u201cY ese es su gobierno, se\u00f1or. No han publicado nada\u201d.<\/p>\n<p>M\u00e1s tarde, Giroux dijo que las cifras a\u00fan no publicadas del gobierno confirmar\u00edan los hallazgos de esta oficina, por lo que dijo que se siente \u201cc\u00f3modo con lo que ya est\u00e1 publicado\u201d, en el entendido de que proporciona el impacto general del impuesto al carbono.<\/p>\n","protected":false},"excerpt":{"rendered":"<p>&nbsp; &nbsp; Yves Giroux dijo al comit\u00e9 de finanzas que \u00e9l y su personal hab\u00edan visto el an\u00e1lisis de impacto del gobierno, pero &#8220;nos han&hellip;<\/p>\n","protected":false},"author":99,"featured_media":518528,"comment_status":"open","ping_status":"open","sticky":false,"template":"","format":"standard","meta":{"footnotes":""},"categories":[21,11191],"tags":[],"class_list":["post-518527","post","type-post","status-publish","format-standard","has-post-thumbnail","hentry","category-canada","category-top-news"],"_links":{"self":[{"href":"https:\/\/diarioelpopular.com\/index.php\/wp-json\/wp\/v2\/posts\/518527","targetHints":{"allow":["GET"]}}],"collection":[{"href":"https:\/\/diarioelpopular.com\/index.php\/wp-json\/wp\/v2\/posts"}],"about":[{"href":"https:\/\/diarioelpopular.com\/index.php\/wp-json\/wp\/v2\/types\/post"}],"author":[{"embeddable":true,"href":"https:\/\/diarioelpopular.com\/index.php\/wp-json\/wp\/v2\/users\/99"}],"replies":[{"embeddable":true,"href":"https:\/\/diarioelpopular.com\/index.php\/wp-json\/wp\/v2\/comments?post=518527"}],"version-history":[{"count":1,"href":"https:\/\/diarioelpopular.com\/index.php\/wp-json\/wp\/v2\/posts\/518527\/revisions"}],"predecessor-version":[{"id":518529,"href":"https:\/\/diarioelpopular.com\/index.php\/wp-json\/wp\/v2\/posts\/518527\/revisions\/518529"}],"wp:featuredmedia":[{"embeddable":true,"href":"https:\/\/diarioelpopular.com\/index.php\/wp-json\/wp\/v2\/media\/518528"}],"wp:attachment":[{"href":"https:\/\/diarioelpopular.com\/index.php\/wp-json\/wp\/v2\/media?parent=518527"}],"wp:term":[{"taxonomy":"category","embeddable":true,"href":"https:\/\/diarioelpopular.com\/index.php\/wp-json\/wp\/v2\/categories?post=518527"},{"taxonomy":"post_tag","embeddable":true,"href":"https:\/\/diarioelpopular.com\/index.php\/wp-json\/wp\/v2\/tags?post=518527"}],"curies":[{"name":"wp","href":"https:\/\/api.w.org\/{rel}","templated":true}]}}