{"id":518581,"date":"2024-06-07T09:17:19","date_gmt":"2024-06-07T13:17:19","guid":{"rendered":"https:\/\/diarioelpopular.com\/?p=518581"},"modified":"2024-06-07T09:17:19","modified_gmt":"2024-06-07T13:17:19","slug":"la-tasa-de-desempleo-de-canada-aumenta-al-6-2-en-mayo-la-economia-anade-27-000-puestos-de-trabajo","status":"publish","type":"post","link":"https:\/\/diarioelpopular.com\/index.php\/2024\/06\/07\/la-tasa-de-desempleo-de-canada-aumenta-al-6-2-en-mayo-la-economia-anade-27-000-puestos-de-trabajo\/","title":{"rendered":"La tasa de desempleo de Canad\u00e1 aumenta al 6,2% en mayo, la econom\u00eda a\u00f1ade 27.000 puestos de trabajo"},"content":{"rendered":"<p><img loading=\"lazy\" decoding=\"async\" class=\"alignnone size-custom-full-size wp-image-518582\" src=\"https:\/\/diarioelpopular.com\/wp-content\/uploads\/2024\/06\/Screen-Shot-2024-06-07-at-9.16.24-AM-636x371.png\" alt=\"\" width=\"636\" height=\"371\" srcset=\"https:\/\/diarioelpopular.com\/wp-content\/uploads\/2024\/06\/Screen-Shot-2024-06-07-at-9.16.24-AM-636x371.png 636w, https:\/\/diarioelpopular.com\/wp-content\/uploads\/2024\/06\/Screen-Shot-2024-06-07-at-9.16.24-AM-300x175.png 300w, https:\/\/diarioelpopular.com\/wp-content\/uploads\/2024\/06\/Screen-Shot-2024-06-07-at-9.16.24-AM-768x448.png 768w, https:\/\/diarioelpopular.com\/wp-content\/uploads\/2024\/06\/Screen-Shot-2024-06-07-at-9.16.24-AM-125x73.png 125w, https:\/\/diarioelpopular.com\/wp-content\/uploads\/2024\/06\/Screen-Shot-2024-06-07-at-9.16.24-AM.png 1024w\" sizes=\"auto, (max-width: 636px) 100vw, 636px\" \/><\/p>\n<p>&nbsp;<\/p>\n<ul>\n<li><em><strong>La tasa de desempleo de Canad\u00e1 aument\u00f3 al 6,2 por ciento en mayo mientras el mercado laboral segu\u00eda mostrando signos de debilidad.<\/strong><\/em><\/li>\n<\/ul>\n<p>&nbsp;<\/p>\n<p><em><strong>OTTAWA.-<\/strong><\/em> La \u00faltima encuesta sobre la fuerza laboral de Statistics Canada mostr\u00f3 que la econom\u00eda a\u00f1adi\u00f3 27.000 puestos de trabajo el mes pasado, un aumento demasiado modesto para evitar que la tasa de desempleo aumente en una d\u00e9cima de punto porcentual.<\/p>\n<p>El informe sugiere que el mercado laboral canadiense contin\u00faa debilit\u00e1ndose a medida que las altas tasas de inter\u00e9s pesan sobre los consumidores y las empresas.<\/p>\n<p>De los que estaban desempleados en abril, poco menos de una cuarta parte encontr\u00f3 trabajo el mes siguiente, seg\u00fan el informe. Eso est\u00e1 por debajo del promedio prepand\u00e9mico del 31,5 por ciento para los mismos meses en 2017, 2018 y 2019.<\/p>\n<p>&#8220;Una menor proporci\u00f3n de desempleados en transici\u00f3n al empleo puede indicar que las personas enfrentan mayores dificultades para encontrar trabajo en el mercado laboral actual&#8221;, dice el informe.<\/p>\n<p>Cada vez m\u00e1s canadienses tambi\u00e9n se encuentran trabajando a tiempo parcial porque no tienen mejores opciones.<\/p>\n<p>Statistics Canada dice que la tasa de tiempo parcial involuntario, que se refiere a la proporci\u00f3n de trabajadores a tiempo parcial que no pudieron encontrar trabajo a tiempo completo o trabajaron a tiempo parcial debido a las d\u00e9biles condiciones comerciales, fue del 18,2 por ciento en mayo. Eso es m\u00e1s que el 15,4 por ciento del a\u00f1o anterior.<\/p>\n<p>Los j\u00f3venes tambi\u00e9n han sentido las consecuencias de la desaceleraci\u00f3n del mercado laboral. El informe se\u00f1ala que para los estudiantes que regresan de entre 20 y 24 a\u00f1os, su tasa de empleo disminuy\u00f3 un 2,9 por ciento respecto al a\u00f1o anterior.<\/p>\n<p>Mientras tanto, el crecimiento salarial se mantuvo fuerte en mayo, ya que los salarios promedio por hora aumentaron un 5,1 por ciento respecto al a\u00f1o anterior, alcanzando los 34,94 d\u00f3lares.<\/p>\n<p>El empleo aument\u00f3 en los sectores de atenci\u00f3n m\u00e9dica y asistencia social, finanzas, seguros, bienes ra\u00edces, alquiler y arrendamiento, negocios, construcci\u00f3n y otros servicios de apoyo, as\u00ed como servicios de alojamiento y alimentaci\u00f3n.<\/p>\n<p>Mientras tanto, el empleo cay\u00f3 en la construcci\u00f3n, el transporte y el almacenamiento y los servicios p\u00fablicos.<\/p>\n<p>La publicaci\u00f3n de los datos se produce dos d\u00edas despu\u00e9s de que el Banco de Canad\u00e1 optara por reducir las tasas de inter\u00e9s por primera vez en cuatro a\u00f1os, citando la disminuci\u00f3n de la inflaci\u00f3n y el debilitamiento de la econom\u00eda.<\/p>\n<p>El banco central redujo su tasa de inter\u00e9s clave en un cuarto de punto porcentual a 4,75 por ciento y se\u00f1al\u00f3 que habr\u00eda m\u00e1s recortes de tasas en camino, siempre y cuando la inflaci\u00f3n contin\u00fae desaceler\u00e1ndose.<\/p>\n","protected":false},"excerpt":{"rendered":"<p>&nbsp; La tasa de desempleo de Canad\u00e1 aument\u00f3 al 6,2 por ciento en mayo mientras el mercado laboral segu\u00eda mostrando signos de debilidad. &nbsp; OTTAWA.-&hellip;<\/p>\n","protected":false},"author":99,"featured_media":518582,"comment_status":"open","ping_status":"open","sticky":false,"template":"","format":"standard","meta":{"footnotes":""},"categories":[21,11191],"tags":[],"class_list":["post-518581","post","type-post","status-publish","format-standard","has-post-thumbnail","hentry","category-canada","category-top-news"],"_links":{"self":[{"href":"https:\/\/diarioelpopular.com\/index.php\/wp-json\/wp\/v2\/posts\/518581","targetHints":{"allow":["GET"]}}],"collection":[{"href":"https:\/\/diarioelpopular.com\/index.php\/wp-json\/wp\/v2\/posts"}],"about":[{"href":"https:\/\/diarioelpopular.com\/index.php\/wp-json\/wp\/v2\/types\/post"}],"author":[{"embeddable":true,"href":"https:\/\/diarioelpopular.com\/index.php\/wp-json\/wp\/v2\/users\/99"}],"replies":[{"embeddable":true,"href":"https:\/\/diarioelpopular.com\/index.php\/wp-json\/wp\/v2\/comments?post=518581"}],"version-history":[{"count":1,"href":"https:\/\/diarioelpopular.com\/index.php\/wp-json\/wp\/v2\/posts\/518581\/revisions"}],"predecessor-version":[{"id":518583,"href":"https:\/\/diarioelpopular.com\/index.php\/wp-json\/wp\/v2\/posts\/518581\/revisions\/518583"}],"wp:featuredmedia":[{"embeddable":true,"href":"https:\/\/diarioelpopular.com\/index.php\/wp-json\/wp\/v2\/media\/518582"}],"wp:attachment":[{"href":"https:\/\/diarioelpopular.com\/index.php\/wp-json\/wp\/v2\/media?parent=518581"}],"wp:term":[{"taxonomy":"category","embeddable":true,"href":"https:\/\/diarioelpopular.com\/index.php\/wp-json\/wp\/v2\/categories?post=518581"},{"taxonomy":"post_tag","embeddable":true,"href":"https:\/\/diarioelpopular.com\/index.php\/wp-json\/wp\/v2\/tags?post=518581"}],"curies":[{"name":"wp","href":"https:\/\/api.w.org\/{rel}","templated":true}]}}