{"id":518584,"date":"2024-06-07T09:23:46","date_gmt":"2024-06-07T13:23:46","guid":{"rendered":"https:\/\/diarioelpopular.com\/?p=518584"},"modified":"2024-06-07T09:23:46","modified_gmt":"2024-06-07T13:23:46","slug":"el-costo-promedio-del-alquiler-en-canada-alcanza-un-record-de-2-202-dolares","status":"publish","type":"post","link":"https:\/\/diarioelpopular.com\/index.php\/2024\/06\/07\/el-costo-promedio-del-alquiler-en-canada-alcanza-un-record-de-2-202-dolares\/","title":{"rendered":"El costo promedio del alquiler en Canad\u00e1 alcanza un r\u00e9cord de 2.202 d\u00f3lares"},"content":{"rendered":"<p><img loading=\"lazy\" decoding=\"async\" class=\"alignnone size-custom-full-size wp-image-518585\" src=\"https:\/\/diarioelpopular.com\/wp-content\/uploads\/2024\/06\/Screen-Shot-2024-06-07-at-9.23.01-AM-636x384.png\" alt=\"\" width=\"636\" height=\"384\" srcset=\"https:\/\/diarioelpopular.com\/wp-content\/uploads\/2024\/06\/Screen-Shot-2024-06-07-at-9.23.01-AM-636x384.png 636w, https:\/\/diarioelpopular.com\/wp-content\/uploads\/2024\/06\/Screen-Shot-2024-06-07-at-9.23.01-AM-300x181.png 300w, https:\/\/diarioelpopular.com\/wp-content\/uploads\/2024\/06\/Screen-Shot-2024-06-07-at-9.23.01-AM-768x463.png 768w, https:\/\/diarioelpopular.com\/wp-content\/uploads\/2024\/06\/Screen-Shot-2024-06-07-at-9.23.01-AM-121x73.png 121w, https:\/\/diarioelpopular.com\/wp-content\/uploads\/2024\/06\/Screen-Shot-2024-06-07-at-9.23.01-AM.png 1024w\" sizes=\"auto, (max-width: 636px) 100vw, 636px\" \/><\/p>\n<p><em><strong>&#8211; Seg\u00fan un nuevo informe, el precio de alquiler promedio en Canad\u00e1 super\u00f3 los $2,200 para alcanzar un r\u00e9cord en mayo<\/strong><\/em><\/p>\n<p>&nbsp;<\/p>\n<p>Publicado el jueves por Rentals.ca y Urbanation, el informe encontr\u00f3 que el precio de venta mensual promedio para todos los alquileres residenciales aument\u00f3 un 9,3 por ciento a\u00f1o tras a\u00f1o hasta alcanzar los 2.202 d\u00f3lares en mayo.<\/p>\n<p>Vancouver continu\u00f3 liderando el pa\u00eds con el precio de venta m\u00e1s caro para un alquiler de una habitaci\u00f3n: 2.671 d\u00f3lares, seguida de Burnaby, B.C. a $2,545, Toronto a $2,479 y Mississauga, Ontario. a $2,339.<\/p>\n<p>En otras partes del pa\u00eds, unidades similares se vend\u00edan por $955 en St. John&#8217;s, N.L., y $1,242 en Fort McMurray, Alta. y $1,258 en Saskatoon, Sask.<\/p>\n<p>Las tarifas de alquiler en Vancouver y Toronto bajaron ligeramente desde mayo de 2023, mientras que ciudades m\u00e1s peque\u00f1as como Regina, la ciudad de Quebec y Halifax experimentaron aumentos anuales del 10 por ciento o m\u00e1s.<\/p>\n<p>El informe fue escrito por la firma de investigaci\u00f3n inmobiliaria Urbanation, con sede en Toronto, y se basa en datos de listados residenciales publicados en el sitio web Rentals.ca.<\/p>\n<p>&#8220;El mercado de alquiler de Canad\u00e1 est\u00e1 entrando en la temporada alta de verano con fuerza continua&#8221;, afirm\u00f3 el presidente de Urbanation, Shaun Hildebrand, en un comunicado de prensa. &#8220;Mercados como Vancouver y Toronto, que hab\u00edan experimentado cierta ca\u00edda en los alquileres en meses anteriores, se est\u00e1n estabilizando cerca de niveles r\u00e9cord, mientras que muchas de las ciudades medianas y peque\u00f1as del pa\u00eds todav\u00eda registran aumentos de alquileres de dos d\u00edgitos&#8221;.<\/p>\n<p>B.C. tambi\u00e9n lider\u00f3 a Canad\u00e1 con el precio promedio de alquiler m\u00e1s alto con $2,526 por un apartamento o condominio, un aumento del 2,3 por ciento, seguido por Ontario con $2,423, un aumento del 0,7 por ciento.<\/p>\n<p>La inflaci\u00f3n de los alquileres en todo Canad\u00e1 fue impulsada en parte por grandes aumentos anuales en Saskatchewan (21,4 por ciento a 1.334 d\u00f3lares), Alberta (17,5 por ciento a 1.787 d\u00f3lares) y Nova Scotia (17,1 por ciento a 2.238 d\u00f3lares). Todas las provincias registraron precios de venta m\u00e1s altos.<\/p>\n<p>Edmonton lider\u00f3 a las ciudades m\u00e1s grandes de Canad\u00e1 en cuanto a aumentos de precios solicitados, con un 14,6 por ciento, pero a\u00fan as\u00ed era menos costosa en promedio que Calgary, con 1.507 d\u00f3lares frente a 2.089 d\u00f3lares. Para todos los tama\u00f1os de apartamentos y condominios, los precios siguieron siendo los m\u00e1s altos en Vancouver ($3,008) y Toronto ($2,784).<\/p>\n","protected":false},"excerpt":{"rendered":"<p>&#8211; Seg\u00fan un nuevo informe, el precio de alquiler promedio en Canad\u00e1 super\u00f3 los $2,200 para alcanzar un r\u00e9cord en mayo &nbsp; Publicado el jueves&hellip;<\/p>\n","protected":false},"author":99,"featured_media":518585,"comment_status":"open","ping_status":"open","sticky":false,"template":"","format":"standard","meta":{"footnotes":""},"categories":[21],"tags":[],"class_list":["post-518584","post","type-post","status-publish","format-standard","has-post-thumbnail","hentry","category-canada"],"_links":{"self":[{"href":"https:\/\/diarioelpopular.com\/index.php\/wp-json\/wp\/v2\/posts\/518584","targetHints":{"allow":["GET"]}}],"collection":[{"href":"https:\/\/diarioelpopular.com\/index.php\/wp-json\/wp\/v2\/posts"}],"about":[{"href":"https:\/\/diarioelpopular.com\/index.php\/wp-json\/wp\/v2\/types\/post"}],"author":[{"embeddable":true,"href":"https:\/\/diarioelpopular.com\/index.php\/wp-json\/wp\/v2\/users\/99"}],"replies":[{"embeddable":true,"href":"https:\/\/diarioelpopular.com\/index.php\/wp-json\/wp\/v2\/comments?post=518584"}],"version-history":[{"count":1,"href":"https:\/\/diarioelpopular.com\/index.php\/wp-json\/wp\/v2\/posts\/518584\/revisions"}],"predecessor-version":[{"id":518586,"href":"https:\/\/diarioelpopular.com\/index.php\/wp-json\/wp\/v2\/posts\/518584\/revisions\/518586"}],"wp:featuredmedia":[{"embeddable":true,"href":"https:\/\/diarioelpopular.com\/index.php\/wp-json\/wp\/v2\/media\/518585"}],"wp:attachment":[{"href":"https:\/\/diarioelpopular.com\/index.php\/wp-json\/wp\/v2\/media?parent=518584"}],"wp:term":[{"taxonomy":"category","embeddable":true,"href":"https:\/\/diarioelpopular.com\/index.php\/wp-json\/wp\/v2\/categories?post=518584"},{"taxonomy":"post_tag","embeddable":true,"href":"https:\/\/diarioelpopular.com\/index.php\/wp-json\/wp\/v2\/tags?post=518584"}],"curies":[{"name":"wp","href":"https:\/\/api.w.org\/{rel}","templated":true}]}}