{"id":518608,"date":"2024-06-08T11:46:44","date_gmt":"2024-06-08T15:46:44","guid":{"rendered":"https:\/\/diarioelpopular.com\/?p=518608"},"modified":"2024-06-08T11:46:44","modified_gmt":"2024-06-08T15:46:44","slug":"los-ciudadanos-prefieren-que-alguien-que-no-sea-trudeau-lidere-a-los-liberales-en-las-proximas-elecciones-nanos","status":"publish","type":"post","link":"https:\/\/diarioelpopular.com\/index.php\/2024\/06\/08\/los-ciudadanos-prefieren-que-alguien-que-no-sea-trudeau-lidere-a-los-liberales-en-las-proximas-elecciones-nanos\/","title":{"rendered":"Los ciudadanos prefieren que alguien que no sea Trudeau lidere a los liberales en las pr\u00f3ximas elecciones: Nanos"},"content":{"rendered":"<p><img loading=\"lazy\" decoding=\"async\" class=\"alignnone size-custom-full-size wp-image-518609\" src=\"https:\/\/diarioelpopular.com\/wp-content\/uploads\/2024\/06\/Screen-Shot-2024-06-08-at-11.46.08-AM-636x461.png\" alt=\"\" width=\"636\" height=\"461\" srcset=\"https:\/\/diarioelpopular.com\/wp-content\/uploads\/2024\/06\/Screen-Shot-2024-06-08-at-11.46.08-AM-636x461.png 636w, https:\/\/diarioelpopular.com\/wp-content\/uploads\/2024\/06\/Screen-Shot-2024-06-08-at-11.46.08-AM-300x218.png 300w, https:\/\/diarioelpopular.com\/wp-content\/uploads\/2024\/06\/Screen-Shot-2024-06-08-at-11.46.08-AM-768x557.png 768w, https:\/\/diarioelpopular.com\/wp-content\/uploads\/2024\/06\/Screen-Shot-2024-06-08-at-11.46.08-AM-101x73.png 101w, https:\/\/diarioelpopular.com\/wp-content\/uploads\/2024\/06\/Screen-Shot-2024-06-08-at-11.46.08-AM.png 1024w\" sizes=\"auto, (max-width: 636px) 100vw, 636px\" \/><\/p>\n<p>&nbsp;<\/p>\n<ul>\n<li><em><strong>Los canadienses tienen tres veces m\u00e1s probabilidades de preferir a alguien que no sea el primer ministro Justin Trudeau para liderar a los liberales en las pr\u00f3ximas elecciones, seg\u00fan muestra una nueva encuesta de Nanos Research para CTV News.<\/strong><\/em><\/li>\n<\/ul>\n<p>&nbsp;<\/p>\n<p><em><strong>OTTAWA.-<\/strong><\/em>Ante cifras persistentemente pobres en las encuestas, las preguntas sobre el futuro del primer ministro (y qui\u00e9nes podr\u00edan ser los contendientes que contemplan postularse para reemplazarlo) han estado dando vueltas durante meses.<\/p>\n<p>Ahora, seg\u00fan los \u00faltimos datos de la encuesta, a muchas m\u00e1s personas les gustar\u00eda que se fuera, en comparaci\u00f3n con aquellos que dicen que les gustar\u00eda que liderara el Partido Liberal de Canad\u00e1 en la pr\u00f3xima campa\u00f1a.<\/p>\n<p>Cuando se les pidi\u00f3 que pensaran en las pr\u00f3ximas elecciones federales y en el liderazgo del actual partido gobernante, el 56 por ciento de los encuestados (encuestados entre el 31 de mayo y el 2 de junio) dijeron que preferir\u00edan que los liberales tuvieran a alguien que no fuera Trudeau al mando.<\/p>\n<p>S\u00f3lo el 17 por ciento de los encuestados dijeron que creen que Trudeau deber\u00eda permanecer como l\u00edder liberal en las pr\u00f3ximas elecciones. Otro 18 por ciento dijo que no ten\u00eda preferencia, mientras que el ocho por ciento no estaba seguro.<\/p>\n<p>Estas cifras muestran una disminuci\u00f3n continua pero gradual del apoyo de los canadienses a Trudeau en los \u00faltimos a\u00f1os.<\/p>\n<p>En diciembre de 2022, cuando Nanos Research busc\u00f3 comentarios sobre la misma pregunta, el 51 por ciento de los encuestados dijeron que preferir\u00edan que los liberales tuvieran a alguien que no fuera Trudeau al frente del partido. En ese momento, el 25 por ciento respaldaba la continuidad del liderazgo de Trudeau.<\/p>\n<p>Luego, cuando se les pregunt\u00f3 en septiembre y nuevamente en diciembre de 2023, el 55 por ciento de los encuestados en ambos meses dijeron que preferir\u00edan a alguien que no fuera Trudeau.<\/p>\n<p>Profundizando en las \u00faltimas respuestas, al observar los desgloses demogr\u00e1ficos, las mujeres ten\u00edan m\u00e1s probabilidades que los hombres de seguir mostrando apoyo a Trudeau como l\u00edder liberal.<\/p>\n<p>S\u00f3lo el 11 por ciento de los canadienses del Atl\u00e1ntico encuestados dijeron que preferir\u00edan que Trudeau permaneciera, el nivel m\u00e1s bajo de apoyo a esa opci\u00f3n en todo el pa\u00eds, seguido por el 15 por ciento en las Praderas.<\/p>\n<p>Los habitantes de British Columbia indicaron el mayor nivel de apoyo a Trudeau como l\u00edder liberal, y el 23 por ciento de los encuestados dijo que les gustar\u00eda verlo liderar el partido en las pr\u00f3ximas elecciones.<\/p>\n<p>Cuando se trata de si alguien distinto de Trudeau deber\u00eda asumir el poder, el mayor acuerdo con ese sentimiento fue en Ontario, donde el 60 por ciento de los encuestados dijeron que les gustar\u00eda un nuevo l\u00edder liberal, seguido por el 58 por ciento de los quebequenses.<\/p>\n<p>En los \u00faltimos meses, algunos leales a los liberales han sugerido p\u00fablicamente que el primer ministro considere planear su salida decorosa para dar tiempo a una carrera por el liderazgo, mientras que otros han restado importancia a las especulaciones sobre el liderazgo, afirmando que todav\u00eda sienten que Trudeau lleva la marca liberal. bueno.<\/p>\n<p>A lo largo de todo esto, Trudeau ha dicho constantemente que no tiene intenci\u00f3n de hacerse a un lado antes de enfrentarse al l\u00edder conservador Pierre Poilievre en las urnas, a m\u00e1s tardar en octubre de 2025.<\/p>\n<h5><strong><em>Metodolog\u00eda<\/em><\/strong><\/h5>\n<h5><strong><em>Nanos realiz\u00f3 una encuesta aleatoria en l\u00ednea y telef\u00f3nica h\u00edbrida de doble marco RDD (l\u00edneas fijas y celulares) a 1.043 canadienses, de 18 a\u00f1os de edad o m\u00e1s, entre el 31 de mayo y el 2 de junio de 2024 como parte de una encuesta general. Los participantes fueron reclutados aleatoriamente por tel\u00e9fono utilizando agentes reales y se les administr\u00f3 una encuesta en l\u00ednea. La muestra incluy\u00f3 l\u00edneas fijas y celulares en todo Canad\u00e1. Los resultados fueron verificados estad\u00edsticamente y ponderados por edad y g\u00e9nero utilizando la informaci\u00f3n m\u00e1s reciente del censo y la muestra est\u00e1 estratificada geogr\u00e1ficamente para ser representativa de Canad\u00e1. El margen de error de esta encuesta es de \u00b13,0 puntos porcentuales, 19 de 20 veces. Es posible que los gr\u00e1ficos no sumen 100 debido al redondeo.<\/em><\/strong><\/h5>\n","protected":false},"excerpt":{"rendered":"<p>&nbsp; Los canadienses tienen tres veces m\u00e1s probabilidades de preferir a alguien que no sea el primer ministro Justin Trudeau para liderar a los liberales&hellip;<\/p>\n","protected":false},"author":99,"featured_media":518609,"comment_status":"open","ping_status":"open","sticky":false,"template":"","format":"standard","meta":{"footnotes":""},"categories":[21,11191],"tags":[],"class_list":["post-518608","post","type-post","status-publish","format-standard","has-post-thumbnail","hentry","category-canada","category-top-news"],"_links":{"self":[{"href":"https:\/\/diarioelpopular.com\/index.php\/wp-json\/wp\/v2\/posts\/518608","targetHints":{"allow":["GET"]}}],"collection":[{"href":"https:\/\/diarioelpopular.com\/index.php\/wp-json\/wp\/v2\/posts"}],"about":[{"href":"https:\/\/diarioelpopular.com\/index.php\/wp-json\/wp\/v2\/types\/post"}],"author":[{"embeddable":true,"href":"https:\/\/diarioelpopular.com\/index.php\/wp-json\/wp\/v2\/users\/99"}],"replies":[{"embeddable":true,"href":"https:\/\/diarioelpopular.com\/index.php\/wp-json\/wp\/v2\/comments?post=518608"}],"version-history":[{"count":1,"href":"https:\/\/diarioelpopular.com\/index.php\/wp-json\/wp\/v2\/posts\/518608\/revisions"}],"predecessor-version":[{"id":518610,"href":"https:\/\/diarioelpopular.com\/index.php\/wp-json\/wp\/v2\/posts\/518608\/revisions\/518610"}],"wp:featuredmedia":[{"embeddable":true,"href":"https:\/\/diarioelpopular.com\/index.php\/wp-json\/wp\/v2\/media\/518609"}],"wp:attachment":[{"href":"https:\/\/diarioelpopular.com\/index.php\/wp-json\/wp\/v2\/media?parent=518608"}],"wp:term":[{"taxonomy":"category","embeddable":true,"href":"https:\/\/diarioelpopular.com\/index.php\/wp-json\/wp\/v2\/categories?post=518608"},{"taxonomy":"post_tag","embeddable":true,"href":"https:\/\/diarioelpopular.com\/index.php\/wp-json\/wp\/v2\/tags?post=518608"}],"curies":[{"name":"wp","href":"https:\/\/api.w.org\/{rel}","templated":true}]}}