{"id":518649,"date":"2024-06-11T09:55:53","date_gmt":"2024-06-11T13:55:53","guid":{"rendered":"https:\/\/diarioelpopular.com\/?p=518649"},"modified":"2024-06-11T09:55:53","modified_gmt":"2024-06-11T13:55:53","slug":"cronicas-dia-del-padre","status":"publish","type":"post","link":"https:\/\/diarioelpopular.com\/index.php\/2024\/06\/11\/cronicas-dia-del-padre\/","title":{"rendered":"CR\u00d3NICAS. D\u00eda del Padre"},"content":{"rendered":"<p><img loading=\"lazy\" decoding=\"async\" class=\"alignnone size-custom-full-size wp-image-518650\" src=\"https:\/\/diarioelpopular.com\/wp-content\/uploads\/2024\/06\/Screen-Shot-2024-06-11-at-9.55.19-AM-636x468.png\" alt=\"\" width=\"636\" height=\"468\" srcset=\"https:\/\/diarioelpopular.com\/wp-content\/uploads\/2024\/06\/Screen-Shot-2024-06-11-at-9.55.19-AM-636x468.png 636w, https:\/\/diarioelpopular.com\/wp-content\/uploads\/2024\/06\/Screen-Shot-2024-06-11-at-9.55.19-AM-300x221.png 300w, https:\/\/diarioelpopular.com\/wp-content\/uploads\/2024\/06\/Screen-Shot-2024-06-11-at-9.55.19-AM-768x565.png 768w, https:\/\/diarioelpopular.com\/wp-content\/uploads\/2024\/06\/Screen-Shot-2024-06-11-at-9.55.19-AM-99x73.png 99w, https:\/\/diarioelpopular.com\/wp-content\/uploads\/2024\/06\/Screen-Shot-2024-06-11-at-9.55.19-AM.png 1024w\" sizes=\"auto, (max-width: 636px) 100vw, 636px\" \/><\/p>\n<p>&nbsp;<\/p>\n<p class=\"p1\"><em><strong>Por: Luc\u00eda P. de Garc\u00eda<\/strong><\/em><\/p>\n<p class=\"p1\"><em><strong>Toronto.-<\/strong> <\/em>Contrario a lo que sucede con el D\u00eda de la Madre que se celebra con gran amor y alegr\u00eda en todo el mundo, el D\u00eda del Padre no despierta mucho entusiasmo. Esto se debe sin duda, a que es la madre quien desde su gestaci\u00f3n ama incondicionalmente a su hijo, por \u00e9l soporta toda clase de sufrimientos, humillaciones, lo protege con abnegaci\u00f3n, se juega la vida por \u00e9l. En cambio hay individuos que abandonan a la mujer en cuanto se enteran que lleva en su vientre al ser del cual es padre; que no asumen su paternidad en lo econ\u00f3mico y dejan que sea la madre quien se las arregle sola; son viciosos, libertinos, violentos, maltratan a los v\u00e1stagos igual que a la madre; est\u00e1n ausentes o definitivamente se olvidan de sus hijos, todo lo cual fomenta el machismo.<\/p>\n<p class=\"p1\">Expertos en esta materia afirman que si bien la madre es quien siembra en sus hijos sentimientos, espiritualidad, calidez, fortaleza, es el padre quien influye en la conducta que tendr\u00e1n en sus vidas. Se ha comprobado que el 94% de los delincuentes juveniles que no han crecido con la gu\u00eda y protecci\u00f3n paterna son inestables, tienen problemas en los estudios, frustraci\u00f3n, agresividad, carecen de sentido de pertenencia. Las hijas sufren dolor, soledad, resentimiento, baja autoestima, dificultades en sus relaciones sociales.<span class=\"Apple-converted-space\">\u00a0<\/span><\/p>\n<p class=\"p1\">Seg\u00fan estad\u00edsticas mundiales proporcionadas por entidades como Naciones Unidas, Family Watch, Universidad de Harvard, y estudios de destacados soci\u00f3logos y psic\u00f3logos, un promedio de 70% de ni\u00f1os y adolescentes han sido abandonados por su padre. En ciertas regiones del planeta la ausencia llega al 93%. A estas alarmantes cifras se suma otra problem\u00e1tica dif\u00edcil: padres que en las c\u00e1rceles cuidan a sus hijos; padres que emigran en b\u00fasqueda de oportunidades que les permitan solventar econ\u00f3micamente a sus familias; padres que en pos de incrementar sus ganancias econ\u00f3micas suplen su ausencia ante los hijos con cosas materiales.<span class=\"Apple-converted-space\">\u00a0<\/span><\/p>\n<p class=\"p1\">Todo indica que son excepcionales los casos de padres responsables que junto con las madres mantienen hogares estables, cr\u00edan y forman con amor a sus hijos. Ante las realidades descritas, todas las religiones piden concienciar a la sociedad sobre los valores de la familia, sobre el compromiso que significa brindarles un hogar pleno de cari\u00f1o, armon\u00eda, confianza, serenidad, solidaridad. Naciones Unidas exhorta a los 92 pa\u00edses que no tienen pol\u00edticas de permiso de paternidad crearlas legalmente, para que desde el nacimiento del hijo empiece la crianza conjunta entre madre y padre, experiencia sublime y enriquecedora que auspicia una sociedad m\u00e1s igualitaria, justa, progresista y de paz. <span class=\"Apple-converted-space\">\u00a0<\/span><\/p>\n<p class=\"p1\">Con la esperanza de que los casos excepcionales se multipliquen, este a\u00f1o se celebra otro D\u00eda del Padre. La iniciativa la tuvo en 1910 Sonora Smart Dodd, escritora, poeta, escultora y empresaria nacida en Arkansas en 1882. Cuando ella ten\u00eda 16 a\u00f1os de edad falleci\u00f3 su madre durante el parto de su \u00faltimo beb\u00e9, dejando al padre, William Smart, granjero y veterano de la Guerra Civil, la dura tarea de cuidar seis v\u00e1stagos, afrontar las labores del hogar y al mismo tiempo trabajar en el campo. Como hija mayor ella le ayud\u00f3 en lo que pudo, admirando y valorando siempre el rol de padre-madre que \u00e9l asumi\u00f3 \u201ccon gran coraje, devoci\u00f3n y sacrificio\u201d.<\/p>\n<p class=\"p1\">Sonora se cas\u00f3 con John Dodd. Encontr\u00e1ndose la pareja en la Iglesia Metodista Central de Spokane para celebrar el D\u00eda de la Madre, ella pens\u00f3 que los padres merec\u00edan festejar su d\u00eda por igual. Un a\u00f1o despu\u00e9s present\u00f3 ante la Alianza Ministerial una solicitud en ese sentido, se\u00f1alando que se fijara como fecha cada 5 de junio, para que coincidiera con el cumplea\u00f1os<span class=\"Apple-converted-space\">\u00a0 <\/span>de su progenitor. La respuesta fue positiva, s\u00f3lo se le indic\u00f3 que en vista de que no hab\u00eda mucho tiempo para preparar los sermones el evento deb\u00eda posponerse dos semanas.<span class=\"Apple-converted-space\">\u00a0<\/span><\/p>\n<p class=\"p1\">As\u00ed, el Tercer Domingo de Junio de 1910 se celebr\u00f3 oficialmente el primer D\u00eda del Padre en el mundo. Fue en Spokane donde en las iglesias se or\u00f3 por los padres y se les dedic\u00f3 frases que exaltan su labor amorosa, dedicada, responsable. La noticia se public\u00f3 en varios diarios nacionales, y desde aquel d\u00eda Sonora empez\u00f3 a recibir cientos de cartas de felicitaci\u00f3n y agradecimiento por su iniciativa. Al morir en 1978, Spokane la despidi\u00f3 con honores.<span class=\"Apple-converted-space\">\u00a0<\/span><\/p>\n<p class=\"p1\">En 1924 el ex presidente estadounidense Calvin Coolidge exalt\u00f3 la celebraci\u00f3n y recomend\u00f3 continuarla. En 1966 el ex presidente Lyndon B. Johnson oficializ\u00f3 la fecha por Resoluci\u00f3n. La mayor\u00eda de pa\u00edses que la acogieron festejan a los padres en junio. En otros lugares como Andorra, B\u00e9lgica, Bolivia, Croacia, Honduras, Italia, Liechtenstein, Marruecos, Mozambique, Portugal y Suiza se ha preferido celebrar el D\u00eda del Padre cada 19 de Marzo, d\u00eda de San Jos\u00e9, esposo de Mar\u00eda, madre de Jes\u00fas. Es que Jos\u00e9 representa no s\u00f3lo al esposo ejemplar sino al padre excepcional que cuida y protege al hijo adoptado con ese amor \u00edntegro, sincero y generoso que sale del coraz\u00f3n, por lo que el m\u00e9rito es a\u00fan m\u00e1s grande\u2026<\/p>\n<p class=\"p1\">Son esos maravillosos padres adoptivos, biol\u00f3gicos, los que por determinada raz\u00f3n cr\u00edan solos a sus hijos desempe\u00f1\u00e1ndose tambi\u00e9n con el rol de madre, quienes son dignos de ser llamados cari\u00f1osamente \u201cPADRE, PAP\u00c1, PAPI, TAITA, TATA, PADRAZO, VIEJITO\u201d, y m\u00e1s a\u00fan ser festejados con un sonoro y alegre \u00a1Feliz D\u00eda del Padre!<\/p>\n","protected":false},"excerpt":{"rendered":"<p>&nbsp; Por: Luc\u00eda P. de Garc\u00eda Toronto.- Contrario a lo que sucede con el D\u00eda de la Madre que se celebra con gran amor y&hellip;<\/p>\n","protected":false},"author":99,"featured_media":518650,"comment_status":"open","ping_status":"open","sticky":false,"template":"","format":"standard","meta":{"footnotes":""},"categories":[21,11362],"tags":[],"class_list":["post-518649","post","type-post","status-publish","format-standard","has-post-thumbnail","hentry","category-canada","category-cronicas"],"_links":{"self":[{"href":"https:\/\/diarioelpopular.com\/index.php\/wp-json\/wp\/v2\/posts\/518649","targetHints":{"allow":["GET"]}}],"collection":[{"href":"https:\/\/diarioelpopular.com\/index.php\/wp-json\/wp\/v2\/posts"}],"about":[{"href":"https:\/\/diarioelpopular.com\/index.php\/wp-json\/wp\/v2\/types\/post"}],"author":[{"embeddable":true,"href":"https:\/\/diarioelpopular.com\/index.php\/wp-json\/wp\/v2\/users\/99"}],"replies":[{"embeddable":true,"href":"https:\/\/diarioelpopular.com\/index.php\/wp-json\/wp\/v2\/comments?post=518649"}],"version-history":[{"count":1,"href":"https:\/\/diarioelpopular.com\/index.php\/wp-json\/wp\/v2\/posts\/518649\/revisions"}],"predecessor-version":[{"id":518651,"href":"https:\/\/diarioelpopular.com\/index.php\/wp-json\/wp\/v2\/posts\/518649\/revisions\/518651"}],"wp:featuredmedia":[{"embeddable":true,"href":"https:\/\/diarioelpopular.com\/index.php\/wp-json\/wp\/v2\/media\/518650"}],"wp:attachment":[{"href":"https:\/\/diarioelpopular.com\/index.php\/wp-json\/wp\/v2\/media?parent=518649"}],"wp:term":[{"taxonomy":"category","embeddable":true,"href":"https:\/\/diarioelpopular.com\/index.php\/wp-json\/wp\/v2\/categories?post=518649"},{"taxonomy":"post_tag","embeddable":true,"href":"https:\/\/diarioelpopular.com\/index.php\/wp-json\/wp\/v2\/tags?post=518649"}],"curies":[{"name":"wp","href":"https:\/\/api.w.org\/{rel}","templated":true}]}}