{"id":518733,"date":"2024-06-15T10:37:05","date_gmt":"2024-06-15T14:37:05","guid":{"rendered":"https:\/\/diarioelpopular.com\/?p=518733"},"modified":"2024-06-15T10:37:05","modified_gmt":"2024-06-15T14:37:05","slug":"liberales-estan-divididos-sobre-la-concesion-del-estatus-a-miles-de-indocumentados","status":"publish","type":"post","link":"https:\/\/diarioelpopular.com\/index.php\/2024\/06\/15\/liberales-estan-divididos-sobre-la-concesion-del-estatus-a-miles-de-indocumentados\/","title":{"rendered":"Liberales est\u00e1n divididos sobre la concesi\u00f3n del estatus a miles de indocumentados"},"content":{"rendered":"<p><img loading=\"lazy\" decoding=\"async\" class=\"alignnone size-custom-full-size wp-image-518734\" src=\"https:\/\/diarioelpopular.com\/wp-content\/uploads\/2024\/06\/Screen-Shot-2024-06-15-at-10.36.35-AM-636x363.png\" alt=\"\" width=\"636\" height=\"363\" srcset=\"https:\/\/diarioelpopular.com\/wp-content\/uploads\/2024\/06\/Screen-Shot-2024-06-15-at-10.36.35-AM-636x363.png 636w, https:\/\/diarioelpopular.com\/wp-content\/uploads\/2024\/06\/Screen-Shot-2024-06-15-at-10.36.35-AM-300x171.png 300w, https:\/\/diarioelpopular.com\/wp-content\/uploads\/2024\/06\/Screen-Shot-2024-06-15-at-10.36.35-AM-768x439.png 768w, https:\/\/diarioelpopular.com\/wp-content\/uploads\/2024\/06\/Screen-Shot-2024-06-15-at-10.36.35-AM-128x73.png 128w, https:\/\/diarioelpopular.com\/wp-content\/uploads\/2024\/06\/Screen-Shot-2024-06-15-at-10.36.35-AM.png 1024w\" sizes=\"auto, (max-width: 636px) 100vw, 636px\" \/><\/p>\n<p>&nbsp;<\/p>\n<ul>\n<li><em><strong>Miller ha dicho que hay entre 300.000 y 600.000 personas indocumentadas en Canad\u00e1<\/strong><\/em><\/li>\n<\/ul>\n<p>&nbsp;<\/p>\n<p><em><strong>OTTAWA.-<\/strong> <\/em>El Ministro de Inmigraci\u00f3n, Marc Miller, dijo que el gobierno federal contin\u00faa investigando opciones para otorgar estatus a algunas personas indocumentadas en Canad\u00e1, pero no ve consenso sobre el tema en el pa\u00eds o en el grupo gubernamental.<\/p>\n<p>En una entrevista transmitida este s\u00e1bado en The House de la estaci\u00f3n CBC, Miller habl\u00f3 positivamente sobre la idea, pero advirti\u00f3 que el debate en curso sobre la perspectiva lo llev\u00f3 a &#8220;reflexionar&#8221; sobre la posibilidad de tomar cualquier medida.<\/p>\n<p>&#8220;Creo que desde una perspectiva humanitaria tiene sentido. Desde una perspectiva econ\u00f3mica, tiene sentido&#8221;, le dijo a la presentadora Catherine Cullen.<\/p>\n<p>&#8220;Dicho esto, no creo que haya consenso en Canad\u00e1 sobre si hacer esto o no. Me atrever\u00eda incluso a decir que no necesariamente hay un consenso en nuestro caucus. Eso me hace hacer una pausa&#8221;.<\/p>\n<p>Los liberales se comprometieron a finales de 2021 a &#8220;explorar formas de regularizar el estatus de los trabajadores indocumentados que contribuyen a las comunidades canadienses&#8221;. El primer ministro Justin Trudeau dijo que no ten\u00eda un cronograma para poner en pr\u00e1ctica esta propuesta.<\/p>\n<p>&#8220;Tiene que haber un camino hacia la regularizaci\u00f3n y la ciudadan\u00eda, en el que s\u00e9 que el ministro (de Inmigraci\u00f3n) est\u00e1 trabajando. En algunos casos, necesitamos acelerar los procedimientos de deportaci\u00f3n&#8221;, dijo Trudeau en mayo de este a\u00f1o.<\/p>\n<p>Miller habl\u00f3 sobre la planificaci\u00f3n de un &#8220;programa amplio y completo&#8221; para la regularizaci\u00f3n en una entrevista con el Globe and Mail en diciembre pasado.<\/p>\n<p>En esa entrevista, Miller estim\u00f3 el n\u00famero de personas indocumentadas en Canad\u00e1 entre 300.000 y 600.000. Una serie de fuentes acad\u00e9micas citadas por el gobierno el a\u00f1o pasado proporcionan un rango de 20.000 a 500.000.<\/p>\n<p>&#8220;No son canadienses, pero para cualquier otro prop\u00f3sito, lo son, completamente integrados en la sociedad. No tienen un impacto en la vivienda, pero est\u00e1n trabajando en el mercado gris porque, por una variedad de razones, y &#8220;Esto se ha documentado con el tiempo; simplemente no tienen los documentos adecuados&#8221;, afirm\u00f3.<\/p>\n<p>El gobierno ha estado bajo presi\u00f3n de grupos que representan a los inmigrantes, incluida la Red de Derechos de los Migrantes, que en mayo inst\u00f3 a Miller a seguir adelante con la propuesta del gobierno.<\/p>\n<p>&#8220;La regularizaci\u00f3n es una prueba de fuego del compromiso del Primer Ministro Trudeau con la igualdad, la diversidad y la inclusi\u00f3n&#8221;, dijo Syed Hussan, director ejecutivo de la Alianza de Trabajadores Migrantes para el Cambio.<\/p>\n<p>Miller dijo que el tema ha sido discutido pero que el gabinete no ha llegado a ning\u00fan consenso.<\/p>\n<p>&#8220;Estamos en el proceso de analizar esto como gabinete y todav\u00eda no hay acuerdo sobre hacia d\u00f3nde ir\u00e1&#8221;, agreg\u00f3.<\/p>\n<p>La inmigraci\u00f3n en general se ha convertido en un punto importante del debate pol\u00edtico, especialmente en lo que se refiere a cuestiones de asequibilidad como la vivienda. Una mayor\u00eda significativa de canadienses dijo en una encuesta del a\u00f1o pasado que las mayores cifras de inmigraci\u00f3n estaban ejerciendo presi\u00f3n sobre la vivienda en Canad\u00e1.<\/p>\n<p>El l\u00edder conservador Pierre Poilievre ha prometido vincular la inmigraci\u00f3n al n\u00famero de casas construidas en Canad\u00e1, as\u00ed como a la capacidad del sistema de atenci\u00f3n sanitaria, pero no ha comentado si recortar\u00eda los objetivos de residentes permanentes o reducir\u00eda el n\u00famero de residentes no permanentes. .<\/p>\n<p>En declaraciones a The House, Miller se\u00f1al\u00f3 que otros pa\u00edses hab\u00edan experimentado tanto \u00e9xito como controversia con los programas de regularizaci\u00f3n. Dijo que si bien apoya la idea de la regularizaci\u00f3n, en \u00faltima instancia no es su decisi\u00f3n.<\/p>\n<p>&#8220;Hemos asumido mucho como gobierno y cuando falta un a\u00f1o y medio [antes de las pr\u00f3ximas elecciones fijadas], la pregunta es: \u00bfes este el momento adecuado?&#8221;. anot\u00f3.<\/p>\n<p>&#8220;Creo que lo es. Pero no soy la voz final en esto ni la autoridad final en esto, ni deber\u00eda serlo&#8221;.<\/p>\n","protected":false},"excerpt":{"rendered":"<p>&nbsp; Miller ha dicho que hay entre 300.000 y 600.000 personas indocumentadas en Canad\u00e1 &nbsp; OTTAWA.- El Ministro de Inmigraci\u00f3n, Marc Miller, dijo que el&hellip;<\/p>\n","protected":false},"author":99,"featured_media":518734,"comment_status":"open","ping_status":"open","sticky":false,"template":"","format":"standard","meta":{"footnotes":""},"categories":[21,11191],"tags":[],"class_list":["post-518733","post","type-post","status-publish","format-standard","has-post-thumbnail","hentry","category-canada","category-top-news"],"_links":{"self":[{"href":"https:\/\/diarioelpopular.com\/index.php\/wp-json\/wp\/v2\/posts\/518733","targetHints":{"allow":["GET"]}}],"collection":[{"href":"https:\/\/diarioelpopular.com\/index.php\/wp-json\/wp\/v2\/posts"}],"about":[{"href":"https:\/\/diarioelpopular.com\/index.php\/wp-json\/wp\/v2\/types\/post"}],"author":[{"embeddable":true,"href":"https:\/\/diarioelpopular.com\/index.php\/wp-json\/wp\/v2\/users\/99"}],"replies":[{"embeddable":true,"href":"https:\/\/diarioelpopular.com\/index.php\/wp-json\/wp\/v2\/comments?post=518733"}],"version-history":[{"count":1,"href":"https:\/\/diarioelpopular.com\/index.php\/wp-json\/wp\/v2\/posts\/518733\/revisions"}],"predecessor-version":[{"id":518735,"href":"https:\/\/diarioelpopular.com\/index.php\/wp-json\/wp\/v2\/posts\/518733\/revisions\/518735"}],"wp:featuredmedia":[{"embeddable":true,"href":"https:\/\/diarioelpopular.com\/index.php\/wp-json\/wp\/v2\/media\/518734"}],"wp:attachment":[{"href":"https:\/\/diarioelpopular.com\/index.php\/wp-json\/wp\/v2\/media?parent=518733"}],"wp:term":[{"taxonomy":"category","embeddable":true,"href":"https:\/\/diarioelpopular.com\/index.php\/wp-json\/wp\/v2\/categories?post=518733"},{"taxonomy":"post_tag","embeddable":true,"href":"https:\/\/diarioelpopular.com\/index.php\/wp-json\/wp\/v2\/tags?post=518733"}],"curies":[{"name":"wp","href":"https:\/\/api.w.org\/{rel}","templated":true}]}}