{"id":518825,"date":"2024-06-21T10:01:23","date_gmt":"2024-06-21T14:01:23","guid":{"rendered":"https:\/\/diarioelpopular.com\/?p=518825"},"modified":"2024-06-21T10:01:23","modified_gmt":"2024-06-21T14:01:23","slug":"las-nuevas-reglas-de-ciudadania-canadiense-para-los-nacidos-en-el-extranjero-podrian-retrasarse-hasta-diciembre","status":"publish","type":"post","link":"https:\/\/diarioelpopular.com\/index.php\/2024\/06\/21\/las-nuevas-reglas-de-ciudadania-canadiense-para-los-nacidos-en-el-extranjero-podrian-retrasarse-hasta-diciembre\/","title":{"rendered":"Las nuevas reglas de ciudadan\u00eda canadiense para los nacidos en el extranjero podr\u00edan retrasarse hasta diciembre"},"content":{"rendered":"<p><img loading=\"lazy\" decoding=\"async\" class=\"alignnone size-custom-full-size wp-image-518826\" src=\"https:\/\/diarioelpopular.com\/wp-content\/uploads\/2024\/06\/Screen-Shot-2024-06-21-at-10.00.47-AM-636x409.png\" alt=\"\" width=\"636\" height=\"409\" srcset=\"https:\/\/diarioelpopular.com\/wp-content\/uploads\/2024\/06\/Screen-Shot-2024-06-21-at-10.00.47-AM-636x409.png 636w, https:\/\/diarioelpopular.com\/wp-content\/uploads\/2024\/06\/Screen-Shot-2024-06-21-at-10.00.47-AM-300x193.png 300w, https:\/\/diarioelpopular.com\/wp-content\/uploads\/2024\/06\/Screen-Shot-2024-06-21-at-10.00.47-AM-768x493.png 768w, https:\/\/diarioelpopular.com\/wp-content\/uploads\/2024\/06\/Screen-Shot-2024-06-21-at-10.00.47-AM-85x55.png 85w, https:\/\/diarioelpopular.com\/wp-content\/uploads\/2024\/06\/Screen-Shot-2024-06-21-at-10.00.47-AM-114x73.png 114w, https:\/\/diarioelpopular.com\/wp-content\/uploads\/2024\/06\/Screen-Shot-2024-06-21-at-10.00.47-AM.png 1024w\" sizes=\"auto, (max-width: 636px) 100vw, 636px\" \/><\/p>\n<p>&nbsp;<\/p>\n<p>&nbsp;<\/p>\n<ul>\n<li><em><strong>Un n\u00famero desconocido de j\u00f3venes nacidos en el extranjero de padres canadienses podr\u00edan esperar al menos hasta diciembre para ser elegibles para la ciudadan\u00eda<\/strong><\/em><\/li>\n<\/ul>\n<p>&nbsp;<\/p>\n<p><em><strong>OTTAWA.-<\/strong><\/em> El a\u00f1o pasado, el Tribunal Superior de Ontario orden\u00f3 a Ottawa revertir las restricciones impuestas por el anterior gobierno conservador en 2009, que limitaba la ciudadan\u00eda por descendencia a los ni\u00f1os nacidos en Canad\u00e1 si sus padres nacionalizados canadienses hab\u00edan nacido fuera del pa\u00eds.<\/p>\n<p>El tribunal declar\u00f3 inconstitucional el cambio de 2009 para crear dos clases de ciudadanos y dio a Ottawa hasta el 19 de junio para implementar una soluci\u00f3n. Este mi\u00e9rcoles, el tribunal acept\u00f3 la solicitud del gobierno de extender ese plazo hasta el 9 de agosto.<\/p>\n<p>En una declaraci\u00f3n a la estaci\u00f3n CTVNews.ca, un portavoz de Inmigraci\u00f3n, Refugiados y Ciudadan\u00eda de Canad\u00e1 (IRCC) explic\u00f3 que hab\u00eda condiciones adjuntas a la nueva fecha l\u00edmite del 9 de agosto.<\/p>\n<p>&#8220;El juez tambi\u00e9n orden\u00f3 una audiencia el 1 de agosto de 2024 para determinar si ser\u00eda apropiada una extensi\u00f3n hasta diciembre de 2024&#8221;, dijo el portavoz del IRCC a CTVNews.ca. &#8220;Ella solicit\u00f3 que se le presente antes de la audiencia un informe que explique el progreso realizado en el proyecto de ley C-71 desde el 23 de mayo de 2024 &#8216;e idealmente, los pr\u00f3ximos pasos previstos para aprobar el proyecto de ley antes del 19 de diciembre de 2024&#8242;&#8221;.<\/p>\n<p>El proyecto de ley C-71, una ley para modificar la Ley de ciudadan\u00eda, se present\u00f3 a finales de mayo. Si se aprueba, la ciudadan\u00eda se otorgar\u00eda autom\u00e1ticamente a cualquier persona afectada por el cambio de 2009. En el futuro, los ciudadanos canadienses que nacieron en el extranjero tambi\u00e9n tendr\u00e1n que pasar al menos tres a\u00f1os en el pa\u00eds antes de un nacimiento o adopci\u00f3n en el extranjero para poder transmitir los derechos de ciudadan\u00eda a sus hijos.<\/p>\n<p>&#8220;No hay duda de que la ciudadan\u00eda canadiense es muy valorada y reconocida en todo el mundo&#8221;, dijo anteriormente el ministro de Inmigraci\u00f3n, Marc Miller. &#8220;Queremos que la ciudadan\u00eda sea justa, accesible, con reglas claras y transparentes&#8221;.<\/p>\n<p>Con la C\u00e1mara de los Comunes suspendida durante el verano este mi\u00e9rcoles, se espera que el proyecto de ley permanezca en suspenso hasta que los miembros del Parlamento reanuden la actividad legislativa a mediados de septiembre, lo que probablemente requiera otra extensi\u00f3n judicial.<\/p>\n<p>&#8220;Muchas personas que se consideraban canadienses fueron excluidas de la ciudadan\u00eda simplemente por su lugar de nacimiento&#8221;, dijo el consultor de inmigraci\u00f3n Al Parsai, con sede en Toronto. &#8220;Al declararla inconstitucional, el tribunal reconoci\u00f3 el impacto adverso sobre las familias canadienses y sus v\u00ednculos con su herencia&#8221;.<\/p>\n<p>El gobierno no tiene idea de cu\u00e1ntos de los llamados &#8220;canadienses perdidos&#8221; se ven afectados. Todos tienen 15 a\u00f1os o menos.<\/p>\n<p>La cr\u00edtica de inmigraci\u00f3n del NDP, Jenny Kwan, ayud\u00f3 a redactar el proyecto de ley junto con los liberales. Intent\u00f3 sacarlo adelante pidiendo el consentimiento un\u00e1nime de los parlamentarios, pero los conservadores votaron en contra dos veces.<\/p>\n<p>&#8220;He hablado con familiares que han sido separados de sus seres queridos debido a esta ley injusta que los conservadores introdujeron hace 15 a\u00f1os&#8221;, dijo el mes pasado el diputado del NDP de Vancouver East. &#8220;He hablado con familiares cuyos hijos son considerados ap\u00e1tridas, perdidos en el sistema, debido a esta ley injusta, punitiva e inconstitucional&#8221;.<\/p>\n<p>Si el gobierno federal no recibe otra extensi\u00f3n judicial antes de que se apruebe el proyecto de ley C-71, puede que le corresponda al propio ministro de Inmigraci\u00f3n decidir los casos de ciudadan\u00eda individuales.<\/p>\n<p>&#8220;Si no se cumple, estaremos en tierra de nadie&#8221;, dijo Miller antes de la extensi\u00f3n judicial del mi\u00e9rcoles. &#8220;B\u00e1sicamente, es mi discreci\u00f3n decidir qui\u00e9n es canadiense o no. Obviamente, eso no deber\u00eda depender de la discreci\u00f3n de un ministro&#8221;.<\/p>\n<p>Si el proyecto de ley se aprueba, cualquier persona afectada por el cambio de 2009 podr\u00eda solicitar en l\u00ednea un certificado de ciudadan\u00eda canadiense. El gobierno tambi\u00e9n tiene una herramienta digital que puede ayudarte a saber si eres canadiense.<\/p>\n<p>Parsai espera ver un aumento en las solicitudes de ciudadan\u00eda, lo que podr\u00eda agotar los recursos gubernamentales.<\/p>\n<p>&#8220;El fallo del Tribunal Superior de Ontario en 2023 fue un momento crucial, al reconocer la injusticia de la pol\u00edtica de 2009&#8221;, dijo Parsai. &#8220;Este cambio ser\u00e1 inmensamente positivo para los canadienses y sus familias, restaurando su sentido de pertenencia y reconocimiento legal&#8221;.<\/p>\n","protected":false},"excerpt":{"rendered":"<p>&nbsp; &nbsp; Un n\u00famero desconocido de j\u00f3venes nacidos en el extranjero de padres canadienses podr\u00edan esperar al menos hasta diciembre para ser elegibles para la&hellip;<\/p>\n","protected":false},"author":99,"featured_media":518826,"comment_status":"open","ping_status":"open","sticky":false,"template":"","format":"standard","meta":{"footnotes":""},"categories":[21,11191],"tags":[],"class_list":["post-518825","post","type-post","status-publish","format-standard","has-post-thumbnail","hentry","category-canada","category-top-news"],"_links":{"self":[{"href":"https:\/\/diarioelpopular.com\/index.php\/wp-json\/wp\/v2\/posts\/518825","targetHints":{"allow":["GET"]}}],"collection":[{"href":"https:\/\/diarioelpopular.com\/index.php\/wp-json\/wp\/v2\/posts"}],"about":[{"href":"https:\/\/diarioelpopular.com\/index.php\/wp-json\/wp\/v2\/types\/post"}],"author":[{"embeddable":true,"href":"https:\/\/diarioelpopular.com\/index.php\/wp-json\/wp\/v2\/users\/99"}],"replies":[{"embeddable":true,"href":"https:\/\/diarioelpopular.com\/index.php\/wp-json\/wp\/v2\/comments?post=518825"}],"version-history":[{"count":1,"href":"https:\/\/diarioelpopular.com\/index.php\/wp-json\/wp\/v2\/posts\/518825\/revisions"}],"predecessor-version":[{"id":518827,"href":"https:\/\/diarioelpopular.com\/index.php\/wp-json\/wp\/v2\/posts\/518825\/revisions\/518827"}],"wp:featuredmedia":[{"embeddable":true,"href":"https:\/\/diarioelpopular.com\/index.php\/wp-json\/wp\/v2\/media\/518826"}],"wp:attachment":[{"href":"https:\/\/diarioelpopular.com\/index.php\/wp-json\/wp\/v2\/media?parent=518825"}],"wp:term":[{"taxonomy":"category","embeddable":true,"href":"https:\/\/diarioelpopular.com\/index.php\/wp-json\/wp\/v2\/categories?post=518825"},{"taxonomy":"post_tag","embeddable":true,"href":"https:\/\/diarioelpopular.com\/index.php\/wp-json\/wp\/v2\/tags?post=518825"}],"curies":[{"name":"wp","href":"https:\/\/api.w.org\/{rel}","templated":true}]}}