{"id":518894,"date":"2024-06-25T09:02:22","date_gmt":"2024-06-25T13:02:22","guid":{"rendered":"https:\/\/diarioelpopular.com\/?p=518894"},"modified":"2024-06-25T09:02:22","modified_gmt":"2024-06-25T13:02:22","slug":"cronicas-pueblos-originarios-de-canada","status":"publish","type":"post","link":"https:\/\/diarioelpopular.com\/index.php\/2024\/06\/25\/cronicas-pueblos-originarios-de-canada\/","title":{"rendered":"CR\u00d3NICAS: Pueblos Originarios de Canad\u00e1"},"content":{"rendered":"<p><img loading=\"lazy\" decoding=\"async\" class=\"alignnone size-custom-full-size wp-image-518895\" src=\"https:\/\/diarioelpopular.com\/wp-content\/uploads\/2024\/06\/Screen-Shot-2024-06-25-at-9.01.50-AM-636x379.png\" alt=\"\" width=\"636\" height=\"379\" srcset=\"https:\/\/diarioelpopular.com\/wp-content\/uploads\/2024\/06\/Screen-Shot-2024-06-25-at-9.01.50-AM-636x380.png 636w, https:\/\/diarioelpopular.com\/wp-content\/uploads\/2024\/06\/Screen-Shot-2024-06-25-at-9.01.50-AM-300x179.png 300w, https:\/\/diarioelpopular.com\/wp-content\/uploads\/2024\/06\/Screen-Shot-2024-06-25-at-9.01.50-AM-768x458.png 768w, https:\/\/diarioelpopular.com\/wp-content\/uploads\/2024\/06\/Screen-Shot-2024-06-25-at-9.01.50-AM-122x73.png 122w, https:\/\/diarioelpopular.com\/wp-content\/uploads\/2024\/06\/Screen-Shot-2024-06-25-at-9.01.50-AM.png 1024w\" sizes=\"auto, (max-width: 636px) 100vw, 636px\" \/><\/p>\n<p>&nbsp;<\/p>\n<p class=\"p1\"><em><strong>Por: Luc\u00eda P. de Garc\u00eda<\/strong><\/em><\/p>\n<p class=\"p1\"><em><strong>Toronto.-<span class=\"Apple-converted-space\">\u00a0 <\/span><\/strong><\/em>Para los pueblos originarios de Canad\u00e1, la versi\u00f3n de que sus ancestros llegaron del Asia atravesando el Estrecho de Bering es absurda. Seg\u00fan su mitolog\u00eda, hace m\u00e1s de 30.000 a\u00f1os el h\u00e9roe cultural Weesakayjuc atraves\u00f3 una inundaci\u00f3n inmensa de cuyas profundidades extrajo un pu\u00f1ado de tierra para formar Norteam\u00e9rica. A Canad\u00e1 le otorg\u00f3 el \u00c1rtico helado, el bosque Boreal, los Grandes Lagos, las inmensas Praderas y las Monta\u00f1as Rocosas.<span class=\"Apple-converted-space\">\u00a0<\/span><\/p>\n<p class=\"p1\">Weesakayjuc model\u00f3 al hombre con ayuda de la Luna. Al verlo solo extrajo una de sus costillas,<span class=\"Apple-converted-space\">\u00a0 <\/span>form\u00f3 a la mujer y se la dio por compa\u00f1era. De esa primera pareja nacieron los pescadores de salm\u00f3n, los cultivadores de ma\u00edz, los cazadores de b\u00fafalos, los recolectores de arroz. Ellos a su vez fueron los padres de m\u00e1s de 600 Pueblos Originarios, hablaban m\u00e1s de 60 idiomas.<span class=\"Apple-converted-space\">\u00a0<\/span><\/p>\n<p class=\"p1\">Entre esos pueblos est\u00e1n los Inuit, quienes se ubicaron en el \u00c1rtico. Los Dene en el Sub\u00e1rtico. Los Beothucks en Terranova. Los Micmacs, Maliseet y Passamaquoddy en las provincias Mar\u00edtimas. Los Cree en los bosques del este.<span class=\"Apple-converted-space\">\u00a0<\/span><\/p>\n<p class=\"p1\">La regi\u00f3n de los Grandes Lagos y del r\u00edo San Lorenzo las poblaron Iroquois, Hochelaga, Pet\u00fan, Agojuda, Hurones, Neutrals, Stadaconias, Tuscarora, Algonquinos, Montaignais, Obenaquiouoit, Mohawks, Cayugas, Onondagas, Oneidas y S\u00e9nekas.<\/p>\n<p class=\"p1\">Las Grandes Praderas las habitaron Saulyeaux, M\u00e9tis, Assiniboines, Pies Negros, Blood, Sarces,<span class=\"Apple-converted-space\">\u00a0 <\/span>Piegan. Al oeste llegaron Snake, Peeaganes, Sanke, Flathead, Kootenay, Okanagan, Thompson, Lilooet, Shuswap, Salish, Corbeaux.<span class=\"Apple-converted-space\">\u00a0<\/span><\/p>\n<p class=\"p1\">En las orillas del Pac\u00edfico viv\u00edan los Haisla, los Kwakiutl, los Haida, los Tsimshian.<\/p>\n<p class=\"p1\">Los Pueblos Originarios compart\u00edan una misma forma de ser: aguerridos, vengativos, cortaban las cabelleras de sus enemigos y utilizaban sus cr\u00e1neos como vasijas. Como s\u00edmbolo de amistad fumaban tabaco en pipas. <span class=\"Apple-converted-space\">\u00a0<\/span><\/p>\n<p class=\"p1\">Eran excelentes navegantes, cazadores, pescadores y s\u00f3lo tomaban de la Naturaleza lo que necesitaban. A ella la cuidaban, respetaban y amaban entra\u00f1ablemente, cre\u00edan que los esp\u00edritus de monta\u00f1as, bosques, r\u00edos, lagos, mares, los elementos, se fund\u00edan con los de sus antepasados y adquir\u00edan poderes m\u00e1gicos que se representaban en las gigantescas figuras de madera a las que llamaban t\u00f3tems.<span class=\"Apple-converted-space\">\u00a0<\/span><\/p>\n<p class=\"p1\">Ten\u00edan gran aprecio por la libertad. Una falta grave la resolv\u00eda toda la tribu sancionando al culpable con una compensaci\u00f3n en regalos al afectado, o con un acto de venganza que satisfaga al ofendido. Las matronas ten\u00edan gran autoridad, eran ellas quienes tomaban las decisiones trascendentales, poniendo el inter\u00e9s de la comunidad sobre los intereses individuales. Eran pueblos alegres, cantaban y bailaban para exaltar la vida.<\/p>\n<p class=\"p1\">Al llegar los europeos en 1534 los ind\u00edgenas les recibieron con amistad, les acompa\u00f1aron en sus exploraciones y les ense\u00f1aron c\u00f3mo sobrevivir los inviernos. Tras adquirir armas y caballos se volvieron \u00e1giles jinetes y m\u00e1s peliagudos. Se sorprend\u00edan que los blancos mataran castores s\u00f3lo para acumular grandes cantidades de pieles que luego las comercializaban. Se escandalizaban al conocer que exist\u00eda una justicia que enviaba a las c\u00e1rceles. Para ellos ir a prisi\u00f3n era lo peor que les pod\u00eda pasar, prefer\u00edan la muerte.<span class=\"Apple-converted-space\">\u00a0<\/span><\/p>\n<p class=\"p1\">Los europeos no mezclaron su sangre con la de los ind\u00edgenas como ocurri\u00f3 en Latinoam\u00e9rica, ni encontraron el oro ni las riquezas que saquearon en el sur continental, ni valoraron la sencillez de sus vidas ni el apego a los lugares que consideraban sagrados ni sus tradiciones ni sus costumbres. A falta de metales preciosos se adue\u00f1aron de sus tierras y a ellos los desplazaron, los aislaron en \u201creservas\u201d.<span class=\"Apple-converted-space\">\u00a0<\/span><\/p>\n<p class=\"p1\">A esos grupos tan diversos, en 1982 el Gobierno Federal los resumi\u00f3 en la Constituci\u00f3n como s\u00f3lo tres: Inuit, M\u00e9tis y Primeras Naciones. El censo de 2026 se\u00f1ala que hay 634 comunidades de Primeras Naciones, \u00e9stas representan a m\u00e1s de 50 que hablan su propia lengua. El 40% viven en reservas, el 14% en zonas rurales, el 45% en zonas urbanas. En 2019 los Servicios Ind\u00edgenas de Canad\u00e1 registraron 970.562 personas. <span class=\"Apple-converted-space\">\u00a0<\/span><\/p>\n<p class=\"p1\">Con la finalidad de integrar a la sociedad canadiense a ni\u00f1os y adolescentes abor\u00edgenes, entre 1863 y 1996 se establecieron \u201cescuelas residenciales\u201d donde a la fuerza se les internaba para que olvidaran su cultura y aprendieran ingl\u00e9s, preceptos cristianos y costumbres europeas. Pero tales lugares se convirtieron en centros de abuso f\u00edsico, sexual, psicol\u00f3gico, all\u00ed fallecieron miles de ni\u00f1os y adolescentes. Este cap\u00edtulo de la historia que averg\u00fcenza a Canad\u00e1 oblig\u00f3 las disculpas p\u00fablicas del Primer Ministro Justin Trudeau en junio 2021. La \u201cperegrinaci\u00f3n penitencial\u201d del Papa Francisco en julio de 2022 para expiar las culpas de la Iglesia Cat\u00f3lica por haber participado en aquel sistema inhumano. Y un proceso de Perd\u00f3n y Reconciliaci\u00f3n que avanza bajo la atenta mirada de los t\u00f3tems distribuidos en todo el territorio nacional, testigos del festejo que se hizo en Canad\u00e1 el viernes 21 de junio, D\u00eda de los Pueblos Originarios.<\/p>\n<p class=\"p1\">Luego de ese preludio nos aprestamos a conmemorar la m\u00e1s importante fecha Patria, el D\u00eda de Canad\u00e1, que celebra la autonom\u00eda del Reino Unido y la emisi\u00f3n de la Constituci\u00f3n el 1 de Julio de 1867. Bajo ese auspicio el multiculturalismo sigue robusteci\u00e9ndose con el aporte de los inmigrantes que llegan de todas partes del mundo, y con el abrazo de dignidad, respeto y paz con el cual nos recibe Canad\u00e1. Son esos t\u00f3tems que se elevan majestuosos en el bello e inmenso territorio nacional los que el pr\u00f3ximo lunes 1 de Julio pondr\u00e1n magia a nuestro \u201cCanada Day\u201d herman\u00e1ndonos a todos una vez m\u00e1s\u2026<\/p>\n","protected":false},"excerpt":{"rendered":"<p>&nbsp; Por: Luc\u00eda P. de Garc\u00eda Toronto.-\u00a0 Para los pueblos originarios de Canad\u00e1, la versi\u00f3n de que sus ancestros llegaron del Asia atravesando el Estrecho&hellip;<\/p>\n","protected":false},"author":99,"featured_media":518895,"comment_status":"open","ping_status":"open","sticky":false,"template":"","format":"standard","meta":{"footnotes":""},"categories":[21,11362],"tags":[],"class_list":["post-518894","post","type-post","status-publish","format-standard","has-post-thumbnail","hentry","category-canada","category-cronicas"],"_links":{"self":[{"href":"https:\/\/diarioelpopular.com\/index.php\/wp-json\/wp\/v2\/posts\/518894","targetHints":{"allow":["GET"]}}],"collection":[{"href":"https:\/\/diarioelpopular.com\/index.php\/wp-json\/wp\/v2\/posts"}],"about":[{"href":"https:\/\/diarioelpopular.com\/index.php\/wp-json\/wp\/v2\/types\/post"}],"author":[{"embeddable":true,"href":"https:\/\/diarioelpopular.com\/index.php\/wp-json\/wp\/v2\/users\/99"}],"replies":[{"embeddable":true,"href":"https:\/\/diarioelpopular.com\/index.php\/wp-json\/wp\/v2\/comments?post=518894"}],"version-history":[{"count":1,"href":"https:\/\/diarioelpopular.com\/index.php\/wp-json\/wp\/v2\/posts\/518894\/revisions"}],"predecessor-version":[{"id":518896,"href":"https:\/\/diarioelpopular.com\/index.php\/wp-json\/wp\/v2\/posts\/518894\/revisions\/518896"}],"wp:featuredmedia":[{"embeddable":true,"href":"https:\/\/diarioelpopular.com\/index.php\/wp-json\/wp\/v2\/media\/518895"}],"wp:attachment":[{"href":"https:\/\/diarioelpopular.com\/index.php\/wp-json\/wp\/v2\/media?parent=518894"}],"wp:term":[{"taxonomy":"category","embeddable":true,"href":"https:\/\/diarioelpopular.com\/index.php\/wp-json\/wp\/v2\/categories?post=518894"},{"taxonomy":"post_tag","embeddable":true,"href":"https:\/\/diarioelpopular.com\/index.php\/wp-json\/wp\/v2\/tags?post=518894"}],"curies":[{"name":"wp","href":"https:\/\/api.w.org\/{rel}","templated":true}]}}