{"id":518897,"date":"2024-06-25T09:06:21","date_gmt":"2024-06-25T13:06:21","guid":{"rendered":"https:\/\/diarioelpopular.com\/?p=518897"},"modified":"2024-06-25T09:06:21","modified_gmt":"2024-06-25T13:06:21","slug":"recien-llegados-y-los-jovenes-son-los-mas-afectados-por-el-enfriamiento-del-mercado-laboral","status":"publish","type":"post","link":"https:\/\/diarioelpopular.com\/index.php\/2024\/06\/25\/recien-llegados-y-los-jovenes-son-los-mas-afectados-por-el-enfriamiento-del-mercado-laboral\/","title":{"rendered":"Reci\u00e9n llegados y los j\u00f3venes son los m\u00e1s afectados por el enfriamiento del mercado laboral"},"content":{"rendered":"<p><img loading=\"lazy\" decoding=\"async\" class=\"alignnone size-custom-full-size wp-image-518898\" src=\"https:\/\/diarioelpopular.com\/wp-content\/uploads\/2024\/06\/Screen-Shot-2024-06-25-at-9.05.49-AM-636x389.png\" alt=\"\" width=\"636\" height=\"389\" srcset=\"https:\/\/diarioelpopular.com\/wp-content\/uploads\/2024\/06\/Screen-Shot-2024-06-25-at-9.05.49-AM-636x389.png 636w, https:\/\/diarioelpopular.com\/wp-content\/uploads\/2024\/06\/Screen-Shot-2024-06-25-at-9.05.49-AM-300x183.png 300w, https:\/\/diarioelpopular.com\/wp-content\/uploads\/2024\/06\/Screen-Shot-2024-06-25-at-9.05.49-AM-768x469.png 768w, https:\/\/diarioelpopular.com\/wp-content\/uploads\/2024\/06\/Screen-Shot-2024-06-25-at-9.05.49-AM-119x73.png 119w, https:\/\/diarioelpopular.com\/wp-content\/uploads\/2024\/06\/Screen-Shot-2024-06-25-at-9.05.49-AM.png 1024w\" sizes=\"auto, (max-width: 636px) 100vw, 636px\" \/><\/p>\n<p>&nbsp;<\/p>\n<ul>\n<li><em><strong>Tiff Macklem, del Banco de Canad\u00e1, dice que el camino de regreso a la meta de inflaci\u00f3n del 2 por ciento del banco central parece cercano al codiciado \u201caterrizaje suave\u201d, pero tambi\u00e9n advierte que las consecuencias del enfriamiento del mercado laboral no se han distribuido de manera equitativa.<\/strong><\/em><\/li>\n<\/ul>\n<p>&nbsp;<\/p>\n<p>Macklem habl\u00f3 sobre la salud del mercado laboral de Canad\u00e1 en un discurso ante la C\u00e1mara de Comercio de Winnipeg el lunes por la tarde.<\/p>\n<p>Su discurso se produjo pocas semanas despu\u00e9s de que el Banco de Canad\u00e1 aplicara su primer recorte de tasas de inter\u00e9s en m\u00e1s de cuatro a\u00f1os, un cambio importante en la pol\u00edtica monetaria despu\u00e9s de m\u00e1s de dos a\u00f1os de ajuste que desaceler\u00f3 la econom\u00eda canadiense.<\/p>\n<p>Como parte de ese enfriamiento, la tasa de desempleo aument\u00f3 al 6,2 por ciento en mayo, frente al 4,8 por ciento en julio de 2022, el punto m\u00e1s bajo desde al menos la d\u00e9cada de 1970.<\/p>\n<p>En lugar de una correcci\u00f3n que hace que oleadas de canadienses pierdan sus empleos, el aumento del desempleo ha ido acompa\u00f1ado de una disminuci\u00f3n de las vacantes y de un r\u00e1pido crecimiento de la poblaci\u00f3n.<\/p>\n<p>La inflaci\u00f3n tambi\u00e9n ha bajado: la \u00faltima vez fue del 2,7 por ciento en abril y se publicar\u00e1n nuevos datos el martes. Macklem dijo el lunes que la econom\u00eda parece tener suficiente \u201cholgura\u201d como para seguir generando empleos sin poner en peligro el camino de regreso a la meta de inflaci\u00f3n del dos por ciento.<\/p>\n<p>\u201c\u00c9ste es el escenario de un aterrizaje suave. Siempre ha sido un camino estrecho y todav\u00eda tenemos que lograr el aterrizaje por completo\u201d, dijo.<\/p>\n<p>\u201cA\u00fan no hemos vuelto al dos por ciento y no podemos descartar nuevos obst\u00e1culos en el camino. Pero cada vez m\u00e1s parecemos estar en nuestro camino\u201d.<\/p>\n<p>Pero Macklem tambi\u00e9n se\u00f1al\u00f3 que si bien el enfriamiento general de la fuerza laboral ha sido \u201crazonablemente suave\u201d en conjunto, los datos pueden enmascarar tendencias preocupantes para algunos grupos en el mercado laboral.<\/p>\n<p>La tasa de desempleo para los reci\u00e9n llegados a Canad\u00e1 se situ\u00f3 en el 11,7 por ciento en mayo, se\u00f1al\u00f3, m\u00e1s del doble que la del resto de la poblaci\u00f3n (5,7 por ciento).<\/p>\n<p>Es una situaci\u00f3n similar para muchos j\u00f3venes canadienses, incluidos los reci\u00e9n graduados. La tasa de desempleo se sit\u00faa en el 12,7 por ciento entre las personas de 15 a 24 a\u00f1os, muy por encima de la tasa del 5,2 por ciento entre las personas de 25 a 54 a\u00f1os y dos puntos porcentuales m\u00e1s que el promedio prepand\u00e9mico para el grupo.<\/p>\n<p>Debido a que los empleadores est\u00e1n contratando menos durante la desaceleraci\u00f3n, es m\u00e1s dif\u00edcil para los trabajadores encontrar su primer empleo, explic\u00f3 Macklem. Eso perjudica desproporcionadamente a los reci\u00e9n llegados, a los trabajadores j\u00f3venes y a los reci\u00e9n graduados, y significa que las tasas de desempleo aqu\u00ed est\u00e1n aumentando mucho m\u00e1s r\u00e1pido que las del resto de la fuerza laboral que tiene carreras m\u00e1s establecidas.<\/p>\n<p>&#8220;La integraci\u00f3n en la econom\u00eda canadiense se est\u00e1 volviendo m\u00e1s dif\u00edcil&#8221;, dijo Macklem sobre los reci\u00e9n llegados que tardan m\u00e1s en encontrar trabajo. Dijo que el gobierno federal probablemente \u201ctiene espacio\u201d para desacelerar el ritmo de crecimiento de los residentes no permanentes sin generar escasez de mano de obra.<\/p>\n<p>Macklem admiti\u00f3 que los ajustes del mercado laboral \u201cnunca se distribuyen uniformemente\u201d, y agreg\u00f3 que la tasa de inter\u00e9s oficial del Banco de Canad\u00e1 no puede apuntar a \u201cpartes espec\u00edficas\u201d de la fuerza laboral.<\/p>\n<p>\u201cPero la desaceleraci\u00f3n en la contrataci\u00f3n ha provocado aumentos en el desempleo entre los trabajadores m\u00e1s j\u00f3venes y los reci\u00e9n llegados a Canad\u00e1. Estos trabajadores est\u00e1n sintiendo los efectos de un crecimiento m\u00e1s lento m\u00e1s que otros, y debemos reconocerlo\u201d, afirm\u00f3.<\/p>\n<p>Macklem tambi\u00e9n elogi\u00f3 el sistema de inmigraci\u00f3n de Canad\u00e1 el lunes. Despu\u00e9s de su discurso, dijo a los periodistas que Canad\u00e1 \u201chace un trabajo bastante bueno\u201d al atraer trabajadores que pueden \u201cintegrarse relativamente r\u00e1pido al mercado laboral\u201d.<\/p>\n<p>Pero existen \u201cl\u00edmites\u201d a la rapidez con la que Canad\u00e1 puede absorber a los reci\u00e9n llegados a la econom\u00eda, dijo Macklem.<\/p>\n<p>\u201cCreo que el mensaje aqu\u00ed es: &#8216;Mira, esto ha sido un gran \u00e9xito para nosotros, ha sido una verdadera fortaleza&#8217;. No perdamos eso de vista. Asegur\u00e9monos de centrarnos en una pol\u00edtica de inmigraci\u00f3n inteligente en el futuro\u201d, dijo a los periodistas.<\/p>\n<p>\u201cHa sido una fuente clave de crecimiento para Canad\u00e1. Manteng\u00e1moslo de esa manera.&#8221;<\/p>\n","protected":false},"excerpt":{"rendered":"<p>&nbsp; Tiff Macklem, del Banco de Canad\u00e1, dice que el camino de regreso a la meta de inflaci\u00f3n del 2 por ciento del banco central&hellip;<\/p>\n","protected":false},"author":99,"featured_media":518898,"comment_status":"open","ping_status":"open","sticky":false,"template":"","format":"standard","meta":{"footnotes":""},"categories":[21,11191],"tags":[],"class_list":["post-518897","post","type-post","status-publish","format-standard","has-post-thumbnail","hentry","category-canada","category-top-news"],"_links":{"self":[{"href":"https:\/\/diarioelpopular.com\/index.php\/wp-json\/wp\/v2\/posts\/518897","targetHints":{"allow":["GET"]}}],"collection":[{"href":"https:\/\/diarioelpopular.com\/index.php\/wp-json\/wp\/v2\/posts"}],"about":[{"href":"https:\/\/diarioelpopular.com\/index.php\/wp-json\/wp\/v2\/types\/post"}],"author":[{"embeddable":true,"href":"https:\/\/diarioelpopular.com\/index.php\/wp-json\/wp\/v2\/users\/99"}],"replies":[{"embeddable":true,"href":"https:\/\/diarioelpopular.com\/index.php\/wp-json\/wp\/v2\/comments?post=518897"}],"version-history":[{"count":1,"href":"https:\/\/diarioelpopular.com\/index.php\/wp-json\/wp\/v2\/posts\/518897\/revisions"}],"predecessor-version":[{"id":518899,"href":"https:\/\/diarioelpopular.com\/index.php\/wp-json\/wp\/v2\/posts\/518897\/revisions\/518899"}],"wp:featuredmedia":[{"embeddable":true,"href":"https:\/\/diarioelpopular.com\/index.php\/wp-json\/wp\/v2\/media\/518898"}],"wp:attachment":[{"href":"https:\/\/diarioelpopular.com\/index.php\/wp-json\/wp\/v2\/media?parent=518897"}],"wp:term":[{"taxonomy":"category","embeddable":true,"href":"https:\/\/diarioelpopular.com\/index.php\/wp-json\/wp\/v2\/categories?post=518897"},{"taxonomy":"post_tag","embeddable":true,"href":"https:\/\/diarioelpopular.com\/index.php\/wp-json\/wp\/v2\/tags?post=518897"}],"curies":[{"name":"wp","href":"https:\/\/api.w.org\/{rel}","templated":true}]}}