{"id":518901,"date":"2024-06-25T09:13:56","date_gmt":"2024-06-25T13:13:56","guid":{"rendered":"https:\/\/diarioelpopular.com\/?p=518901"},"modified":"2024-06-25T09:13:56","modified_gmt":"2024-06-25T13:13:56","slug":"la-poblacion-de-canada-de-85-anos-o-mas-se-triplicara-en-los-proximos-40-anos-statcan","status":"publish","type":"post","link":"https:\/\/diarioelpopular.com\/index.php\/2024\/06\/25\/la-poblacion-de-canada-de-85-anos-o-mas-se-triplicara-en-los-proximos-40-anos-statcan\/","title":{"rendered":"La poblaci\u00f3n de Canad\u00e1 de 85 a\u00f1os o m\u00e1s se triplicar\u00e1 en los pr\u00f3ximos 40 a\u00f1os: StatCan"},"content":{"rendered":"<p><img loading=\"lazy\" decoding=\"async\" class=\"alignnone size-custom-full-size wp-image-518902\" src=\"https:\/\/diarioelpopular.com\/wp-content\/uploads\/2024\/06\/Screen-Shot-2024-06-25-at-9.13.21-AM-636x477.png\" alt=\"\" width=\"636\" height=\"477\" srcset=\"https:\/\/diarioelpopular.com\/wp-content\/uploads\/2024\/06\/Screen-Shot-2024-06-25-at-9.13.21-AM-636x477.png 636w, https:\/\/diarioelpopular.com\/wp-content\/uploads\/2024\/06\/Screen-Shot-2024-06-25-at-9.13.21-AM-300x225.png 300w, https:\/\/diarioelpopular.com\/wp-content\/uploads\/2024\/06\/Screen-Shot-2024-06-25-at-9.13.21-AM-768x576.png 768w, https:\/\/diarioelpopular.com\/wp-content\/uploads\/2024\/06\/Screen-Shot-2024-06-25-at-9.13.21-AM-97x73.png 97w, https:\/\/diarioelpopular.com\/wp-content\/uploads\/2024\/06\/Screen-Shot-2024-06-25-at-9.13.21-AM.png 1024w\" sizes=\"auto, (max-width: 636px) 100vw, 636px\" \/><\/p>\n<p>&nbsp;<\/p>\n<ul>\n<li><em><strong>Se espera que la poblaci\u00f3n de Canad\u00e1 de 85 a\u00f1os o m\u00e1s se triplique para 2073 hasta llegar a 4,3 millones de personas, un aumento que probablemente ejercer\u00e1 nueva presi\u00f3n sobre el pa\u00eds en varios frentes, dice un dem\u00f3grafo.<\/strong><\/em><\/li>\n<\/ul>\n<p>Statistics Canada dijo en sus proyecciones publicadas el lunes que la poblaci\u00f3n del pa\u00eds podr\u00eda alcanzar un pron\u00f3stico de crecimiento medio de 63 millones para 2073 y que al menos 3,3 millones tendr\u00e1n m\u00e1s de 85 a\u00f1os.<\/p>\n<p>La agencia dijo que el envejecimiento de la poblaci\u00f3n y las bajas tasas de natalidad significan que la migraci\u00f3n ser\u00e1 el motor clave del crecimiento de Canad\u00e1 en el futuro previsible.<\/p>\n<p>&#8220;El aumento natural -es decir, el saldo de nacimientos menos muertes- jugar\u00eda s\u00f3lo un papel marginal, dado el aumento previsto en el n\u00famero de muertes debido al envejecimiento de la poblaci\u00f3n, as\u00ed como la baja fertilidad, una situaci\u00f3n observada en muchos otros pa\u00edses&#8221;. Statistics Canada dijo en la proyecci\u00f3n.<\/p>\n<p>El dem\u00f3grafo Doug Norris, radicado en Ottawa, dijo que la poblaci\u00f3n de Canad\u00e1 ha seguido una tendencia de envejecimiento durante muchos a\u00f1os a medida que el grupo demogr\u00e1fico de la generaci\u00f3n del baby boom envejece.<\/p>\n<p>Norris, dem\u00f3grafo jefe de la consultora de datos Environics Analytics, dijo que la poblaci\u00f3n de edad avanzada ejercer\u00e1 el doble de presi\u00f3n en el mercado laboral porque las personas no s\u00f3lo est\u00e1n envejeciendo y dejando de trabajar, sino que tambi\u00e9n envejecen y necesitan servicios proporcionados por otros.<\/p>\n<p>&#8220;Hemos escuchado mucho recientemente sobre los cuidados a largo plazo, sobre la necesidad de apoyo para que las personas envejezcan en su lugar y vivan en su residencia el mayor tiempo posible, y que se necesita ayuda para eso&#8221;, dijo.<\/p>\n<p>&#8220;Relacionada con todo eso est\u00e1 nuestra necesidad de que los trabajadores trabajen en centros de atenci\u00f3n a largo plazo, en general en el \u00e1rea de la salud, simplemente porque las demandas de ese tipo de servicios van a aumentar enormemente&#8221;.<\/p>\n<p>Norris dijo que la demanda laboral en el cuidado de personas mayores tambi\u00e9n significa que Canad\u00e1 debe planificar el crecimiento de su poblaci\u00f3n, impulsado por la inmigraci\u00f3n, para abordar directamente las \u00e1reas donde se necesitan trabajadores.<\/p>\n<p>Se espera que la tendencia al envejecimiento se mantenga en todas las provincias y territorios, dijo Statistics Canada.<\/p>\n<p>Las proyecciones s\u00ed se\u00f1alan, sin embargo, que a algunas regiones les ir\u00e1 mejor que a otras en cuanto a mantener el crecimiento demogr\u00e1fico, y se espera que Columbia Brit\u00e1nica, Alberta y Saskatchewan absorban una mayor proporci\u00f3n de la poblaci\u00f3n total de Canad\u00e1 en los pr\u00f3ximos 50 a\u00f1os.<\/p>\n<p>Se espera que provincias como Terranova y Labrador, Nueva Escocia, Nuevo Brunswick y Quebec experimenten una disminuci\u00f3n de la poblaci\u00f3n, y Statistics Canada dijo que algunas jurisdicciones podr\u00edan incluso experimentar una disminuci\u00f3n total de residentes entre 2023 y 2048.<\/p>\n<p>El prmier de B.C. David Eby dijo el lunes que no le sorprendi\u00f3 que la provincia probablemente superara a otras jurisdicciones canadienses, pero agreg\u00f3 que el crecimiento viene acompa\u00f1ado de presiones que requieren que el gobierno federal las reconozca y apoye.<\/p>\n<p>Eby, quien ha criticado que Ottawa no le haya dado a B.C. M\u00e1s apoyo financiero al tiempo que favorece a Quebec y Ontario, dijo que el gobierno federal necesita ayudar a financiar y construir infraestructura si sus pol\u00edticas sobre inmigraci\u00f3n dan como resultado un aumento de la poblaci\u00f3n.<\/p>\n<p>\u201cSi no tenemos ese socio federal, tendremos dificultades con este crecimiento\u201d, dijo Eby, citando el proyecto de reemplazo del t\u00fanel Massey y la planta de tratamiento de agua de Iona Island en Metro Vancouver como ejemplos de la necesidad de una mayor financiaci\u00f3n de Ottawa.<\/p>\n<p>\u201cEstas son pol\u00edticas federales que est\u00e1n dando como resultado este crecimiento, que acogemos con agrado y las entendemos. Pero tenemos que contar con un apoyo federal equivalente en infraestructura para asegurarnos de que Columbia Brit\u00e1nica siga siendo un gran lugar para formar una familia, un gran lugar para jubilarse, un gran lugar para crecer\u201d.<\/p>\n<p>Norris dijo que los tomadores de decisiones tambi\u00e9n necesitan mirar las proyecciones para comunidades individuales porque si las tendencias migratorias aumentan, ese crecimiento se concentrar\u00eda en las principales ciudades, aumentando la carga de vivienda y otros servicios, mientras que hace poco para abordar el declive en las \u00e1reas rurales.<\/p>\n<p>\u201cPodemos hacer generalidades en general, pero incluso dentro de las provincias hay una diferencia enorme\u201d, dijo Norris. \u201cAunque hablamos de todo este crecimiento, todav\u00eda hay zonas regionales de nuestro pa\u00eds cuya poblaci\u00f3n est\u00e1 disminuyendo.<\/p>\n<p>\u201cSe les presenta un desaf\u00edo completamente diferente: c\u00f3mo van a ser sostenibles a largo plazo. Se oye hablar de correos o de bancos que cierran en las ciudades peque\u00f1as porque la poblaci\u00f3n est\u00e1 disminuyendo.<\/p>\n<p>&#8220;Realmente somos un pa\u00eds muy diverso y necesitamos entender la diversidad no s\u00f3lo en t\u00e9rminos de envejecimiento y poblaci\u00f3n, sino tambi\u00e9n de muchas otras maneras&#8221;.<\/p>\n","protected":false},"excerpt":{"rendered":"<p>&nbsp; Se espera que la poblaci\u00f3n de Canad\u00e1 de 85 a\u00f1os o m\u00e1s se triplique para 2073 hasta llegar a 4,3 millones de personas, un&hellip;<\/p>\n","protected":false},"author":99,"featured_media":518902,"comment_status":"open","ping_status":"open","sticky":false,"template":"","format":"standard","meta":{"footnotes":""},"categories":[21],"tags":[],"class_list":["post-518901","post","type-post","status-publish","format-standard","has-post-thumbnail","hentry","category-canada"],"_links":{"self":[{"href":"https:\/\/diarioelpopular.com\/index.php\/wp-json\/wp\/v2\/posts\/518901","targetHints":{"allow":["GET"]}}],"collection":[{"href":"https:\/\/diarioelpopular.com\/index.php\/wp-json\/wp\/v2\/posts"}],"about":[{"href":"https:\/\/diarioelpopular.com\/index.php\/wp-json\/wp\/v2\/types\/post"}],"author":[{"embeddable":true,"href":"https:\/\/diarioelpopular.com\/index.php\/wp-json\/wp\/v2\/users\/99"}],"replies":[{"embeddable":true,"href":"https:\/\/diarioelpopular.com\/index.php\/wp-json\/wp\/v2\/comments?post=518901"}],"version-history":[{"count":1,"href":"https:\/\/diarioelpopular.com\/index.php\/wp-json\/wp\/v2\/posts\/518901\/revisions"}],"predecessor-version":[{"id":518903,"href":"https:\/\/diarioelpopular.com\/index.php\/wp-json\/wp\/v2\/posts\/518901\/revisions\/518903"}],"wp:featuredmedia":[{"embeddable":true,"href":"https:\/\/diarioelpopular.com\/index.php\/wp-json\/wp\/v2\/media\/518902"}],"wp:attachment":[{"href":"https:\/\/diarioelpopular.com\/index.php\/wp-json\/wp\/v2\/media?parent=518901"}],"wp:term":[{"taxonomy":"category","embeddable":true,"href":"https:\/\/diarioelpopular.com\/index.php\/wp-json\/wp\/v2\/categories?post=518901"},{"taxonomy":"post_tag","embeddable":true,"href":"https:\/\/diarioelpopular.com\/index.php\/wp-json\/wp\/v2\/tags?post=518901"}],"curies":[{"name":"wp","href":"https:\/\/api.w.org\/{rel}","templated":true}]}}