{"id":518944,"date":"2024-06-27T09:32:16","date_gmt":"2024-06-27T13:32:16","guid":{"rendered":"https:\/\/diarioelpopular.com\/?p=518944"},"modified":"2024-06-27T09:32:16","modified_gmt":"2024-06-27T13:32:16","slug":"la-elegibilidad-para-el-plan-dental-de-ottawa-se-amplia-a-ninos-y-personas-con-discapacidades","status":"publish","type":"post","link":"https:\/\/diarioelpopular.com\/index.php\/2024\/06\/27\/la-elegibilidad-para-el-plan-dental-de-ottawa-se-amplia-a-ninos-y-personas-con-discapacidades\/","title":{"rendered":"La elegibilidad para el plan dental de Ottawa se ampl\u00eda a ni\u00f1os y personas con discapacidades"},"content":{"rendered":"<p><img loading=\"lazy\" decoding=\"async\" class=\"alignnone size-custom-full-size wp-image-518945\" src=\"https:\/\/diarioelpopular.com\/wp-content\/uploads\/2024\/06\/Screen-Shot-2024-06-27-at-9.31.44-AM-636x483.png\" alt=\"\" width=\"636\" height=\"483\" srcset=\"https:\/\/diarioelpopular.com\/wp-content\/uploads\/2024\/06\/Screen-Shot-2024-06-27-at-9.31.44-AM-636x483.png 636w, https:\/\/diarioelpopular.com\/wp-content\/uploads\/2024\/06\/Screen-Shot-2024-06-27-at-9.31.44-AM-300x228.png 300w, https:\/\/diarioelpopular.com\/wp-content\/uploads\/2024\/06\/Screen-Shot-2024-06-27-at-9.31.44-AM-768x583.png 768w, https:\/\/diarioelpopular.com\/wp-content\/uploads\/2024\/06\/Screen-Shot-2024-06-27-at-9.31.44-AM-96x73.png 96w, https:\/\/diarioelpopular.com\/wp-content\/uploads\/2024\/06\/Screen-Shot-2024-06-27-at-9.31.44-AM.png 1014w\" sizes=\"auto, (max-width: 636px) 100vw, 636px\" \/><\/p>\n<p>&nbsp;<\/p>\n<p>Ottawa planea ampliar la elegibilidad para el programa dental federal este jueves para incluir a ni\u00f1os menores de 18 a\u00f1os y personas que reciben un cr\u00e9dito fiscal por discapacidad.<\/p>\n<p>&nbsp;<\/p>\n<p>El gobierno estima que ahora 1,2 millones de personas m\u00e1s podr\u00e1n solicitar el programa, que solo cubre una porci\u00f3n del costo dental y miles de dentista se rehusan a firmar el acuerdo con el gobierno por diversos motivos, especialmente el reducido pago por sus honorarios y la carga extra en administraci\u00f3n.<\/p>\n<p>Los cr\u00edticos han sugerido que basar la elegibilidad de las personas con discapacidades en el cr\u00e9dito fiscal dejar\u00e1 fuera a un gran n\u00famero de personas que m\u00e1s necesitan la ayuda.<\/p>\n<p>Los ministros federales han dicho que la elegibilidad se ampliar\u00e1 completamente para incluir a todos los que cumplan con los criterios de ingresos en enero de 2025, por lo que aquellos que queden fuera no tendr\u00e1n que esperar mucho m\u00e1s para acceder a la cobertura dental federal.<\/p>\n<p>La implementaci\u00f3n del programa se negoci\u00f3 con los Nuevos Dem\u00f3cratas como parte de un pacto pol\u00edtico para evitar elecciones anticipadas y mantener a Trudeau como primer ministro.<\/p>\n<p>Para calificar, los solicitantes no deben tener seguro y tener un ingreso familiar inferior a $90,000 por a\u00f1o.<\/p>\n","protected":false},"excerpt":{"rendered":"<p>&nbsp; Ottawa planea ampliar la elegibilidad para el programa dental federal este jueves para incluir a ni\u00f1os menores de 18 a\u00f1os y personas que reciben&hellip;<\/p>\n","protected":false},"author":99,"featured_media":518945,"comment_status":"open","ping_status":"open","sticky":false,"template":"","format":"standard","meta":{"footnotes":""},"categories":[21,11191],"tags":[],"class_list":["post-518944","post","type-post","status-publish","format-standard","has-post-thumbnail","hentry","category-canada","category-top-news"],"_links":{"self":[{"href":"https:\/\/diarioelpopular.com\/index.php\/wp-json\/wp\/v2\/posts\/518944","targetHints":{"allow":["GET"]}}],"collection":[{"href":"https:\/\/diarioelpopular.com\/index.php\/wp-json\/wp\/v2\/posts"}],"about":[{"href":"https:\/\/diarioelpopular.com\/index.php\/wp-json\/wp\/v2\/types\/post"}],"author":[{"embeddable":true,"href":"https:\/\/diarioelpopular.com\/index.php\/wp-json\/wp\/v2\/users\/99"}],"replies":[{"embeddable":true,"href":"https:\/\/diarioelpopular.com\/index.php\/wp-json\/wp\/v2\/comments?post=518944"}],"version-history":[{"count":1,"href":"https:\/\/diarioelpopular.com\/index.php\/wp-json\/wp\/v2\/posts\/518944\/revisions"}],"predecessor-version":[{"id":518946,"href":"https:\/\/diarioelpopular.com\/index.php\/wp-json\/wp\/v2\/posts\/518944\/revisions\/518946"}],"wp:featuredmedia":[{"embeddable":true,"href":"https:\/\/diarioelpopular.com\/index.php\/wp-json\/wp\/v2\/media\/518945"}],"wp:attachment":[{"href":"https:\/\/diarioelpopular.com\/index.php\/wp-json\/wp\/v2\/media?parent=518944"}],"wp:term":[{"taxonomy":"category","embeddable":true,"href":"https:\/\/diarioelpopular.com\/index.php\/wp-json\/wp\/v2\/categories?post=518944"},{"taxonomy":"post_tag","embeddable":true,"href":"https:\/\/diarioelpopular.com\/index.php\/wp-json\/wp\/v2\/tags?post=518944"}],"curies":[{"name":"wp","href":"https:\/\/api.w.org\/{rel}","templated":true}]}}