{"id":518994,"date":"2024-06-29T12:31:31","date_gmt":"2024-06-29T16:31:31","guid":{"rendered":"https:\/\/diarioelpopular.com\/?p=518994"},"modified":"2024-06-29T12:31:31","modified_gmt":"2024-06-29T16:31:31","slug":"ex-ministros-liberales-federales-piden-la-dimision-de-trudeau","status":"publish","type":"post","link":"https:\/\/diarioelpopular.com\/index.php\/2024\/06\/29\/ex-ministros-liberales-federales-piden-la-dimision-de-trudeau\/","title":{"rendered":"Ex ministros liberales federales, piden la dimisi\u00f3n de Trudeau"},"content":{"rendered":"<p><img loading=\"lazy\" decoding=\"async\" class=\"alignnone size-custom-full-size wp-image-518995\" src=\"https:\/\/diarioelpopular.com\/wp-content\/uploads\/2024\/06\/Screen-Shot-2024-06-29-at-12.30.58-PM-636x399.png\" alt=\"\" width=\"636\" height=\"399\" srcset=\"https:\/\/diarioelpopular.com\/wp-content\/uploads\/2024\/06\/Screen-Shot-2024-06-29-at-12.30.58-PM-636x399.png 636w, https:\/\/diarioelpopular.com\/wp-content\/uploads\/2024\/06\/Screen-Shot-2024-06-29-at-12.30.58-PM-300x188.png 300w, https:\/\/diarioelpopular.com\/wp-content\/uploads\/2024\/06\/Screen-Shot-2024-06-29-at-12.30.58-PM-768x482.png 768w, https:\/\/diarioelpopular.com\/wp-content\/uploads\/2024\/06\/Screen-Shot-2024-06-29-at-12.30.58-PM-116x73.png 116w, https:\/\/diarioelpopular.com\/wp-content\/uploads\/2024\/06\/Screen-Shot-2024-06-29-at-12.30.58-PM.png 1024w\" sizes=\"auto, (max-width: 636px) 100vw, 636px\" \/><\/p>\n<p>&nbsp;<\/p>\n<p>&nbsp;<\/p>\n<ul>\n<li><em><strong>Despu\u00e9s de una sorprendente derrota electoral, varios ex ministros liberales piden la dimisi\u00f3n de Justin Trudeau<\/strong><\/em><\/li>\n<\/ul>\n<p>Varios exministros que sirvieron en el gobierno de Justin Trudeau est\u00e1n pidiendo su renuncia, junto con el ex ministro de B.C. premier Christy Clark, siguiendo a los liberales Toronto\u2014St. La derrota electoral de Paul.<\/p>\n<p>El candidato conservador Don Stewart derrot\u00f3 a Leslie Church a principios de esta semana despu\u00e9s de que los liberales hubieran mantenido el control de la equitaci\u00f3n durante m\u00e1s de 30 a\u00f1os.<\/p>\n<p>Posteriormente, Trudeau dijo que escuch\u00f3 las \u201cpreocupaciones y frustraciones\u201d de los votantes.<\/p>\n<p>&#8220;Estos no son tiempos f\u00e1ciles, y est\u00e1 claro que yo y todo mi equipo liberal tenemos mucho m\u00e1s trabajo por hacer para lograr un progreso tangible y real que los canadienses puedan ver y sentir&#8221;, dijo Trudeau en una conferencia de prensa en British Columbia el martes. .<\/p>\n<p>\u201cNunca dejaremos de trabajar y luchar para asegurarnos de que las personas tengan lo que necesitan para superar estos tiempos dif\u00edciles. Mi atenci\u00f3n se centra en su \u00e9xito y ah\u00ed es donde permanecer\u00e1\u201d.<\/p>\n<p>Sin embargo, si Trudeau deber\u00eda quedarse es un asunto diferente dentro de su propio partido.<\/p>\n<p>La premier de B.C. Christy Clark le pidi\u00f3 que dimitiera en una entrevista con el Toronto Star tras la derrota electoral.<\/p>\n<p>Trudeau \u201cya no tiene la influencia que alguna vez tuvo entre los votantes, pero lo que es m\u00e1s importante, ni siquiera es capaz de motivar a algunas de las personas del pa\u00eds que tienen m\u00e1s probabilidades de votar por su partido\u201d, dijo Clark. &#8220;Ese es un mensaje dif\u00edcil para cualquier l\u00edder&#8221;.<\/p>\n<p>\u201cEn mi experiencia, si la gente no siente que el pa\u00eds va en la direcci\u00f3n correcta (y claramente Canad\u00e1 no va en la direcci\u00f3n correcta en este momento gracias a la mala gesti\u00f3n de Trudeau) culpar\u00e1n al l\u00edder y deber\u00edan hacerlo. Porque el l\u00edder marca la agenda. El l\u00edder es quien da direcci\u00f3n a su gabinete. El l\u00edder es quien fija las prioridades econ\u00f3micas o no las fija\u201d.<\/p>\n<p>Clark, quien fue premier de British Columbia de 2011 a 2017, agreg\u00f3 que quiere que \u201cvuelva el Partido Liberal por el que sol\u00eda votar\u201d.<\/p>\n<p>Catherine McKenna, a quien Trudeau nombr\u00f3 su primera ministra de Medio Ambiente y Cambio Clim\u00e1tico en 2015, fue a\u00fan m\u00e1s precisa.<\/p>\n<p>\u201cEl Partido Liberal no se trata de una sola persona. Se trata de los valores que defiende y de mejorar las vidas de los canadienses\u201d, dijo McKenna en un comunicado de prensa, seg\u00fan CBC.<\/p>\n<p>\u201cEl primer ministro tiene un legado del que estar orgulloso, pero es hora de nuevas ideas, nueva energ\u00eda y un nuevo l\u00edder. Hay mucho en juego en estas elecciones, especialmente en materia de econom\u00eda y clima\u201d.<\/p>\n<p>McKenna, quien fund\u00f3 la firma asesora Climate and Nature Solutions despu\u00e9s de dejar la pol\u00edtica en 2021, se dirigi\u00f3 a X el viernes y plante\u00f3 que \u201ca veces es necesario decir cosas inc\u00f3modas\u201d.<\/p>\n<p>\u201cEntiendo que algunos tal vez no est\u00e9n contentos. As\u00ed es la vida. Sin conexi\u00f3n para centrarse en la familia. \u00a1Feliz casi D\u00eda de Canad\u00e1! Somos afortunados de vivir en un gran pa\u00eds: un trabajo en progreso, \u00a1pero no elegir\u00edamos ning\u00fan otro lugar! ella a\u00f1adi\u00f3.<\/p>\n<p>McKenna fue la primera persona en el gabinete de Trudeau en pedir su renuncia.<\/p>\n<p>Mientras tanto, Jane Philpott tambi\u00e9n recurri\u00f3 a X para publicar un mensaje cr\u00edptico.<\/p>\n<p>\u201cLlega un momento en que los l\u00edderes sabios deciden hacerse a un lado con gracia y pasar el testigo\u201d, public\u00f3, sin nombrar espec\u00edficamente a Trudeau.<\/p>\n<p>Philpott fue nombrado Ministro de Salud por Trudeau en 2015 y posteriormente se desempe\u00f1\u00f3 como Ministro de Servicios Ind\u00edgenas, Presidente de la Junta del Tesoro y Ministro de Gobierno Digital.<\/p>\n<p>Otros dos ex ministros liberales, que sirvieron bajo el gobierno de Jean Chr\u00e9tien, tambi\u00e9n han pedido la dimisi\u00f3n de Trudeau.<\/p>\n<p>\u201cLlega un momento en el que tienes que saber cu\u00e1ndo conservarlos y cu\u00e1ndo retirarlos. Y mi sugerencia ser\u00eda: es hora de abandonarlos\u201d, dijo Wayne Easter al Globe and Mail el mi\u00e9rcoles.<\/p>\n<p>Easter, que fue diputado liberal de 2000 a 2021 y fiscal general del gobierno de Chr\u00e9tien, a\u00f1adi\u00f3 que el \u201cpunto focal negativo contra el gobierno de Canad\u00e1 en este momento, nos guste o no, es el Primer Ministro\u201d.<\/p>\n<p>John Manley, que ocup\u00f3 puestos clave en el gabinete, incluidos el de Ministro de Industria, Ministro de Asuntos Exteriores y Viceprimer Ministro desde principios de los a\u00f1os 1990 hasta principios de los a\u00f1os 2000, tambi\u00e9n dijo que era hora de que Trudeau se marchara.<\/p>\n<p>&#8220;Mi opini\u00f3n es que no puede ganar las pr\u00f3ximas elecciones&#8221;, dijo Manley al Globe and Mail. \u201cY creo que, para su beneficio y el del partido, deber\u00eda examinar detenidamente la posibilidad de traspasar el liderazgo lo antes posible, en lugar de dejarlo demasiado tarde\u201d.<\/p>\n<p>La l\u00edder liberal de Ontario, Bonnie Crombie, tambi\u00e9n intent\u00f3 distanciarse de Trudeau esta semana y le dijo a Global News que habla con el primer ministro \u201cmenos de una vez al a\u00f1o\u201d y que su posici\u00f3n ideol\u00f3gica \u201ces un poco diferente\u201d.<\/p>\n<p>&#8220;Soy mucho m\u00e1s centrista&#8221;, dijo Crombie.<\/p>\n<p>Trudeau, por su parte, se ha mantenido callado esta semana, aparte de sy conferencia de prensa en B.C. , donde no respondi\u00f3 preguntas.<\/p>\n","protected":false},"excerpt":{"rendered":"<p>&nbsp; &nbsp; Despu\u00e9s de una sorprendente derrota electoral, varios ex ministros liberales piden la dimisi\u00f3n de Justin Trudeau Varios exministros que sirvieron en el gobierno&hellip;<\/p>\n","protected":false},"author":99,"featured_media":518995,"comment_status":"open","ping_status":"open","sticky":false,"template":"","format":"standard","meta":{"footnotes":""},"categories":[21,11191],"tags":[],"class_list":["post-518994","post","type-post","status-publish","format-standard","has-post-thumbnail","hentry","category-canada","category-top-news"],"_links":{"self":[{"href":"https:\/\/diarioelpopular.com\/index.php\/wp-json\/wp\/v2\/posts\/518994","targetHints":{"allow":["GET"]}}],"collection":[{"href":"https:\/\/diarioelpopular.com\/index.php\/wp-json\/wp\/v2\/posts"}],"about":[{"href":"https:\/\/diarioelpopular.com\/index.php\/wp-json\/wp\/v2\/types\/post"}],"author":[{"embeddable":true,"href":"https:\/\/diarioelpopular.com\/index.php\/wp-json\/wp\/v2\/users\/99"}],"replies":[{"embeddable":true,"href":"https:\/\/diarioelpopular.com\/index.php\/wp-json\/wp\/v2\/comments?post=518994"}],"version-history":[{"count":1,"href":"https:\/\/diarioelpopular.com\/index.php\/wp-json\/wp\/v2\/posts\/518994\/revisions"}],"predecessor-version":[{"id":518996,"href":"https:\/\/diarioelpopular.com\/index.php\/wp-json\/wp\/v2\/posts\/518994\/revisions\/518996"}],"wp:featuredmedia":[{"embeddable":true,"href":"https:\/\/diarioelpopular.com\/index.php\/wp-json\/wp\/v2\/media\/518995"}],"wp:attachment":[{"href":"https:\/\/diarioelpopular.com\/index.php\/wp-json\/wp\/v2\/media?parent=518994"}],"wp:term":[{"taxonomy":"category","embeddable":true,"href":"https:\/\/diarioelpopular.com\/index.php\/wp-json\/wp\/v2\/categories?post=518994"},{"taxonomy":"post_tag","embeddable":true,"href":"https:\/\/diarioelpopular.com\/index.php\/wp-json\/wp\/v2\/tags?post=518994"}],"curies":[{"name":"wp","href":"https:\/\/api.w.org\/{rel}","templated":true}]}}